{"id":10226,"date":"2018-11-27T09:48:36","date_gmt":"2018-11-27T07:48:36","guid":{"rendered":"http:\/\/www.terveilm.ee\/leht\/?p=10226"},"modified":"2018-11-27T09:50:02","modified_gmt":"2018-11-27T07:50:02","slug":"maarja-kyla-2","status":"publish","type":"post","link":"https:\/\/www.terveilm.ee\/leht\/blogi\/maarja-kyla-2\/","title":{"rendered":"Koht, kus ei ole hoolealuseid, vaid elanikud"},"content":{"rendered":"<p><strong>Aastaid tagasi toimis enamik hoolekannet \u201ckombinaatidena\u201d, kus oli suur hulk rahvast ja v\u00e4he tegevusi. Tartu Maarja kooli \u00f5petajad ja lapsevnemad otsustasid, et ei taha enam vanal moel toimetada. Maarja K\u00fclas on p\u00f5imunud Eesti traditsioonid, eripedagoogika ja talupoja tarkus.<\/strong><\/p>\n<p>Ly Mikhem on Maarja K\u00fcla juhtinud 2003. aastast. \u201cT\u00f6\u00f6tasin 14 aastat eripedagoogina, siis aga v\u00f5tsin pausi ja l\u00e4ksin erasektorisse. Sain palju teada \u00e4riettev\u00f5tete toimimisest, kuid sain ka aru, et selles valdkonnas t\u00f6\u00f6tamine ei ole minu s\u00fcdamesoov. Kui 2003. aastal n\u00e4gin kuulutust, et otsitakse Maarja K\u00fclale juhti, v\u00f5tsin kohe \u00fchendust ja siin ma olen,\u201d muigab Ly, kui s\u00e4time end Maarja K\u00fcla hubases kohvikunurgas juttu ajama.<\/p>\n<h3><strong>P\u00e4ev nagu igal teisel inimesel<\/strong><\/h3>\n<p>Maarja K\u00fclas on erivajadustega inimestel tavalised elamistingimused ja nad peavad ise enda eest hoolt kandma. Peremajades elava 30 inimese elu on v\u00e4ga sarnane tavainimese p\u00e4evaga \u2013 \u00e4rkad, teed ise h\u00fcgieeniprotseduurid ja s\u00f6\u00f6gi ning l\u00e4hed majast v\u00e4lja, kooli v\u00f5i t\u00f6\u00f6le. Kodused t\u00f6\u00f6d on samuti \u00e4ra jagatud, nii et iga p\u00e4ev j\u00e4\u00e4b \u00fcks inimene majapidamise toimetuste ja \u00f5uet\u00f6\u00f6dega tegelema.<\/p>\n<p>J\u00e4rjest rohkem on ka ettev\u00f5tteid, kes pakuvad allt\u00f6\u00f6v\u00f5ttu v\u00f5i kutsuvad appi. \u201cN\u00e4iteks Juhani Puukooli t\u00f6\u00f6tajad \u00fctlevad, et teie noored oskavad kinni pidada t\u00f6\u00f6ajast ja teavad, et t\u00f6\u00f6aeg on t\u00f6\u00f6 jaoks. See on igap\u00e4evase harjutamise tulemus,\u201d r\u00e4\u00e4gib Ly.<\/p>\n<div id=\"attachment_10228\" style=\"width: 660px\" class=\"wp-caption aligncenter\"><img loading=\"lazy\" decoding=\"async\" aria-describedby=\"caption-attachment-10228\" class=\"wp-image-10228\" src=\"http:\/\/www.terveilm.ee\/leht\/wp-content\/uploads\/2018\/11\/9nnen88p-1024x683.jpg\" alt=\"\" width=\"650\" height=\"433\" srcset=\"https:\/\/www.terveilm.ee\/leht\/wp-content\/uploads\/2018\/11\/9nnen88p-1024x683.jpg 1024w, https:\/\/www.terveilm.ee\/leht\/wp-content\/uploads\/2018\/11\/9nnen88p-300x200.jpg 300w, https:\/\/www.terveilm.ee\/leht\/wp-content\/uploads\/2018\/11\/9nnen88p-768x512.jpg 768w\" sizes=\"auto, (max-width: 650px) 100vw, 650px\" \/><p id=\"caption-attachment-10228\" class=\"wp-caption-text\">Maarja K\u00fcla poest saab osta n\u00e4iteks k\u00e4sit\u00f6\u00f6na valmistatud \u00f5nnen\u00f6\u00f6pe<\/p><\/div>\n<p>\u00d5htul tullakse taas kodudesse, puhatakse ja leitakse m\u00f5ni tore vaba aja tegevus, on see siis metsas jalutamine, ujumine, stiilipidu, kunstiring, muusika v\u00f5i tants. Intervjuu p\u00e4eval on Maarja K\u00fcla \u00f5uel suur telk, kus elanikud harjutavad tsirkuseetenduseks. M\u00f6\u00f6dudes n\u00e4en r\u00f5\u00f5msaid n\u00e4gusid ja kuulen aplausi, kui klouniks riietatud esinejad \u00fcksteisele r\u00f5ngaid viskavad.<\/p>\n<p>Loomulikult ei k\u00e4i uue \u00f5ppimine nii m\u00e4ngleva kergusega, nagu see v\u00f5ib k\u00f5lada. Kuigi elukogemust on palju, j\u00e4\u00e4vad elanike vaimsed v\u00f5imed sageli v\u00e4ikelapse tasemele. Meie vestlusega liitunud tegevusjuhendaja Tiina kirjeldab, kuidas 13 aastat tagasi k\u00fclasse elama tulnud t\u00fcdrukuga laua katmist \u00f5piti \u2013 pikalt tuli \u00f6elda iga asja kohta, kuhu see panna. \u201cN\u00fc\u00fcd tuleb ainult \u00f6elda, et hakkame lauda katma ja k\u00f5ik saab valmis ilma igasuguse abita, \u201d on Tiina r\u00f5\u00f5mus.<\/p>\n<p><strong>\u00a0<\/strong><strong>Eriline \u00f5ppekava <\/strong><\/p>\n<p>Maarja K\u00fcla teeb eriliseks koost\u00f6\u00f6 R\u00e4pina aianduskooliga, mis on kestnud juba \u00fcle k\u00fcmne aasta. \u201cMeie elanikud on p\u00f5hikooli l\u00f5petanud ja oleme arengu usku, et inimesel peaks olema ka elukutse. Aiandus on meie igap\u00e4evaelu osa &#8211; meil on p\u00f5ld, peenrad, kasvuhooned ja kuna selle eest pidi hoolt kandma, siis tundus loogiline \u00fchendust v\u00f5tta R\u00e4pine Aianduskooliga. R\u00e4pina v\u00f5ttis v\u00e4ga usaldavalt meie esimese \u00f5pper\u00fchma vastu ja sellest kasvas v\u00e4lja \u00f5ppeprogramm,\u201d meenutab Ly.<\/p>\n<p>Aiandus ei ole oluline ainult \u00f5ppimise jaoks \u2013 kui astume kasvuhoonesse, k\u00e4ib seal vilgas t\u00f6\u00f6, et veel augusti l\u00f5pus \u00f5itsevaid tomateid k\u00e4rpida. Kogu hoone on viljadest lookas ja ise kasvatatud saak l\u00e4heb elanike toidulauale.<\/p>\n<h3><strong>Andekad kunstnikud<\/strong><\/h3>\n<p>Maarja K\u00fcla t\u00f6\u00f6tubades ringi k\u00e4ies on seinad kunstiteostega kaetud. K\u00f5igepealt p\u00f5ikame sisse vaibat\u00f6\u00f6kotta, kus valmivad v\u00e4rvilised kaltsuvaibad. Puut\u00f6\u00f6kotta astudes tervitab meid parasjagu puut\u00f6\u00f6d tegev elanik Kristjan, kes n\u00e4itab enda \u017ear\u017ee Eesti dirigentidest. Pildid, mida mulle \u00fckshaaval n\u00e4idatakse, on t\u00f5esti head, sel kunstnikul on k\u00e4tt ja silma.<\/p>\n<p><img loading=\"lazy\" decoding=\"async\" class=\"aligncenter wp-image-10229\" src=\"http:\/\/www.terveilm.ee\/leht\/wp-content\/uploads\/2018\/11\/Kuno-Areng-733x1024.jpg\" alt=\"\" width=\"407\" height=\"569\" srcset=\"https:\/\/www.terveilm.ee\/leht\/wp-content\/uploads\/2018\/11\/Kuno-Areng-733x1024.jpg 733w, https:\/\/www.terveilm.ee\/leht\/wp-content\/uploads\/2018\/11\/Kuno-Areng-215x300.jpg 215w, https:\/\/www.terveilm.ee\/leht\/wp-content\/uploads\/2018\/11\/Kuno-Areng-768x1073.jpg 768w, https:\/\/www.terveilm.ee\/leht\/wp-content\/uploads\/2018\/11\/Kuno-Areng.jpg 1000w\" sizes=\"auto, (max-width: 407px) 100vw, 407px\" \/><\/p>\n<p>Savikoja ukse taga on ratastool &#8211; mitmel elanikul on nii vaimne kui f\u00fc\u00fcsiline erivajadus. See ei takista aga t\u00f6\u00f6 tegemist. Parasjagu ollakse ametis voolimisega, seinu katvatel riiulitel on lai v\u00e4ljapanek k\u00e4sit\u00f6\u00f6st alates n\u00f6\u00f6pidest ja loomakestest kuni patjade, sauna istumisaluste ja savist lilledeni. Maarja K\u00fclal on pood Tartu L\u00f5unakeskuses, kus nad pakuvad toodete m\u00fc\u00fcmise v\u00f5imalust ka teistele erivajadustega inimeste organisatsioonidele.<\/p>\n<p>K\u00e4sit\u00f6\u00f6 toimub v\u00e4\u00e4rtustava taaskasutuse p\u00f5him\u00f5ttel ja j\u00e4rgi ei j\u00e4\u00e4 midagi. N\u00e4iteks punutakse saia- ja leivakotid ise vannitoavaipadeks, tekstiilij\u00e4\u00e4gid saadakse Uuskasutuskeskusest. Savikoja nurgas on \u00e4mber savit\u00f6\u00f6 j\u00e4\u00e4kidega, mis kogutakse kokku, et seda uuesti kasutada.<\/p>\n<h3><strong>Kogukond aitab<\/strong><\/h3>\n<p>Praktilise poole pealt ei saa \u00fcle ja \u00fcmber rahast &#8211; kuidas leida rahastust majade ehituseks, t\u00f6\u00f6tubade ehituseks, v\u00e4ljas\u00f5itudeks, vaba aja veetmise v\u00f5imalusteks. \u201cMinu k\u00e4est on palju k\u00fcsitud, kas eestlaste heategevus on kasvanud. Jah, iga aastaga on j\u00e4rjest rohkem inimesi, kes leiavad endale sobiva valdkonna ja toetavad seda. Alates esimeste majade ehitamisest on suur osa vahenditest korjatud Lions ja Rotary klubide kaudu, kes k\u00e4ivad meil k\u00fclas, teavad olukorda ja on osa meie kogukonnast,\u201d selgitab Ly.<\/p>\n<p>Kogukond on v\u00e4ga oluline ka siis, kui uued elanikud k\u00fclla saabuvad. Sageli on erivajadustega laps harjunud olema eriline, keda peres igal moel aidatakse, siin k\u00fclas on aga k\u00f5ik iseseisvad. Sisseelamisperiood on pikk ja alguses v\u00f5ib elanikule tuska teha tunne, et teised oskavad k\u00f5ike teha, mina ei oska midagi, teistel on juba s\u00f5brad ja mina olen \u00fcksi. Ly on m\u00e4rganud seadusp\u00e4ra: \u201cMida pikemaks j\u00e4\u00e4b periood kooli ja iseseisvasse ellu astumise vahele, seda keerulisem on harjuda eluga kollektiivis, lahti lasta nii perel kui t\u00e4sikasvanud lapsel.\u201d<\/p>\n<p>Lahkuma s\u00e4ttides k\u00fcsin viimase k\u00fcsimuse \u2013 kui kerge on personalil hoida vaimset tervist? Ly noogutab: \u201cM\u00e4rgata, millal vajan puhkust, supervsisiooni, on v\u00e4ga keeruline. Eestlastel on Tammsaare poolt kirja pandult komme, et nutan kirstu juures \u00e4ra ja t\u00f6\u00f6tan edasi. Tegelikult peab teistega r\u00e4\u00e4kima ja koos tuleb lahendus.\u201d<\/p>\n<h3>Miks on nende tegevus oluline?<\/h3>\n<p><img loading=\"lazy\" decoding=\"async\" class=\"alignleft wp-image-10227 size-thumbnail\" src=\"http:\/\/www.terveilm.ee\/leht\/wp-content\/uploads\/2018\/11\/10-ebav8rdsus-150x150.jpg\" alt=\"\" width=\"150\" height=\"150\" srcset=\"https:\/\/www.terveilm.ee\/leht\/wp-content\/uploads\/2018\/11\/10-ebav8rdsus-150x150.jpg 150w, https:\/\/www.terveilm.ee\/leht\/wp-content\/uploads\/2018\/11\/10-ebav8rdsus-300x300.jpg 300w, https:\/\/www.terveilm.ee\/leht\/wp-content\/uploads\/2018\/11\/10-ebav8rdsus-500x500.jpg 500w, https:\/\/www.terveilm.ee\/leht\/wp-content\/uploads\/2018\/11\/10-ebav8rdsus.jpg 756w\" sizes=\"auto, (max-width: 150px) 100vw, 150px\" \/><\/p>\n<p>Kuigi tundub, et maailmas heaolu aina kasvab, siis selle k\u00f5rval kasvab ka ebav\u00f5rdsus ja seda palju kiiremas tempos. 2017. aastal omasid 8 meest sama palju vara kui kogu vaesem pool maailma elanikkonnast. See l\u00f5he aina kasvab, nii inimeste vahel kui riikide vahel.<\/p>\n<p>Ebav\u00f5rdsus v\u00f5ib v\u00e4ljenduda ka viisis, kuidas inimestesse suhtutakse &#8211; olgu need siis erivajadustega inimesed v\u00f5i v\u00e4ikeste lastega \u00fcksikvanemad.<\/p>\n<p>Kestliku arengu m\u00f5iste v\u00f5ib tuttavalt k\u00f5lada, kuid selle sisu j\u00e4\u00e4b tihti segaseks. L\u00fchidalt \u00f6eldes on tegu tasakaalu leidmisega planeedi piiratud ressursside ja inimestele heaolu loomise vahel. Eesm\u00e4rke on kokku 17, kirjutasime \u00fche loo iga eesm\u00e4rgi kohta.<\/p>\n<p>Pikemalt eesm\u00e4rgi 10 kohta &#8211; <a href=\"http:\/\/www.terveilm.ee\/leht\/teabekeskuse-teemad\/kestliku-arengu-eesmargid\/ebavordsus\/\" target=\"_blank\" rel=\"noopener\">ebav\u00f5rdsuse v\u00e4hendamine<\/a>.<\/p>\n<p>&nbsp;<\/p>\n<p><em>Lugude kirjutamist toetas P\u00f5hjamaa Ministrite N\u00f5ukogu, kuid selles loos esitatu ei pruugi esindada nende ametlikke seisukohti.\u00a0<\/em><\/p>\n","protected":false},"excerpt":{"rendered":"<p>Aastaid tagasi toimis enamik hoolekannet \u201ckombinaatidena\u201d, kus oli suur hulk rahvast ja v\u00e4he tegevusi. Tartu Maarja kooli \u00f5petajad ja lapsevnemad&#8230;<\/p>\n","protected":false},"author":32,"featured_media":10230,"comment_status":"open","ping_status":"open","sticky":false,"template":"","format":"standard","meta":{"_acf_changed":false,"footnotes":""},"categories":[3],"tags":[46,23],"class_list":["post-10226","post","type-post","status-publish","format-standard","has-post-thumbnail","hentry","category-blogi","tag-balticsdgs","tag-inimoigused"],"acf":[],"_links":{"self":[{"href":"https:\/\/www.terveilm.ee\/leht\/wp-json\/wp\/v2\/posts\/10226","targetHints":{"allow":["GET"]}}],"collection":[{"href":"https:\/\/www.terveilm.ee\/leht\/wp-json\/wp\/v2\/posts"}],"about":[{"href":"https:\/\/www.terveilm.ee\/leht\/wp-json\/wp\/v2\/types\/post"}],"author":[{"embeddable":true,"href":"https:\/\/www.terveilm.ee\/leht\/wp-json\/wp\/v2\/users\/32"}],"replies":[{"embeddable":true,"href":"https:\/\/www.terveilm.ee\/leht\/wp-json\/wp\/v2\/comments?post=10226"}],"version-history":[{"count":2,"href":"https:\/\/www.terveilm.ee\/leht\/wp-json\/wp\/v2\/posts\/10226\/revisions"}],"predecessor-version":[{"id":10232,"href":"https:\/\/www.terveilm.ee\/leht\/wp-json\/wp\/v2\/posts\/10226\/revisions\/10232"}],"wp:featuredmedia":[{"embeddable":true,"href":"https:\/\/www.terveilm.ee\/leht\/wp-json\/wp\/v2\/media\/10230"}],"wp:attachment":[{"href":"https:\/\/www.terveilm.ee\/leht\/wp-json\/wp\/v2\/media?parent=10226"}],"wp:term":[{"taxonomy":"category","embeddable":true,"href":"https:\/\/www.terveilm.ee\/leht\/wp-json\/wp\/v2\/categories?post=10226"},{"taxonomy":"post_tag","embeddable":true,"href":"https:\/\/www.terveilm.ee\/leht\/wp-json\/wp\/v2\/tags?post=10226"}],"curies":[{"name":"wp","href":"https:\/\/api.w.org\/{rel}","templated":true}]}}