{"id":10475,"date":"2019-01-24T11:17:05","date_gmt":"2019-01-24T09:17:05","guid":{"rendered":"http:\/\/www.terveilm.ee\/leht\/?p=10475"},"modified":"2019-01-24T11:17:05","modified_gmt":"2019-01-24T09:17:05","slug":"tana-on-rahvusvaheline-hariduse-paev","status":"publish","type":"post","link":"https:\/\/www.terveilm.ee\/leht\/blogi\/tana-on-rahvusvaheline-hariduse-paev\/","title":{"rendered":"T\u00e4na on rahvusvaheline hariduse p\u00e4ev"},"content":{"rendered":"<p><strong>T\u00e4na, 24. jaanuaril t\u00e4histab maailm \u00fcleilmset hariduse p\u00e4eva. Sel p\u00e4eval soovime r\u00f5hutada, et nii \u00fcleilmseid kui kohalikke probleeme saavad lahendada vaid haritud, aktiivsed ja hoolivad kodanikud.<\/strong><\/p>\n<p>Olukorras, kus globaalsete probleemide ulatus on r\u00e4ngem kui kunagi varem ja nende m\u00f5ju n\u00e4eme juba l\u00e4hiaastatel, on haridus \u00fcks olulisemaid teemasid, mis aitab taasluua kestlikku maailma.<\/p>\n<p>AK\u00dc maailmahariduse ekspert Agne Kuimeti s\u00f5nul vajavad nii Eesti kui maailm elu edendamiseks v\u00f5imalikult h\u00e4sti haritud elanikke. \u201cHaritus ei t\u00e4henda vaid koolis k\u00e4idud aastaid, vaid kodaniku- ja maailmaharidust mudilase-east vanadusp\u00f5lveni.\u201d<\/p>\n<p>Sageli kasutatakse kodaniku- ja maailmaharidust s\u00fcnon\u00fc\u00fcmidena, ometi on nende sisu v\u00e4ga erinev. Kodanikuharidus toetab oskuste, teadmiste ja v\u00e4\u00e4rtushinnangute kaudu vastutustundlikku \u00fchiskonnaelus osalemist. See inimene oskab oma elu juhtida, \u00fchiskonnaelu m\u00f5jutada ja otsustes kaasa r\u00e4\u00e4kida &#8211; ta toimib demokraatliku \u00fchiskonna liikmena.<\/p>\n<p>Agne Kuimeti s\u00f5nul on aga maailmahariduse eesm\u00e4rk m\u00f5testada maailma kui tervikut ning m\u00f5ista enda rolli laiemas pildis. \u201cKuidas olen mina v\u00f5i on minu riik osaline \u201cliblikaefektis\u201d? \u00a0Kuidas \u00fclemaailmsed probleemid m\u00f5jutavad \u00fcksikisiku, kogukonna ja \u00fchiskonna igap\u00e4evaelu? Kui inimesel on arusaamine maailmast kui tervikust, oskab ta teadlikult ja kestlikult tegutseda.\u201d<\/p>\n<p>Maailmaharidus on peamine t\u00f6\u00f6riist nii globaalsete kui kohalike v\u00e4ljakutsete m\u00f5istmiseks ja lahendamiseks, mis annab inimestele teadmised ja oskused enda valikute kaudu maailma paremaks luua.<\/p>\n<p>See, kuidas me Eestis k\u00e4itume, mida tarbime, kuidas \u00f5petame oma lapsi, j\u00e4tab esmapilgul m\u00e4rkamatu, kuid tegelikkuses suure j\u00e4lje nii meie kui teiste riikide inimeste heaolule ja looduskeskkonnale.<\/p>\n<p>Lisainfo kodanikuhariduse kohta <a href=\"https:\/\/heakodanik.ee\/kodanikuharidus\/\" target=\"_blank\" rel=\"noopener\">Hea Kodaniku infoportaalis<\/a>.<\/p>\n<p>Uuring maailmahariduse kohta <a href=\"http:\/\/bit.ly\/2sGAfJZ\" target=\"_blank\" rel=\"noopener\">MT\u00dc Mondo Maailmakooli kodulehel.<\/a><\/p>\n<p>MT\u00dc Arengukoost\u00f6\u00f6 \u00dcmarlaud t\u00f6\u00f6tab kolme eesm\u00e4rgi nimel: puhas keskkond, mille saame enda lastele p\u00e4randada; \u00f5iglane \u00fchiskond, kus hinnatakse inimest ja majandus, millest v\u00f5idavad k\u00f5ik. Esindame 33 Eesti vaba\u00fchendust, kes tegutsevad nende eesm\u00e4rkide nimel kogu maailmas.<\/p>\n<p><em>Foto:\u00a0Agence Olloweb\u00a0<\/em><\/p>\n","protected":false},"excerpt":{"rendered":"<p>T\u00e4na, 24. jaanuaril t\u00e4histab maailm \u00fcleilmset hariduse p\u00e4eva. Sel p\u00e4eval soovime r\u00f5hutada, et nii \u00fcleilmseid kui kohalikke probleeme saavad lahendada&#8230;<\/p>\n","protected":false},"author":32,"featured_media":10476,"comment_status":"open","ping_status":"open","sticky":false,"template":"","format":"standard","meta":{"_acf_changed":false,"footnotes":""},"categories":[3],"tags":[22],"class_list":["post-10475","post","type-post","status-publish","format-standard","has-post-thumbnail","hentry","category-blogi","tag-haridus"],"acf":[],"_links":{"self":[{"href":"https:\/\/www.terveilm.ee\/leht\/wp-json\/wp\/v2\/posts\/10475","targetHints":{"allow":["GET"]}}],"collection":[{"href":"https:\/\/www.terveilm.ee\/leht\/wp-json\/wp\/v2\/posts"}],"about":[{"href":"https:\/\/www.terveilm.ee\/leht\/wp-json\/wp\/v2\/types\/post"}],"author":[{"embeddable":true,"href":"https:\/\/www.terveilm.ee\/leht\/wp-json\/wp\/v2\/users\/32"}],"replies":[{"embeddable":true,"href":"https:\/\/www.terveilm.ee\/leht\/wp-json\/wp\/v2\/comments?post=10475"}],"version-history":[{"count":1,"href":"https:\/\/www.terveilm.ee\/leht\/wp-json\/wp\/v2\/posts\/10475\/revisions"}],"predecessor-version":[{"id":10485,"href":"https:\/\/www.terveilm.ee\/leht\/wp-json\/wp\/v2\/posts\/10475\/revisions\/10485"}],"wp:featuredmedia":[{"embeddable":true,"href":"https:\/\/www.terveilm.ee\/leht\/wp-json\/wp\/v2\/media\/10476"}],"wp:attachment":[{"href":"https:\/\/www.terveilm.ee\/leht\/wp-json\/wp\/v2\/media?parent=10475"}],"wp:term":[{"taxonomy":"category","embeddable":true,"href":"https:\/\/www.terveilm.ee\/leht\/wp-json\/wp\/v2\/categories?post=10475"},{"taxonomy":"post_tag","embeddable":true,"href":"https:\/\/www.terveilm.ee\/leht\/wp-json\/wp\/v2\/tags?post=10475"}],"curies":[{"name":"wp","href":"https:\/\/api.w.org\/{rel}","templated":true}]}}