{"id":10540,"date":"2019-02-18T12:18:14","date_gmt":"2019-02-18T10:18:14","guid":{"rendered":"http:\/\/www.terveilm.ee\/leht\/?p=10540"},"modified":"2019-02-18T12:18:14","modified_gmt":"2019-02-18T10:18:14","slug":"mida-arvavad-erakonnad-arengukoostoost","status":"publish","type":"post","link":"https:\/\/www.terveilm.ee\/leht\/blogi\/mida-arvavad-erakonnad-arengukoostoost\/","title":{"rendered":"Mida arvavad erakonnad arengukoost\u00f6\u00f6st?"},"content":{"rendered":"<p><strong>Eesti on arengukoost\u00f6\u00f6ga tegelenud n\u00fc\u00fcdseks \u00fcle 20 aasta, mille jooksul oleme toetanud riigi- ja inimarengut nii Euroopa naabruskonnas kui ka kaugemal Aasias ja Aafrikas. Eesti on andnud lubaduse j\u00f5uda 2030. aastaks arenguabi tasemeni 0.33% RKT-st. K\u00fcsisime erakondadelt, kas ja kuidas me selleni j\u00f5uame. <\/strong><\/p>\n<p>K\u00fcsimusele \u201ekas me \u00fcldse selleni j\u00f5uame\u201c, vastas ainukese erakonnana, et j\u00f5uame kindlasti ja v\u00f5ib-olla ka varem \u2013 Isamaa. Nii Eesti 200, Elurikkuse erakond kui Sotsiaaldemokraadid \u00fctlesid, et eesm\u00e4rgini v\u00f5iks j\u00f5uda j\u00e4rgmise \u00fcheteistk\u00fcmne aastaga. Arengurahastusest olulisemana toodi v\u00e4lja arengukoost\u00f6\u00f6 m\u00f5ju ja sihip\u00e4rasus, mida r\u00f5hutasid Eesti 200, Elurikkus, Isamaa ja Rohelised. Keskerakonna arvates v\u00f5iks Eesti arenguabi keskenduda tulevikus aina enam kestliku arengu eesm\u00e4rkideni j\u00f5udmisele.<\/p>\n<p><strong>Kuidas eesm\u00e4rgini j\u00f5utakse? <\/strong><\/p>\n<p>Erasektori suuremat kaasamist toetavad Eesti 200, Elurikkus, Isamaa ja Rohelised (k\u00fcll eri meetoditel). Eesti 200 pakkus v\u00e4lja arenguabi agentuuri loomise, et v\u00e4hendada ministeeriumi halduskoormust ja toetada Eesti ettev\u00f5tete osalust arengukoost\u00f6\u00f6s. Lisaks erasektori kaasamisele toetasid Eesti 200 ja Elurikkus ka vabakonna suuremat kaasamist arengukoost\u00f6\u00f6s. Sotsiaaldemokraadid t\u00f5id v\u00e4lja, et vaja on suuremat poliitilist tahet ja j\u00e4rjepidevat teadlikkuse t\u00f5stmist, et arengukoost\u00f6\u00f6 on ka Eesti julgeoleku huvides ning avab ettev\u00f5tetele uusi turge.<\/p>\n<p><strong>Milliste teemadega Eesti arengukoost\u00f6\u00f6 peaks tegelema? <\/strong><\/p>\n<p>Erakondade s\u00f5nul peaks Eesti arengukoost\u00f6\u00f6 tegelema j\u00e4rgmiste teemadega:<\/p>\n<ul>\n<li>Digitaalsus arengukoost\u00f6\u00f6s \u2013 Eesti 200, Elurikkuse Erakond, Isamaa, Rohelised, Sotsiaaldemokraadid.<\/li>\n<li>Haridus \u2013 Eesti 200, Elurikkus, Isamaa, Sotsiaaldemokraadid.<\/li>\n<li>Tervishoid \u2013 Elurikkus, Isamaa, Keskerakond, Sotsiaaldemokraadid.<\/li>\n<li>Ettev\u00f5tluse edendamine \u2013 Eesti 200, Elurikkus, Keskerakond.<\/li>\n<li>Kliimamuutuste vastane v\u00f5itlus \u2013 Elurikkus, Rohelised ja Sotsiaaldemokraadid.<\/li>\n<\/ul>\n<p>Reformierakond, EKRE ja Vabaerakond ei pidanud vaatamata korduvatele meeldetuletustele neid teemasid piisavalt olulisteks, et k\u00fcsimustele vastata.<\/p>\n<p>&nbsp;<\/p>\n<p><a href=\"http:\/\/www.terveilm.ee\/leht\/wp-content\/uploads\/2019\/02\/AK\u00dc_lyhendatud_logo_RGB-e1550484331346.png\"><img loading=\"lazy\" decoding=\"async\" class=\"alignleft size-thumbnail wp-image-10547\" src=\"http:\/\/www.terveilm.ee\/leht\/wp-content\/uploads\/2019\/02\/AK\u00dc_lyhendatud_logo_RGB-150x150.png\" alt=\"\" width=\"150\" height=\"150\" \/><\/a>Arengukoost\u00f6\u00f6 \u00dcmarlaud (AK\u00dc) esitas k\u00f5igile Riigikogu valimistel osalevatele erakondadele kestliku arenguga seotud k\u00fcsimused. <span style=\"font-weight: 400;\">K\u00fcsimused olid vabade vastustega ja anal\u00fc\u00fcsi huvides ei proovinud me erakondi seada pingeritta. AK\u00dc huvi on esile tuua trende &#8211; n\u00e4idata, kuidas suhtutakse \u00fche v\u00f5i teise eesm\u00e4rgini j\u00f5udmisesse ning milline on poliitiline tahe nende teemadega tegeleda.\u00a0<\/span><\/p>\n<p><span style=\"font-weight: 400;\">K\u00fcsisime k\u00fcsimusi viiel teemal: kestlik areng, arengukoost\u00f6\u00f6, Eesti jalaj\u00e4lg, kliimamuutused ning demokraatia ja vabakond. Kogu anal\u00fc\u00fcsi saab <a href=\"http:\/\/www.terveilm.ee\/leht\/wp-content\/uploads\/2019\/02\/Mida-arvavad-erakonnad-kestliku-arengu-teemasest.pdf\" target=\"_blank\" rel=\"noopener\">alla laadida siit (PDF)<\/a>.<\/span><\/p>\n<p><em>Foto: Markus Vihma, India. Varem pidi gaasi tooma linnast, mis asub k\u00fclast p\u00e4evateekonna kaugusel. N\u00fc\u00fcd k\u00fcpseb toit aeglaselt p\u00e4ikesepliidil ja kokk saab teistega juttu ajada.<\/em><\/p>\n<p>&nbsp;<\/p>\n","protected":false},"excerpt":{"rendered":"<p>Eesti on arengukoost\u00f6\u00f6ga tegelenud n\u00fc\u00fcdseks \u00fcle 20 aasta, mille jooksul oleme toetanud riigi- ja inimarengut nii Euroopa naabruskonnas kui ka&#8230;<\/p>\n","protected":false},"author":32,"featured_media":10542,"comment_status":"open","ping_status":"open","sticky":false,"template":"","format":"standard","meta":{"_acf_changed":false,"footnotes":""},"categories":[3],"tags":[35],"class_list":["post-10540","post","type-post","status-publish","format-standard","has-post-thumbnail","hentry","category-blogi","tag-arengukoostoo"],"acf":[],"_links":{"self":[{"href":"https:\/\/www.terveilm.ee\/leht\/wp-json\/wp\/v2\/posts\/10540","targetHints":{"allow":["GET"]}}],"collection":[{"href":"https:\/\/www.terveilm.ee\/leht\/wp-json\/wp\/v2\/posts"}],"about":[{"href":"https:\/\/www.terveilm.ee\/leht\/wp-json\/wp\/v2\/types\/post"}],"author":[{"embeddable":true,"href":"https:\/\/www.terveilm.ee\/leht\/wp-json\/wp\/v2\/users\/32"}],"replies":[{"embeddable":true,"href":"https:\/\/www.terveilm.ee\/leht\/wp-json\/wp\/v2\/comments?post=10540"}],"version-history":[{"count":2,"href":"https:\/\/www.terveilm.ee\/leht\/wp-json\/wp\/v2\/posts\/10540\/revisions"}],"predecessor-version":[{"id":10551,"href":"https:\/\/www.terveilm.ee\/leht\/wp-json\/wp\/v2\/posts\/10540\/revisions\/10551"}],"wp:featuredmedia":[{"embeddable":true,"href":"https:\/\/www.terveilm.ee\/leht\/wp-json\/wp\/v2\/media\/10542"}],"wp:attachment":[{"href":"https:\/\/www.terveilm.ee\/leht\/wp-json\/wp\/v2\/media?parent=10540"}],"wp:term":[{"taxonomy":"category","embeddable":true,"href":"https:\/\/www.terveilm.ee\/leht\/wp-json\/wp\/v2\/categories?post=10540"},{"taxonomy":"post_tag","embeddable":true,"href":"https:\/\/www.terveilm.ee\/leht\/wp-json\/wp\/v2\/tags?post=10540"}],"curies":[{"name":"wp","href":"https:\/\/api.w.org\/{rel}","templated":true}]}}