{"id":10553,"date":"2019-02-18T12:25:38","date_gmt":"2019-02-18T10:25:38","guid":{"rendered":"http:\/\/www.terveilm.ee\/leht\/?p=10553"},"modified":"2019-02-18T12:25:38","modified_gmt":"2019-02-18T10:25:38","slug":"mida-arvavad-erakonnad-kliimamuutustest","status":"publish","type":"post","link":"https:\/\/www.terveilm.ee\/leht\/blogi\/mida-arvavad-erakonnad-kliimamuutustest\/","title":{"rendered":"Mida arvavad erakonnad kliimamuutustest?"},"content":{"rendered":"<p><strong>Kliimamuutuste vastane v\u00f5itlus vajab aina rohkem globaalset t\u00e4helepanu. Hiljuti avaldati rahvusvahelise kliimapaneeli (IPCC) raport, mille s\u00f5nul on vajalik peatada temperatuuri t\u00f5us juba 1,5 kraadi juures. Selle valguses peab ka Eesti ambitsioonikamaid samme ette v\u00f5tma, hetkel on Eesti Euroopa Liidu keskmisega v\u00f5rreldes kolm korda suurem saastaja.<\/strong><\/p>\n<p><strong>Kliimamuutuste vastaseks v\u00f5itluseks peaks Eesti astuma erakondade hinnangul j\u00e4rgmised sammud: <\/strong><\/p>\n<ul>\n<li>Teadusrahastus \u2013 nii Eesti 200 kui Elurikkuse Erakond arvasid, et teaduse rahastamine on \u00fcks v\u00f5tmek\u00fcsimus kestlikumate lahenduste loomiseks kliimamuutuste vastases v\u00f5itluses.<\/li>\n<\/ul>\n<ul>\n<li>P\u00f5levkivi v\u00e4\u00e4rindamine \u2013 Eesti 200 ja Isamaa t\u00f5id v\u00e4lja kohaliku p\u00f5levkiviresurssi suuremat v\u00e4\u00e4rindamist, mis v\u00f5iks olla keskkonda s\u00e4\u00e4stvam.<\/li>\n<\/ul>\n<ul>\n<li>\u00dcleminek taastuvenergiale \u2013 vajadust mainisid nii Eesti 200, Isamaa, Keskerakond kui Sotsiaaldemokraadid. Eesti 200 s\u00f5nul on vaja koostada pikemaajaline tegevusplaan p\u00f5levkivi energeetikalt taastuvenergiale \u00fcleminekuks. Isamaa hinnangul tuleb asendada saastav energiatootmine kohaliku taastuvenergiga, aga l\u00e4htudes praegustest kliima alusdokumentidest.<\/li>\n<\/ul>\n<ul>\n<li>P\u00f5levkivis\u00f5ltuvuse l\u00f5petamine \u2013 Elurikkuse erakonna arvates tuleb kiirelt sellest lahkuda. Ka Rohelised t\u00f5id v\u00e4lja, et ekspertide s\u00f5nul on see v\u00f5imalik juba aastaks 2030, aga puudu on poliitilisest tahtest.<\/li>\n<\/ul>\n<ul>\n<li>Metsanduspoliitika \u2013 Keskerakond t\u00f5i v\u00e4lja taasmetsastamise vajaduse, et puitu v\u00e4\u00e4rindada ning v\u00e4hendada metsade \u00fcleraiet. Roheliste s\u00f5nul on metsanduspoliitikas tarvis \u00fcle minna p\u00fcsimetsamajandusele ja teadusmahukale puiduv\u00e4\u00e4rindamisele.<\/li>\n<\/ul>\n<ul>\n<li>Reformierakond, EKRE ja Vabaerakond ei pidanud vaatamata korduvatele meeldetuletustele neid teemasid piisavalt olulisteks, et k\u00fcsimustele vastata.<\/li>\n<\/ul>\n<p>Samuti soovitame vaadata, mida \u00fctlesid erakonnad kliimamuutuste kohta Eesti Keskkonna\u00fchenduste Koja koostatud <a href=\"http:\/\/www.eko.org.ee\/valimised-2019\/kliimamuutus-ja-energeetika\" target=\"_blank\" rel=\"noopener\">k\u00fcsitluses<\/a>.<\/p>\n<p>&nbsp;<\/p>\n<p><a href=\"http:\/\/www.terveilm.ee\/leht\/wp-content\/uploads\/2019\/02\/AK\u00dc_lyhendatud_logo_RGB-e1550484331346.png\"><img loading=\"lazy\" decoding=\"async\" class=\"alignleft size-thumbnail wp-image-10547\" src=\"http:\/\/www.terveilm.ee\/leht\/wp-content\/uploads\/2019\/02\/AK\u00dc_lyhendatud_logo_RGB-150x150.png\" alt=\"\" width=\"150\" height=\"150\" \/><\/a>Arengukoost\u00f6\u00f6 \u00dcmarlaud (AK\u00dc) esitas k\u00f5igile Riigikogu valimistel osalevatele erakondadele kestliku arenguga seotud k\u00fcsimused. <span style=\"font-weight: 400;\">K\u00fcsimused olid vabade vastustega ja anal\u00fc\u00fcsi huvides ei proovinud me erakondi seada pingeritta. AK\u00dc huvi on esile tuua trende &#8211; n\u00e4idata, kuidas suhtutakse \u00fche v\u00f5i teise eesm\u00e4rgini j\u00f5udmisesse ning milline on poliitiline tahe nende teemadega tegeleda.\u00a0<\/span><\/p>\n<p><span style=\"font-weight: 400;\">K\u00fcsisime k\u00fcsimusi viiel teemal: kestlik areng, arengukoost\u00f6\u00f6, Eesti jalaj\u00e4lg, kliimamuutused ning demokraatia ja vabakond. Kogu anal\u00fc\u00fcsi saab <a href=\"http:\/\/www.terveilm.ee\/leht\/wp-content\/uploads\/2019\/02\/Mida-arvavad-erakonnad-kestliku-arengu-teemasest.pdf\" target=\"_blank\" rel=\"noopener\">alla laadida siit (PDF)<\/a>.<\/span><\/p>\n<p>&nbsp;<\/p>\n<p><em>Foto:\u00a0<a href=\"https:\/\/unsplash.com\/photos\/qnxr5pQbggY?utm_source=unsplash&amp;utm_medium=referral&amp;utm_content=creditCopyText\">The Climate Reality Project<\/a><\/em><\/p>\n","protected":false},"excerpt":{"rendered":"<p>Kliimamuutuste vastane v\u00f5itlus vajab aina rohkem globaalset t\u00e4helepanu. Hiljuti avaldati rahvusvahelise kliimapaneeli (IPCC) raport, mille s\u00f5nul on vajalik peatada temperatuuri&#8230;<\/p>\n","protected":false},"author":32,"featured_media":10554,"comment_status":"open","ping_status":"open","sticky":false,"template":"","format":"standard","meta":{"_acf_changed":false,"footnotes":""},"categories":[3],"tags":[25],"class_list":["post-10553","post","type-post","status-publish","format-standard","has-post-thumbnail","hentry","category-blogi","tag-kliimamuutused"],"acf":[],"_links":{"self":[{"href":"https:\/\/www.terveilm.ee\/leht\/wp-json\/wp\/v2\/posts\/10553","targetHints":{"allow":["GET"]}}],"collection":[{"href":"https:\/\/www.terveilm.ee\/leht\/wp-json\/wp\/v2\/posts"}],"about":[{"href":"https:\/\/www.terveilm.ee\/leht\/wp-json\/wp\/v2\/types\/post"}],"author":[{"embeddable":true,"href":"https:\/\/www.terveilm.ee\/leht\/wp-json\/wp\/v2\/users\/32"}],"replies":[{"embeddable":true,"href":"https:\/\/www.terveilm.ee\/leht\/wp-json\/wp\/v2\/comments?post=10553"}],"version-history":[{"count":1,"href":"https:\/\/www.terveilm.ee\/leht\/wp-json\/wp\/v2\/posts\/10553\/revisions"}],"predecessor-version":[{"id":10555,"href":"https:\/\/www.terveilm.ee\/leht\/wp-json\/wp\/v2\/posts\/10553\/revisions\/10555"}],"wp:featuredmedia":[{"embeddable":true,"href":"https:\/\/www.terveilm.ee\/leht\/wp-json\/wp\/v2\/media\/10554"}],"wp:attachment":[{"href":"https:\/\/www.terveilm.ee\/leht\/wp-json\/wp\/v2\/media?parent=10553"}],"wp:term":[{"taxonomy":"category","embeddable":true,"href":"https:\/\/www.terveilm.ee\/leht\/wp-json\/wp\/v2\/categories?post=10553"},{"taxonomy":"post_tag","embeddable":true,"href":"https:\/\/www.terveilm.ee\/leht\/wp-json\/wp\/v2\/tags?post=10553"}],"curies":[{"name":"wp","href":"https:\/\/api.w.org\/{rel}","templated":true}]}}