{"id":10556,"date":"2019-02-18T12:36:29","date_gmt":"2019-02-18T10:36:29","guid":{"rendered":"http:\/\/www.terveilm.ee\/leht\/?p=10556"},"modified":"2019-02-18T12:36:29","modified_gmt":"2019-02-18T10:36:29","slug":"mida-arvavad-erakonnad-demokraatiast-ja-vabakonnast","status":"publish","type":"post","link":"https:\/\/www.terveilm.ee\/leht\/blogi\/mida-arvavad-erakonnad-demokraatiast-ja-vabakonnast\/","title":{"rendered":"Mida arvavad erakonnad demokraatiast ja vabakonnast?"},"content":{"rendered":"<p><strong>Juhtisime erakondade t\u00e4helepanu kahetsusv\u00e4\u00e4rsele olukorrale, kus mitmes Euroopa riigis on kodaniku\u00fchiskond saanud tagasil\u00f6\u00f6ke nii kaasamise kui rahastamise osas.\u00a0K\u00fcsisime, kuidas Eestis sellist olukorda v\u00e4ltida ja edaspidi v\u00f5imaldada k\u00f5igil osapooltel end puudutavatel teemadel kaasa r\u00e4\u00e4kida?<\/strong><\/p>\n<ul>\n<li>Eesti 200, Isamaa, Roheliste ja Sotsiaaldemokraatide arvates aitaks kodaniku\u00fchiskonna rahastamist ja kaasamist parandada suurem kaasamine.<\/li>\n<\/ul>\n<ul>\n<li>Elurikkuse ja Keskerakonna arvates on hea viis kaasamis- ja algatusplatvormide kasutamine ning arendamine.<\/li>\n<\/ul>\n<ul>\n<li>Rohelised pakkusid v\u00e4lja kaasava eelarve kasutamist praeguste katuserahade s\u00fcsteemi asemel ning anda inimestele v\u00f5imalus otsustada 2% ulatuses enda tulumaksu \u00fcle ja suunata see n\u00e4iteks enda valitud MT\u00dc-le.<\/li>\n<\/ul>\n<ul>\n<li>Sotsiaaldemokraatide arvates peab kodaniku\u00fchiskonda v\u00f5imestama kodanikuhariduse ja rahastamise kaudu, sest hetkel on t\u00f6\u00f6stuse huvigruppide ja erasektori lobbyt\u00f6\u00f6 oluliselt tugem kui v\u00e4ikeste keskkonna\u00fchenduste v\u00f5i kogukonnaseltside v\u00f5imekus.<\/li>\n<\/ul>\n<ul>\n<li>Reformierakond, EKRE ja Vabaerakond ei pidanud vaatamata korduvatele meeldetuletustele neid teemasid piisavalt olulisteks, et k\u00fcsimustele vastata.<\/li>\n<\/ul>\n<p>&nbsp;<\/p>\n<p><a href=\"http:\/\/www.terveilm.ee\/leht\/wp-content\/uploads\/2019\/02\/AK\u00dc_lyhendatud_logo_RGB-e1550484331346.png\"><img loading=\"lazy\" decoding=\"async\" class=\"alignleft size-thumbnail wp-image-10547\" src=\"http:\/\/www.terveilm.ee\/leht\/wp-content\/uploads\/2019\/02\/AK\u00dc_lyhendatud_logo_RGB-150x150.png\" alt=\"\" width=\"150\" height=\"150\" \/><\/a>Arengukoost\u00f6\u00f6 \u00dcmarlaud (AK\u00dc) esitas k\u00f5igile Riigikogu valimistel osalevatele erakondadele kestliku arenguga seotud k\u00fcsimused. <span style=\"font-weight: 400;\">K\u00fcsimused olid vabade vastustega ja anal\u00fc\u00fcsi huvides ei proovinud me erakondi seada pingeritta. AK\u00dc huvi on esile tuua trende &#8211; n\u00e4idata, kuidas suhtutakse \u00fche v\u00f5i teise eesm\u00e4rgini j\u00f5udmisesse ning milline on poliitiline tahe nende teemadega tegeleda.\u00a0<\/span><\/p>\n<p><span style=\"font-weight: 400;\">K\u00fcsisime k\u00fcsimusi viiel teemal: kestlik areng, arengukoost\u00f6\u00f6, Eesti jalaj\u00e4lg, kliimamuutused ning demokraatia ja vabakond. Kogu anal\u00fc\u00fcsi saab <a href=\"http:\/\/www.terveilm.ee\/leht\/wp-content\/uploads\/2019\/02\/Mida-arvavad-erakonnad-kestliku-arengu-teemasest.pdf\" target=\"_blank\" rel=\"noopener\">alla laadida siit (PDF)<\/a>.<\/span><\/p>\n<p>&nbsp;<\/p>\n<p><em>Foto: AK\u00dc, Arvamusfestival<\/em><\/p>\n","protected":false},"excerpt":{"rendered":"<p>Juhtisime erakondade t\u00e4helepanu kahetsusv\u00e4\u00e4rsele olukorrale, kus mitmes Euroopa riigis on kodaniku\u00fchiskond saanud tagasil\u00f6\u00f6ke nii kaasamise kui rahastamise osas.\u00a0K\u00fcsisime, kuidas Eestis&#8230;<\/p>\n","protected":false},"author":32,"featured_media":10557,"comment_status":"open","ping_status":"open","sticky":false,"template":"","format":"standard","meta":{"_acf_changed":false,"footnotes":""},"categories":[3],"tags":[23,40],"class_list":["post-10556","post","type-post","status-publish","format-standard","has-post-thumbnail","hentry","category-blogi","tag-inimoigused","tag-sdg"],"acf":[],"_links":{"self":[{"href":"https:\/\/www.terveilm.ee\/leht\/wp-json\/wp\/v2\/posts\/10556","targetHints":{"allow":["GET"]}}],"collection":[{"href":"https:\/\/www.terveilm.ee\/leht\/wp-json\/wp\/v2\/posts"}],"about":[{"href":"https:\/\/www.terveilm.ee\/leht\/wp-json\/wp\/v2\/types\/post"}],"author":[{"embeddable":true,"href":"https:\/\/www.terveilm.ee\/leht\/wp-json\/wp\/v2\/users\/32"}],"replies":[{"embeddable":true,"href":"https:\/\/www.terveilm.ee\/leht\/wp-json\/wp\/v2\/comments?post=10556"}],"version-history":[{"count":1,"href":"https:\/\/www.terveilm.ee\/leht\/wp-json\/wp\/v2\/posts\/10556\/revisions"}],"predecessor-version":[{"id":10558,"href":"https:\/\/www.terveilm.ee\/leht\/wp-json\/wp\/v2\/posts\/10556\/revisions\/10558"}],"wp:featuredmedia":[{"embeddable":true,"href":"https:\/\/www.terveilm.ee\/leht\/wp-json\/wp\/v2\/media\/10557"}],"wp:attachment":[{"href":"https:\/\/www.terveilm.ee\/leht\/wp-json\/wp\/v2\/media?parent=10556"}],"wp:term":[{"taxonomy":"category","embeddable":true,"href":"https:\/\/www.terveilm.ee\/leht\/wp-json\/wp\/v2\/categories?post=10556"},{"taxonomy":"post_tag","embeddable":true,"href":"https:\/\/www.terveilm.ee\/leht\/wp-json\/wp\/v2\/tags?post=10556"}],"curies":[{"name":"wp","href":"https:\/\/api.w.org\/{rel}","templated":true}]}}