{"id":10605,"date":"2019-08-18T09:16:09","date_gmt":"2019-08-18T06:16:09","guid":{"rendered":"http:\/\/www.terveilm.ee\/leht\/?p=10605"},"modified":"2019-08-20T15:05:46","modified_gmt":"2019-08-20T12:05:46","slug":"koolitused-kuidas-ennast-kuuldavaks-teha","status":"publish","type":"post","link":"https:\/\/www.terveilm.ee\/leht\/blogi\/koolitused-kuidas-ennast-kuuldavaks-teha\/","title":{"rendered":"Koolitused &#8220;Kuidas ennast kuuldavaks teha?&#8221; sel s\u00fcgisel"},"content":{"rendered":"<p><strong>Inspireerituna meie eelmise aasta tuurist \u201cV\u00e4ikesed kogukonnad suurte sees\u201d oleme taas Eestis tuuril! Sedapuhku ei piirdu me vaid teadlikkuse t\u00f5stmisega, vaid teeme kogukondadele praktilist huvikaitse koolitust \u201cKuidas ennast kuuldavaks teha?\u201d<\/strong><\/p>\n<p>Koolitustele ootame kohalikke s\u00e4deinimesi, omavalitsuste t\u00f6\u00f6tajaid ja ettev\u00f5tjaid koolitusele, mille eesm\u00e4rk on anda konkreetsed oskused ja t\u00f6\u00f6riistad, kuidas viia enda s\u00f5num otsustajateni.<\/p>\n<p>Kohalikud vaba\u00fchendused on erakordselt olulised &#8211; nad hoiavad koos kogukonda, v\u00e4hendavad ebav\u00f5rdsust, toetavad kultuuri ja hoiavad loodust. Sageli tuleb aga meeleheide peale, kui vaatamata pingutustele ei muutu olukord nii kiiresti kui sooviks, sest tundub, et riigisektori tegevused ei aita kaasa v\u00f5i veel hullem &#8211; t\u00f6\u00f6tavad eesm\u00e4rgile vastupidises suunas.<\/p>\n<p>Koolitusel anname vastused k\u00fcsimustele:<\/p>\n<p>&#x261d;&#xfe0f; Kas eraisik, vaba\u00fchendus v\u00f5i ettev\u00f5te saab m\u00f5jutada kohaliku omavalitsuse v\u00f5i lausa riigi tegevusi?<br \/>\n&#x261d;&#xfe0f; Kuidas muuta enda s\u00f5numid v\u00f5imalikult m\u00f5jusaks?<br \/>\n&#x261d;&#xfe0f; Millises j\u00e4rjekorras ja mida tegema hakata?<br \/>\n&#x261d;&#xfe0f; Kas meedia on liitlane v\u00f5i vaenlane? Mis on parimad viisid meediaga suhtlemiseks?<br \/>\n&#x261d;&#xfe0f; Mis olukorras aitavad kampaaniad, v\u00f5rgustikud, algatused?<br \/>\n&#x261d;&#xfe0f; Kust abi k\u00fcsida?<\/p>\n<p>Enne koolitusi kohtusime kohalike inimestega, kes jagasid m\u00f5tteid murekohtadest, mida saaks toel kogukonnas paremaks muuta.<\/p>\n<h3><strong>S\u00fcgisene koolituskava:<\/strong><\/h3>\n<p>11. september 2019 &#8211; <a href=\"https:\/\/www.facebook.com\/events\/389001708318647\/\">Kuressaare<\/a> koolitus<\/p>\n<p>18. september 2019 &#8211; <a href=\"https:\/\/www.facebook.com\/events\/327883724599035\/\">V\u00f5ru<\/a> koolitus<\/p>\n<p>&nbsp;<\/p>\n<p>&nbsp;<\/p>\n<p>Koolitusi aitab korraldada <a href=\"https:\/\/www.facebook.com\/KodanikuyhiskonnaSihtkapital\/\" target=\"_blank\" rel=\"noopener\">SA Kodaniku\u00fchiskonna Sihtkapital<\/a> ja Eesti Vabariigi V\u00e4lisministeerium Ait\u00e4h!<\/p>\n<p><a href=\"http:\/\/www.terveilm.ee\/leht\/wp-content\/uploads\/2019\/04\/kysk-logo-ee.jpg\"><img loading=\"lazy\" decoding=\"async\" class=\"aligncenter size-medium wp-image-10658\" src=\"http:\/\/www.terveilm.ee\/leht\/wp-content\/uploads\/2019\/04\/kysk-logo-ee-300x41.jpg\" alt=\"\" width=\"300\" height=\"41\" srcset=\"https:\/\/www.terveilm.ee\/leht\/wp-content\/uploads\/2019\/04\/kysk-logo-ee-300x41.jpg 300w, https:\/\/www.terveilm.ee\/leht\/wp-content\/uploads\/2019\/04\/kysk-logo-ee-768x105.jpg 768w, https:\/\/www.terveilm.ee\/leht\/wp-content\/uploads\/2019\/04\/kysk-logo-ee-1024x141.jpg 1024w\" sizes=\"auto, (max-width: 300px) 100vw, 300px\" \/><\/a>\u00a0<a href=\"http:\/\/www.terveilm.ee\/leht\/wp-content\/uploads\/2015\/09\/EAK-200x103px-arengukoostoo.png\"><img loading=\"lazy\" decoding=\"async\" class=\"aligncenter size-full wp-image-7540\" src=\"http:\/\/www.terveilm.ee\/leht\/wp-content\/uploads\/2015\/09\/EAK-200x103px-arengukoostoo.png\" alt=\"\" width=\"200\" height=\"103\" \/><\/a><\/p>\n<p><em>Foto:\u00a0<a href=\"https:\/\/unsplash.com\/photos\/DoA2duXyzRM?utm_source=unsplash&amp;utm_medium=referral&amp;utm_content=creditCopyText\">Clem Onojeghuo<\/a><\/em><\/p>\n<p>&nbsp;<\/p>\n","protected":false},"excerpt":{"rendered":"<p>Inspireerituna meie eelmise aasta tuurist \u201cV\u00e4ikesed kogukonnad suurte sees\u201d oleme taas Eestis tuuril! Sedapuhku ei piirdu me vaid teadlikkuse t\u00f5stmisega,&#8230;<\/p>\n","protected":false},"author":32,"featured_media":10606,"comment_status":"open","ping_status":"open","sticky":false,"template":"","format":"standard","meta":{"_acf_changed":false,"footnotes":""},"categories":[3],"tags":[29],"class_list":["post-10605","post","type-post","status-publish","format-standard","has-post-thumbnail","hentry","category-blogi","tag-sundmused"],"acf":[],"_links":{"self":[{"href":"https:\/\/www.terveilm.ee\/leht\/wp-json\/wp\/v2\/posts\/10605","targetHints":{"allow":["GET"]}}],"collection":[{"href":"https:\/\/www.terveilm.ee\/leht\/wp-json\/wp\/v2\/posts"}],"about":[{"href":"https:\/\/www.terveilm.ee\/leht\/wp-json\/wp\/v2\/types\/post"}],"author":[{"embeddable":true,"href":"https:\/\/www.terveilm.ee\/leht\/wp-json\/wp\/v2\/users\/32"}],"replies":[{"embeddable":true,"href":"https:\/\/www.terveilm.ee\/leht\/wp-json\/wp\/v2\/comments?post=10605"}],"version-history":[{"count":5,"href":"https:\/\/www.terveilm.ee\/leht\/wp-json\/wp\/v2\/posts\/10605\/revisions"}],"predecessor-version":[{"id":10975,"href":"https:\/\/www.terveilm.ee\/leht\/wp-json\/wp\/v2\/posts\/10605\/revisions\/10975"}],"wp:featuredmedia":[{"embeddable":true,"href":"https:\/\/www.terveilm.ee\/leht\/wp-json\/wp\/v2\/media\/10606"}],"wp:attachment":[{"href":"https:\/\/www.terveilm.ee\/leht\/wp-json\/wp\/v2\/media?parent=10605"}],"wp:term":[{"taxonomy":"category","embeddable":true,"href":"https:\/\/www.terveilm.ee\/leht\/wp-json\/wp\/v2\/categories?post=10605"},{"taxonomy":"post_tag","embeddable":true,"href":"https:\/\/www.terveilm.ee\/leht\/wp-json\/wp\/v2\/tags?post=10605"}],"curies":[{"name":"wp","href":"https:\/\/api.w.org\/{rel}","templated":true}]}}