{"id":10650,"date":"2019-04-25T13:53:48","date_gmt":"2019-04-25T10:53:48","guid":{"rendered":"http:\/\/www.terveilm.ee\/leht\/?p=10650"},"modified":"2019-04-25T16:46:07","modified_gmt":"2019-04-25T13:46:07","slug":"saastliku-eluviisi-tootuba-vertikaalaiandus-vaikeses-toas","status":"publish","type":"post","link":"https:\/\/www.terveilm.ee\/leht\/blogi\/saastliku-eluviisi-tootuba-vertikaalaiandus-vaikeses-toas\/","title":{"rendered":"S\u00e4\u00e4stliku eluviisi t\u00f6\u00f6tuba: vertikaalaiandus v\u00e4ikeses toas"},"content":{"rendered":"<p>Toimumisaeg ja -koht: <strong>29. aprill kell 17.15 Tartu Loodusmajas.<\/strong><\/p>\n<p>On ju m\u00f5nus n\u00e4pistada v\u00e4rskeid \u00fcrte \u00f5htus\u00f6\u00f6gile otse oma aknalaualt! Eriti hea, kui oled ise need kasvatanud &#8211; maitseb hoopis paremini!<\/p>\n<p>Vertikaalaianduse t\u00f6\u00f6toas jagame tubastes tingimustes taimede kasvatamise nippe, tutvustame vertikaalaeda sobilikke taimeliike ning anname n\u00f5u, kuidas tuleks aeda paigutada, et taimed piisavalt valgust saaksid. Lisaks arutleme, miks on hea endale ise toitu kasvatada, milline koht on selles s\u00fcsteemis permakultuuril ja millised on toidutarbimise globaalsed m\u00f5jud.<\/p>\n<p>Vertikaalaedade maailm on kirju &#8211; neid saab ehitada vastavalt tingimustele, vajadustele ning ideek\u00fcllusele peaaegu k\u00f5ikv\u00f5imalikel viisidel! T\u00f6\u00f6toa l\u00f5ppedes tead olulisi p\u00f5him\u00f5tteid, kuidas vertikaalaedu valmistada ning oled ka ise juba \u00fche vahva vertikaalaia omanik. Potihoidjasse sobivad erinevad taimed.<\/p>\n<p>T\u00f6\u00f6toa viib l\u00e4bi <a href=\"https:\/\/www.facebook.com\/MarianiPermakultuur\">Marian Nummert<\/a>, permakultuuri disainer ja koolitaja.<\/p>\n<p>T\u00f6\u00f6tuba toimub Loodusmaja teisel korrusel, k\u00f6\u00f6gi k\u00f5rval. Palume kaasa v\u00f5tta paksemad sokid v\u00f5i sussid, kuna v\u00e4lisjalatsid j\u00e4tame teise korruse ukse taha. P\u00f5randad ei ole otseselt k\u00fclmad, aga pelgavad kriipivaid saapaid.<\/p>\n<p>Registreerida saab end <a href=\"https:\/\/docs.google.com\/forms\/d\/e\/1FAIpQLSeYFleBdk7zD_1pRrQFDjOXhBNmWIv4CU_42hAf7fAgFDwHYw\/viewform?usp=sf_link\">siin<\/a>.<\/p>\n<p>\u00dcritust rahastab V\u00e4lisministeerium. Ait\u00e4h!<a href=\"http:\/\/www.terveilm.ee\/leht\/wp-content\/uploads\/2017\/04\/EAK-838x427-4x-vaiksem-arengukoostoo.png\"><br \/>\n<img loading=\"lazy\" decoding=\"async\" class=\"aligncenter size-full wp-image-7724\" src=\"http:\/\/www.terveilm.ee\/leht\/wp-content\/uploads\/2017\/04\/EAK-838x427-4x-vaiksem-arengukoostoo.png\" alt=\"\" width=\"210\" height=\"107\" \/><\/a><\/p>\n","protected":false},"excerpt":{"rendered":"<p>Toimumisaeg ja -koht: 29. aprill kell 17.15 Tartu Loodusmajas. On ju m\u00f5nus n\u00e4pistada v\u00e4rskeid \u00fcrte \u00f5htus\u00f6\u00f6gile otse oma aknalaualt! Eriti&#8230;<\/p>\n","protected":false},"author":32,"featured_media":9960,"comment_status":"open","ping_status":"open","sticky":false,"template":"","format":"standard","meta":{"_acf_changed":false,"footnotes":""},"categories":[3],"tags":[],"class_list":["post-10650","post","type-post","status-publish","format-standard","has-post-thumbnail","hentry","category-blogi"],"acf":[],"_links":{"self":[{"href":"https:\/\/www.terveilm.ee\/leht\/wp-json\/wp\/v2\/posts\/10650","targetHints":{"allow":["GET"]}}],"collection":[{"href":"https:\/\/www.terveilm.ee\/leht\/wp-json\/wp\/v2\/posts"}],"about":[{"href":"https:\/\/www.terveilm.ee\/leht\/wp-json\/wp\/v2\/types\/post"}],"author":[{"embeddable":true,"href":"https:\/\/www.terveilm.ee\/leht\/wp-json\/wp\/v2\/users\/32"}],"replies":[{"embeddable":true,"href":"https:\/\/www.terveilm.ee\/leht\/wp-json\/wp\/v2\/comments?post=10650"}],"version-history":[{"count":5,"href":"https:\/\/www.terveilm.ee\/leht\/wp-json\/wp\/v2\/posts\/10650\/revisions"}],"predecessor-version":[{"id":10656,"href":"https:\/\/www.terveilm.ee\/leht\/wp-json\/wp\/v2\/posts\/10650\/revisions\/10656"}],"wp:featuredmedia":[{"embeddable":true,"href":"https:\/\/www.terveilm.ee\/leht\/wp-json\/wp\/v2\/media\/9960"}],"wp:attachment":[{"href":"https:\/\/www.terveilm.ee\/leht\/wp-json\/wp\/v2\/media?parent=10650"}],"wp:term":[{"taxonomy":"category","embeddable":true,"href":"https:\/\/www.terveilm.ee\/leht\/wp-json\/wp\/v2\/categories?post=10650"},{"taxonomy":"post_tag","embeddable":true,"href":"https:\/\/www.terveilm.ee\/leht\/wp-json\/wp\/v2\/tags?post=10650"}],"curies":[{"name":"wp","href":"https:\/\/api.w.org\/{rel}","templated":true}]}}