{"id":10810,"date":"2019-06-05T14:46:23","date_gmt":"2019-06-05T11:46:23","guid":{"rendered":"http:\/\/www.terveilm.ee\/leht\/?p=10810"},"modified":"2019-06-05T14:52:27","modified_gmt":"2019-06-05T11:52:27","slug":"peame-valjuma-susinikumahukast-majandusest-inimkaotusteta","status":"publish","type":"post","link":"https:\/\/www.terveilm.ee\/leht\/blogi\/peame-valjuma-susinikumahukast-majandusest-inimkaotusteta\/","title":{"rendered":"Peame v\u00e4ljuma s\u00fcsinikumahukast majandusest inimkaotusteta"},"content":{"rendered":"<p><strong>T\u00e4na on rahvusvaheline keskkonnap\u00e4ev, mille eesm\u00e4rgiks on meie keskkonnas toimuvatele muutustele t\u00e4helepanu juhtimine. Kliimakriis ehk kliima soojenemine ja kasvuhooneefekti tugevnemine on seni p\u00f5hjustanud suuri probleeme arengumaadele, kus ollakse k\u00f5ige haavatavamad, ent t\u00e4naseks on m\u00f5ju ulatus laiem, puudutades otseselt ka heaolu\u00fchiskondi.<\/strong><\/p>\n<p>Ilmastikuolude muutumine &#8211; temperatuuri m\u00e4rgatav t\u00f5us, orkaanide, liivatormide, p\u00f5ua ja metsatulekahjude sagenemine on osa ka Euroopa igap\u00e4evaelust. Eestiski ei ole t\u00e4na ekstreemsemad olu tundmatud. Kuigi meile tundub, et oleme p\u00f5hjamaana mitmete looduskatastroofide eest kaitstud, oleme siiski osa maailma loodus- ja sotsiaalsest s\u00fcsteemist. N\u00e4iteks \u00e4hvardab teadlaste hinnangul tumedaima stsenaariumi korral kesk-Euroopat 50 aasta p\u00e4rast k\u00f5rbestumine, mis toob kaasa uut sorti Euroopa-sisese kliimapaguluse.<\/p>\n<p>Teadlased otsivad juba t\u00e4na praktilisi lahendusi, kuidas kliima soojenemist pidurdada v\u00f5i isegi tagasi p\u00f6\u00f6rata. Atmosf\u00e4\u00e4rist s\u00fcsinikdioksiidi kinnip\u00fc\u00fcdmine, p\u00e4ikesevalguse tagasipeegeldamine, CO2 \u00e4rakasutamine taimestiku v\u00f5i inimeste igap\u00e4evatoimingute abil &#8211; neid k\u00f5iki on lahendusteks pakutud. Siiski ei ole inimkond tegelenud probleemi juurp\u00f5hjusega &#8211; meie s\u00fcsinikumahuka majandusmudeli muutmisega.<\/p>\n<p>Arengukoost\u00f6\u00f6 \u00dcmarlaua tegevjuht Gea Kangilaski: \u201cMe peame otsima lahendusi, mis v\u00f5imaldavad s\u00fcsinikumahukast majandusest v\u00e4ljuda ilma inimkaotusteta. Inim\u00f5igused, sotsiaal- ja looduskaitse ning majanduslikud huvid tuleb \u00fchendada tervikpilti. Hoiatavaks n\u00e4iteks on Ida-Virumaa p\u00f5levkivit\u00f6\u00f6stuses toimuv, kus muutuste v\u00e4ltimise hirmus on lastud probleemidel t\u00e4naseks hoopis kasvada. Nii sealsed inimesed kui regioon tervikuna vajavad pikaajalisi lahendusi, kuidas p\u00f5levkivit\u00f6\u00f6stusest v\u00e4ljuda. Usun, et me k\u00f5ik koos ootame valitsuselt selles otsustavust.\u201d<\/p>\n<p>2015. aastal lepiti \u00dcROs globaalselt kokku kestliku arengu eesm\u00e4rgid (Sustainable Development Goals), mis sisaldavad ka kliimamuutuste pidurdamist inimkonna sotsiaalset ja majanduslikku heaolu kahjustamata. \u00dcRO liikmesriigid, ka Eesti, otsustasid \u00fchiselt poliitikate kujundamisel nendest eesm\u00e4rkidest l\u00e4htuda \u2013 oluline on, et k\u00f5ik, mida me teeme, ei teeks maakerale ega siin elavatele inimestele veel rohkem kahju.<\/p>\n","protected":false},"excerpt":{"rendered":"<p>T\u00e4na on rahvusvaheline keskkonnap\u00e4ev, mille eesm\u00e4rgiks on meie keskkonnas toimuvatele muutustele t\u00e4helepanu juhtimine. Kliimakriis ehk kliima soojenemine ja kasvuhooneefekti tugevnemine&#8230;<\/p>\n","protected":false},"author":32,"featured_media":10554,"comment_status":"open","ping_status":"open","sticky":false,"template":"","format":"standard","meta":{"_acf_changed":false,"footnotes":""},"categories":[3],"tags":[],"class_list":["post-10810","post","type-post","status-publish","format-standard","has-post-thumbnail","hentry","category-blogi"],"acf":[],"_links":{"self":[{"href":"https:\/\/www.terveilm.ee\/leht\/wp-json\/wp\/v2\/posts\/10810","targetHints":{"allow":["GET"]}}],"collection":[{"href":"https:\/\/www.terveilm.ee\/leht\/wp-json\/wp\/v2\/posts"}],"about":[{"href":"https:\/\/www.terveilm.ee\/leht\/wp-json\/wp\/v2\/types\/post"}],"author":[{"embeddable":true,"href":"https:\/\/www.terveilm.ee\/leht\/wp-json\/wp\/v2\/users\/32"}],"replies":[{"embeddable":true,"href":"https:\/\/www.terveilm.ee\/leht\/wp-json\/wp\/v2\/comments?post=10810"}],"version-history":[{"count":1,"href":"https:\/\/www.terveilm.ee\/leht\/wp-json\/wp\/v2\/posts\/10810\/revisions"}],"predecessor-version":[{"id":10811,"href":"https:\/\/www.terveilm.ee\/leht\/wp-json\/wp\/v2\/posts\/10810\/revisions\/10811"}],"wp:featuredmedia":[{"embeddable":true,"href":"https:\/\/www.terveilm.ee\/leht\/wp-json\/wp\/v2\/media\/10554"}],"wp:attachment":[{"href":"https:\/\/www.terveilm.ee\/leht\/wp-json\/wp\/v2\/media?parent=10810"}],"wp:term":[{"taxonomy":"category","embeddable":true,"href":"https:\/\/www.terveilm.ee\/leht\/wp-json\/wp\/v2\/categories?post=10810"},{"taxonomy":"post_tag","embeddable":true,"href":"https:\/\/www.terveilm.ee\/leht\/wp-json\/wp\/v2\/tags?post=10810"}],"curies":[{"name":"wp","href":"https:\/\/api.w.org\/{rel}","templated":true}]}}