{"id":11516,"date":"2020-03-11T13:07:05","date_gmt":"2020-03-11T11:07:05","guid":{"rendered":"https:\/\/www.terveilm.ee\/leht\/?p=11516"},"modified":"2020-03-12T00:45:50","modified_gmt":"2020-03-11T22:45:50","slug":"kiired-ajad-aku-kontoris","status":"publish","type":"post","link":"https:\/\/www.terveilm.ee\/leht\/blogi\/kiired-ajad-aku-kontoris\/","title":{"rendered":"Kiired ajad AK\u00dc kontoris"},"content":{"rendered":"\n<p>AK\u00dc-s on k\u00e4imas uuendused &#8211; muutunud on tegevtiim ja juhatus ning&nbsp; m\u00f5testamisel on AK\u00dc olemus ja tegevused arengukoost\u00f6\u00f6 katusorganisatsioonina. Plaanime m\u00e4rtsis-parillis viia l\u00e4bi <strong>strateegiaprotsessi<\/strong> j\u00e4rgmiseks viieks aastaks. L\u00e4bi hetkel k\u00e4imas oleva <a href=\"https:\/\/forms.gle\/VBi8VcSog9xsFVCd9\">liikmek\u00fcsitluse<\/a> saame teada, millist tuge peaks AK\u00dc j\u00e4rgneval tegutsemisperioodil pakkuma, et olla v\u00f5imalikult hea ja efektiivne katusorganisatsioon. Fookus on kolmes valdkonnas &#8211; huvikaitse, koolitused ja kommunikatsioon.<\/p>\n\n\n\n<figure class=\"wp-block-image size-large\"><img loading=\"lazy\" decoding=\"async\" width=\"979\" height=\"1024\" src=\"https:\/\/www.terveilm.ee\/leht\/wp-content\/uploads\/2020\/03\/Saale-kaubi-979x1024.jpg\" alt=\"\" class=\"wp-image-11498\" srcset=\"https:\/\/www.terveilm.ee\/leht\/wp-content\/uploads\/2020\/03\/Saale-kaubi-979x1024.jpg 979w, https:\/\/www.terveilm.ee\/leht\/wp-content\/uploads\/2020\/03\/Saale-kaubi-287x300.jpg 287w, https:\/\/www.terveilm.ee\/leht\/wp-content\/uploads\/2020\/03\/Saale-kaubi-768x803.jpg 768w, https:\/\/www.terveilm.ee\/leht\/wp-content\/uploads\/2020\/03\/Saale-kaubi-1469x1536.jpg 1469w, https:\/\/www.terveilm.ee\/leht\/wp-content\/uploads\/2020\/03\/Saale-kaubi-1958x2048.jpg 1958w\" sizes=\"auto, (max-width: 979px) 100vw, 979px\" \/><figcaption>AK\u00dc uus praktikant Saale Kaubi<\/figcaption><\/figure>\n\n\n\n<p>AK\u00dc-s on t\u00f6\u00f6d alustanud&nbsp;Bridge 47 \u00fcrituste ja kommunikatsiooni praktikant <strong>Saale Kaubi<\/strong>. Erialaselt on Saale \u00f5ppinud ettev\u00f5tlust ja projektijuhtimist ning t\u00e4iendanud end inimkonna arengu sotsioloogias v\u00e4lis\u00f5pingutel Rootsis. Hiljuti l\u00f5petatud \u00fclikooli l\u00f5put\u00f6\u00f6 sidus ta MT\u00dc Mondoga, keskendudes \u00f5iglasele kaubandusele. Saale on varasemalt \u00fclikooli k\u00f5rvalt t\u00f6\u00f6- ja praktikakogemusi omandanud peamiselt spordivaldkonna \u00fcrituskorralduses ja ettev\u00f5ttesisestes projektitegevustes. Saale tuli AK\u00dc-sse, sest n\u00e4eb ka enda erialast tulevikku ja edasisi magistri\u00f5pinguid eelk\u00f5ige globaalse arengu valdkonnas.&nbsp; <\/p>\n\n\n\n<p><br><strong>AK\u00dc suuremad tegevused viimasel kuul<\/strong><\/p>\n\n\n\n<p>4. m\u00e4rtsil toimus V\u00e4lisministeeriumi Aafrika strateegia arutelu, kus AK\u00dc\u00a0 jagas koos liikmetega oma m\u00f5tteid ja ideid seoses \u00fchtse riikliku Aafrika strateegia loomisega tulevastes prioriteetriikides. Arutelu toimus sektoritep\u00f5histes laudkondades: <strong>ministeeriumid, ettev\u00f5tjad ja vaba\u00fchendused.<\/strong> Vaba\u00fchenduste (AK\u00dc, Mondo, Teeme \u00c4ra, Damota jpt) s\u00f5num oli, et v\u00e4lja valitavad sihtriigid ja tegevuuunad peaksid olema sihtriigi vajaduste p\u00f5hised, s\u00fcsteem paindlik ja Eesti riigi v\u00f5i ettev\u00f5tete tegevus kestliku arengu printsiipe toetav v\u00f5i soodustav ja mitte takistav. Ei tohiks langetada mugavus- v\u00f5i v\u00f5i pelgalt meie riigile ja\/v\u00f5i ettev\u00f5tjatele kasu toovaid otsuseid. \u00d5ige pea valmib ka ministeeriumi-poolne arutelu kokkuv\u00f5te. \u00a0<\/p>\n\n\n\n<p>Arutelult j\u00e4i selgelt k\u00f5lama ettev\u00f5tjate seisukohad ja meelsus. Peame AK\u00dcs aga v\u00e4ga oluliseks, et<strong> Aafrika strateegia ei oleks kontinenti ekspluateeriv, vaid seda v\u00f5imestav. <\/strong>Kogu \u00e4ritegevus koost\u00f6\u00f6s Aafrika riikidega peab j\u00e4rgima kestliku arengu p\u00f5him\u00f5tteid. N\u00e4eme suurt potentsiaali erasektori ja MT\u00dc-de koost\u00f6\u00f6le Aafrika suunal. J\u00e4tkusuutliku strateegia loomiseks on oluline v\u00f5tta arvesse arengukoost\u00f6\u00f6 vajadusi ja p\u00f5him\u00f5tteid, mitte keskenduda vaid \u00e4ritegevuse v\u00f5imalustele. Eesti Aafrika strateegia valmib juba mais, samas Euroopa Liidu strateegia valmib oodatavalt alles aasta l\u00f5pus, kusjuures r\u00f5hku pannakse Euroopa Liidu ja Aafrika Liidu dialoogile ja kahepoolsetele kokkulepetele.\u00a0\u00a0\u00a0<br><\/p>\n\n\n\n<p>Agne osales taaskord <strong>V\u00e4lisministeeriumi arengukoost\u00f6\u00f6 hindamiskomisjoni<\/strong> istungil. Seekord tulid hindamisele stipendiumiprojektid, teavitusprojektid ja vabatahtlike l\u00e4hetamise projektid. Palju \u00f5nne k\u00f5igile rahastuse saanutele!<br><\/p>\n\n\n\n<p>Valmis kaua oodatud Eesti maailmaharidust kaardistav raport <strong>Global Education in Estonia<\/strong>. The European Global Education Peer Review Process National Report. Raporti juhtpartnerid olid Haridus- ja Teadusministeerium ning V\u00e4lisministeerum ning AK\u00dc kuulus raporti koostamise ekspertgruppi. Raport koosneb kaardistusest ja GENE-poolsetest soovitustes. Muu hulgas soovitatakse luua nii&nbsp; riiklik maailmahariduse sidusr\u00fchmi \u00fchendav platvorm Eestis, et tuua kokku t\u00e4ielik \u00fclevaade maailmahariduse kohta Eestis, ning poost\u00f6\u00f6s panna paika maailmahariduse visioon, et k\u00f5ikide osapooltega sinna \u00fchiselt liikuda. Raportiga saab tutvuda siin: <a href=\"https:\/\/gene.eu\/wp-content\/uploads\/Estonia-PR-report.pdf?fbclid=IwAR2ixzyktfEL58NMKsCunGkyRzSAhpcyUxCoAT2q7mH57RIDUu-I2tyGDPk\">https:\/\/gene.eu\/wp-content\/uploads\/Estonia-PR-report.pdf<\/a><br><\/p>\n\n\n\n<p><strong>\u00dcRO 75 rahvusvaheline konverents Tallinnas. <\/strong>Agne osales eksperdina Sillam\u00e4e Latekaitse \u00dchingu poolt korraldatud rahvusvahelise <a href=\"https:\/\/www.unsdg.ee\/\">konverentsil<\/a> \u201cUN 75 First preparation meeting in Tallinn\u201d, juhtides kestliku arengu ja hariduse teemalist paneeldiskussiooni. Konverentsi raames kohtus AK\u00dc ka \u00dcRO n\u00f5uniku Herman Quarles van Uffordiga, kellega arutati Agenda 2030 ja kestliku arengu eesm\u00e4rkidega seotud probleeme ja \u00f5nnestumisi. Fotosid konverentsist leiab siit:  <a href=\"https:\/\/www.unsdg.ee\/gallery\/\">https:\/\/www.unsdg.ee\/gallery\/<\/a> <\/p>\n\n\n\n<p><\/p>\n\n\n\n<p><strong>AK\u00dc CONCORDi huvikaitsestrateegia protsessides&nbsp;<\/strong><\/p>\n\n\n\n<p>Eelmisel n\u00e4dalal osales AK\u00dc huvikaitsespetsialist Susanna Veevo huvikaitsestrateegiakohtumisel Euroopa arengukoost\u00f6\u00f6d \u00fchendava katuseorganisatsiooni CONCORDi peakontoris Br\u00fcsselis. Koos teiste Euroopa partneritega t\u00f6\u00f6tati v\u00e4lja poliitikate sidususe strateegia, millele j\u00e4rgmise kolme aasta t\u00f6\u00f6 rajatakse. Osalejad kohtusid ka Euroopa Komisjoni esindajaga Marie-Aurelie Vernin, kes igap\u00e4evaselt arengukoost\u00f6\u00f6 poliitikate sidususega Komisjonis t\u00f6\u00f6tab.&nbsp;<br><\/p>\n","protected":false},"excerpt":{"rendered":"<p>AK\u00dc-s on k\u00e4imas uuendused &#8211; muutunud on tegevtiim ja juhatus ning&nbsp; m\u00f5testamisel on AK\u00dc olemus ja tegevused arengukoost\u00f6\u00f6 katusorganisatsioonina. Plaanime&#8230;<\/p>\n","protected":false},"author":26,"featured_media":11517,"comment_status":"open","ping_status":"open","sticky":false,"template":"","format":"standard","meta":{"_acf_changed":false,"footnotes":""},"categories":[3],"tags":[31],"class_list":["post-11516","post","type-post","status-publish","format-standard","has-post-thumbnail","hentry","category-blogi","tag-aku"],"acf":[],"_links":{"self":[{"href":"https:\/\/www.terveilm.ee\/leht\/wp-json\/wp\/v2\/posts\/11516","targetHints":{"allow":["GET"]}}],"collection":[{"href":"https:\/\/www.terveilm.ee\/leht\/wp-json\/wp\/v2\/posts"}],"about":[{"href":"https:\/\/www.terveilm.ee\/leht\/wp-json\/wp\/v2\/types\/post"}],"author":[{"embeddable":true,"href":"https:\/\/www.terveilm.ee\/leht\/wp-json\/wp\/v2\/users\/26"}],"replies":[{"embeddable":true,"href":"https:\/\/www.terveilm.ee\/leht\/wp-json\/wp\/v2\/comments?post=11516"}],"version-history":[{"count":3,"href":"https:\/\/www.terveilm.ee\/leht\/wp-json\/wp\/v2\/posts\/11516\/revisions"}],"predecessor-version":[{"id":11520,"href":"https:\/\/www.terveilm.ee\/leht\/wp-json\/wp\/v2\/posts\/11516\/revisions\/11520"}],"wp:featuredmedia":[{"embeddable":true,"href":"https:\/\/www.terveilm.ee\/leht\/wp-json\/wp\/v2\/media\/11517"}],"wp:attachment":[{"href":"https:\/\/www.terveilm.ee\/leht\/wp-json\/wp\/v2\/media?parent=11516"}],"wp:term":[{"taxonomy":"category","embeddable":true,"href":"https:\/\/www.terveilm.ee\/leht\/wp-json\/wp\/v2\/categories?post=11516"},{"taxonomy":"post_tag","embeddable":true,"href":"https:\/\/www.terveilm.ee\/leht\/wp-json\/wp\/v2\/tags?post=11516"}],"curies":[{"name":"wp","href":"https:\/\/api.w.org\/{rel}","templated":true}]}}