{"id":11557,"date":"2020-04-03T09:39:36","date_gmt":"2020-04-03T06:39:36","guid":{"rendered":"https:\/\/www.terveilm.ee\/leht\/?p=11557"},"modified":"2020-04-23T10:59:09","modified_gmt":"2020-04-23T07:59:09","slug":"marka-agedaid-asju","status":"publish","type":"post","link":"https:\/\/www.terveilm.ee\/leht\/blogi\/marka-agedaid-asju\/","title":{"rendered":"M\u00e4rka \u00e4gedaid asju!"},"content":{"rendered":"\n<p>Eriolukorra ajal on kaubanduskeskused kinni ning kindlasti on kodus olles paljudel peal suur tuhin sukelduda e-kaubanduse v\u00f5ludesse. Tegelikult on n\u00fc\u00fcd aega vaadata ja m\u00f5elda, mis asju meil kasutuses ja kappides tegelikult olemas on.&nbsp;<br><\/p>\n\n\n\n<p>Nende juba olemasolevate asjade v\u00e4\u00e4rtustamiseks on Arengukoost\u00f6\u00f6 \u00dcmarlaud alustanud kampaaniat #v\u00e4\u00e4rtvana, mille raames kutsutakse inimesi \u00fcle oma veel kasutatavat ja t\u00e4nase maailmaga \u00fchilduvat tarbeeset ka teistele tutvustama l\u00e4bi nende esemete loo.\u00a0<br><\/p>\n\n\n\n<p>Juba saadetud lugudega saab tutvuda siin: <a href=\"https:\/\/www.terveilm.ee\/vaartvana\/\">https:\/\/www.terveilm.ee\/vaartvana\/<\/a><\/p>\n\n\n\n<p>Idee autor, haridusps\u00fchholoog Grete Arro: \u201cPaljud keskkonnas\u00e4\u00e4stule suunatud lahendused on rohepesuh\u00f5ngulised &#8211; suunates vaikimisi tarbima midagi muud, midagi \u201c\u00f5ilsamat\u201d, \u00f5igemast materjalist, \u00f5igema p\u00e4ritoluga, aga ikkagi tarbima. See v\u00f5ib tekitada hea tunde, aga sellest ei pruugi olla keskkonnaeesm\u00e4rkide poole p\u00fc\u00fcdlemisel kasu. Kui m\u00f5elda kestliku arengu peale, siis j\u00e4\u00e4tmetega tegelemine on tagaj\u00e4rje, mitte p\u00f5hjusega tegelemine. Miks me ei pane oma korduvkasutatavaid veepudeleid joonele ja ei kiitle, kellel on vanem? Kes on sama asja kauem kasutanud? Sama asja l\u00f5putu kasutus oleks ju reaalne probleemi lahendamine. Ja kui ma \u00fctlen <em>vana, siis<\/em> mitte <em>see<\/em> vana, mida eksponeeritakse koduajakirjade piltide puhvetiservadel. Ei, mitte museaalid. Vaid see vana asi, mis on igap\u00e4evaselt kasutatav ja t\u00e4nase maailmaga \u00fchilduv. Just see vana asi, mis ei ole tingimata veel \u201c\u00e4ge\u201d, ajastute hingusest v\u00e4\u00e4rindatud.\u201d<br><\/p>\n\n\n\n<p>Esialgu sotsiaalmeedias leviv #v\u00e4\u00e4rtvana kampaaniaga n\u00e4idatakse, et igal asjal on oma lugu. Kas ka sinul on midagi vana ja v\u00e4\u00e4rtuslikku, mille lugu teistega jagada ja mida veel kasutad? Vanaisa kell v\u00f5i ikka veel s\u00f5itev esimene auto? Maa sisse kaevatud ja sugup\u00f5lvi hiljem leitud ehted v\u00f5i lausa juhtmega telefon? Vanast vin\u00fc\u00fclplaadist tehtud seinakell v\u00f5i kleidik\u00e4isest tehtud Sipsik? Selja-, k\u00e4e-, \u00fcle\u00f5la- v\u00f5i turukott, mis on su s\u00f5prade jaoks muutunud sinu kehaosaks? Igavene joogipudel v\u00f5i kohvitops, sinu eluraskuste kriimud k\u00fclgedel? Mitmeid kordi parandatud jalan\u00f5ud?<br><\/p>\n\n\n\n<p>Arengukoost\u00f6\u00f6 \u00dcmarlaua juhataja Agne Kuimet: \u201cPraegu kodus olles on meil lihtsam m\u00f5elda kestliku tarbimise peale, mis on pikas plaanis ka kindlasti soodsam nii igale indiviidile kui ka keskkonnale. Kestlik tarbimine ja tootmine taotleb \u201ev\u00e4hemaga rohkema tegemist\u201c ning miks mitte alustada poodlemist oma kapist, kuurist v\u00f5i garaa\u017eist, et leida, mida seal kasutada ning millest midagi rohkemat teha.\u201d<br><\/p>\n","protected":false},"excerpt":{"rendered":"<p>Eriolukorra ajal on kaubanduskeskused kinni ning kindlasti on kodus olles paljudel peal suur tuhin sukelduda e-kaubanduse v\u00f5ludesse. Tegelikult on n\u00fc\u00fcd&#8230;<\/p>\n","protected":false},"author":26,"featured_media":11558,"comment_status":"open","ping_status":"open","sticky":false,"template":"","format":"standard","meta":{"_acf_changed":false,"footnotes":""},"categories":[3,7],"tags":[31,24],"class_list":["post-11557","post","type-post","status-publish","format-standard","has-post-thumbnail","hentry","category-blogi","category-uudised","tag-aku","tag-tarbimine"],"acf":[],"_links":{"self":[{"href":"https:\/\/www.terveilm.ee\/leht\/wp-json\/wp\/v2\/posts\/11557","targetHints":{"allow":["GET"]}}],"collection":[{"href":"https:\/\/www.terveilm.ee\/leht\/wp-json\/wp\/v2\/posts"}],"about":[{"href":"https:\/\/www.terveilm.ee\/leht\/wp-json\/wp\/v2\/types\/post"}],"author":[{"embeddable":true,"href":"https:\/\/www.terveilm.ee\/leht\/wp-json\/wp\/v2\/users\/26"}],"replies":[{"embeddable":true,"href":"https:\/\/www.terveilm.ee\/leht\/wp-json\/wp\/v2\/comments?post=11557"}],"version-history":[{"count":5,"href":"https:\/\/www.terveilm.ee\/leht\/wp-json\/wp\/v2\/posts\/11557\/revisions"}],"predecessor-version":[{"id":11633,"href":"https:\/\/www.terveilm.ee\/leht\/wp-json\/wp\/v2\/posts\/11557\/revisions\/11633"}],"wp:featuredmedia":[{"embeddable":true,"href":"https:\/\/www.terveilm.ee\/leht\/wp-json\/wp\/v2\/media\/11558"}],"wp:attachment":[{"href":"https:\/\/www.terveilm.ee\/leht\/wp-json\/wp\/v2\/media?parent=11557"}],"wp:term":[{"taxonomy":"category","embeddable":true,"href":"https:\/\/www.terveilm.ee\/leht\/wp-json\/wp\/v2\/categories?post=11557"},{"taxonomy":"post_tag","embeddable":true,"href":"https:\/\/www.terveilm.ee\/leht\/wp-json\/wp\/v2\/tags?post=11557"}],"curies":[{"name":"wp","href":"https:\/\/api.w.org\/{rel}","templated":true}]}}