{"id":11566,"date":"2020-04-07T10:49:58","date_gmt":"2020-04-07T07:49:58","guid":{"rendered":"https:\/\/www.terveilm.ee\/leht\/?p=11566"},"modified":"2020-04-07T10:49:59","modified_gmt":"2020-04-07T07:49:59","slug":"mis-on-oiglase-kaubanduse-sobra-margis-ja-miks-voiks-seda-taotleda-%ef%bb%bf","status":"publish","type":"post","link":"https:\/\/www.terveilm.ee\/leht\/blogi\/mis-on-oiglase-kaubanduse-sobra-margis-ja-miks-voiks-seda-taotleda-%ef%bb%bf\/","title":{"rendered":"Mis on \u00f5iglase kaubanduse s\u00f5bra m\u00e4rgis ja miks v\u00f5iks seda taotleda? \ufeff"},"content":{"rendered":"\n<p><em>Kristina M\u00e4nd,<\/em><\/p>\n\n\n\n<p><em>MT\u00dc Mondo vastutustundliku tarbimise eestvedaja<\/em><\/p>\n\n\n\n<p><strong>Kui r\u00e4\u00e4gime \u00f5iglasest kaubandusest, peame silmas litsentsitud ja erim\u00e4rgisega tooteid, mille puhul on kindlaks tehtud, kuidas kaubad on toodetud ja transporditud; et tootja on saanud \u00f5iglast hinda, on kinni peetud keskkonnan\u00f5uetest, kohalikule kogukonnale on makstud lisatasu ega ole kasutatud lapst\u00f6\u00f6j\u00f5udu ega orjat\u00f6\u00f6j\u00f5udu.<\/strong>&nbsp;<br><\/p>\n\n\n\n<p>Praegu on Eestis neli tootjat, kellel on \u00f5igus osadele toodetele lisada Fairtrade m\u00e4rgis. Need on Chocolala ja Loodusv\u00e4gi \u0161okolaadid, Friends Textile sokid ja Estonian Coffee Roastery kohvi.<br><\/p>\n\n\n\n<p>MT\u00dc Mondo on otsustanud, et tahame Eestis peale tootjate tunnustada selliseid organisatsioone ja ettev\u00f5tteid, kes aktiivselt kasutavad v\u00f5i m\u00fc\u00fcvad \u00f5iglase kaubanduse tooteid. Kui sa teed midagi, mis on \u00f5ige, siis v\u00f5iks seda teistega jagada ning saada selle eest tunnustust. T\u00e4pselt samamoodi kiidame h\u00e4id kodanikke ja tublisid annetajaid.<br><\/p>\n\n\n\n<p>\u00d5iglase kaubanduse s\u00f5bra m\u00e4rgist oleme v\u00e4lja andnud 2014. aastast. M\u00e4rgise l\u00f5ime soomlaste eeskujul, neil on n\u00e4iteks ka \u00f5iglase kaubanduse koolide ja linnade liikumine. Eestist on omakorda eeskuju v\u00f5tnud l\u00e4tlased ja leedulased, kes annavad n\u00fc\u00fcd v\u00e4lja meiega sarnast m\u00e4rgist.&nbsp;<br><\/p>\n\n\n\n<p>Kui viis aastat tagasi keskendusime p\u00f5hiliselt poodidele, kes m\u00fc\u00fcvad \u00f5iglase kaubanduse tooteid ning ettev\u00f5tetele ja organisatsioonidele, kes neid aktiivselt kasutavad, siis hiljem hakkasid lisanduma v\u00e4iksemad ettev\u00f5tmised. Tore on see, et hiljuti on m\u00e4rgist taotlenud ka koolid ja s\u00f6\u00f6gikohad.<br><\/p>\n\n\n\n<p>Aastate jooksul oleme m\u00e4rgise andnud \u00fcle 60 ettev\u00f5ttele ja asutusele. P\u00e4ris palju taotlusi oleme tagasi l\u00fckanud. Kui poel on sortimendis n\u00e4iteks ainult \u00fcks \u00f5iglasest kaubandusest p\u00e4rit toode, siis me julgustame teda j\u00e4tkama, aga ainult sellest m\u00e4rgise saamiseks ei piisa. Tunnustame neid, kes vastavad meie kriteeriumitele, need on esitatud kodulehel <a href=\"http:\/\/www.fairtrade.ee\/sober\" target=\"_blank\" rel=\"noreferrer noopener\">www.fairtrade.ee\/sober<\/a>.<br><\/p>\n\n\n\n<p>T\u00e4navu saab m\u00e4rgist taotleda 5. maini. Selleks mine kodulehele, vaata \u00fcle, mida \u00f5iglase kaubanduse s\u00f5bra m\u00e4rgis t\u00e4hendab, otsi oma asutusele sobiv kategooria (kool, maaletooja jne) ja esita taotlus.&nbsp;<br><\/p>\n\n\n\n<p>\u00d5iglase kaubanduse s\u00f5pru tunnustame rahvusvahelisel \u00f5iglase kaubanduse p\u00e4eval 9. mail.&nbsp;<\/p>\n","protected":false},"excerpt":{"rendered":"<p>Kristina M\u00e4nd, MT\u00dc Mondo vastutustundliku tarbimise eestvedaja Kui r\u00e4\u00e4gime \u00f5iglasest kaubandusest, peame silmas litsentsitud ja erim\u00e4rgisega tooteid, mille puhul on&#8230;<\/p>\n","protected":false},"author":26,"featured_media":11567,"comment_status":"open","ping_status":"open","sticky":false,"template":"","format":"standard","meta":{"_acf_changed":false,"footnotes":""},"categories":[3,7],"tags":[26,24,21],"class_list":["post-11566","post","type-post","status-publish","format-standard","has-post-thumbnail","hentry","category-blogi","category-uudised","tag-loodushoid","tag-tarbimine","tag-toit-ja-vesi"],"acf":[],"_links":{"self":[{"href":"https:\/\/www.terveilm.ee\/leht\/wp-json\/wp\/v2\/posts\/11566","targetHints":{"allow":["GET"]}}],"collection":[{"href":"https:\/\/www.terveilm.ee\/leht\/wp-json\/wp\/v2\/posts"}],"about":[{"href":"https:\/\/www.terveilm.ee\/leht\/wp-json\/wp\/v2\/types\/post"}],"author":[{"embeddable":true,"href":"https:\/\/www.terveilm.ee\/leht\/wp-json\/wp\/v2\/users\/26"}],"replies":[{"embeddable":true,"href":"https:\/\/www.terveilm.ee\/leht\/wp-json\/wp\/v2\/comments?post=11566"}],"version-history":[{"count":1,"href":"https:\/\/www.terveilm.ee\/leht\/wp-json\/wp\/v2\/posts\/11566\/revisions"}],"predecessor-version":[{"id":11568,"href":"https:\/\/www.terveilm.ee\/leht\/wp-json\/wp\/v2\/posts\/11566\/revisions\/11568"}],"wp:featuredmedia":[{"embeddable":true,"href":"https:\/\/www.terveilm.ee\/leht\/wp-json\/wp\/v2\/media\/11567"}],"wp:attachment":[{"href":"https:\/\/www.terveilm.ee\/leht\/wp-json\/wp\/v2\/media?parent=11566"}],"wp:term":[{"taxonomy":"category","embeddable":true,"href":"https:\/\/www.terveilm.ee\/leht\/wp-json\/wp\/v2\/categories?post=11566"},{"taxonomy":"post_tag","embeddable":true,"href":"https:\/\/www.terveilm.ee\/leht\/wp-json\/wp\/v2\/tags?post=11566"}],"curies":[{"name":"wp","href":"https:\/\/api.w.org\/{rel}","templated":true}]}}