{"id":11670,"date":"2020-03-20T12:24:00","date_gmt":"2020-03-20T10:24:00","guid":{"rendered":"https:\/\/www.terveilm.ee\/leht\/?p=11670"},"modified":"2020-05-05T12:25:50","modified_gmt":"2020-05-05T09:25:50","slug":"iti-aavik-toestasime-et-suudame-maailma-ootamatult-valja-lulitada-teeks-nuud-jargmisena-sama-kliima-paastmiseks","status":"publish","type":"post","link":"https:\/\/www.terveilm.ee\/leht\/blogi\/iti-aavik-toestasime-et-suudame-maailma-ootamatult-valja-lulitada-teeks-nuud-jargmisena-sama-kliima-paastmiseks\/","title":{"rendered":"Iti Aavik: t\u00f5estasime, et suudame maailma ootamatult v\u00e4lja l\u00fclitada. Teeks n\u00fc\u00fcd j\u00e4rgmisena sama kliima p\u00e4\u00e4stmiseks!"},"content":{"rendered":"\n<p>Maailmas on liiga palju asju, me peaks v\u00e4hendama nende tootmist, sest me ei suuda neid \u00fcmber k\u00e4idelda, ja et me ei tohiks lasta end petta rohepesust.<\/p>\n\n\n\n<p>Alati j\u00f5uame oma kuulajaskonnaga \u00fchisele seisukohale \u2013 jah, on vaja paradigma muutust. Aga kust see paradigma muutus tuleb, kui inimesed ei suuda oma mugavustsoonist v\u00e4lja astuda, maailm p\u00f6\u00f6rleb samasuguse tempoga edasi ning l\u00f5ppu ei n\u00e4i tulevat? Indiviidina on pea v\u00f5imatu rattalt maha saada. Muidugi peab tunnistama, et mured, mis olid veel m\u00f5nda aega tagasi \u00fcksikute maailmaparandajate huulil, on leidnud peavoolumeedias oma igap\u00e4evase koha. V\u00f5ib t\u00f5deda, et r\u00e4\u00e4kima on hakatud rohkem, aga kas see on endaga kaasa toonud muutusi. M\u00f5ningaid on, aga samas mitte piisavalt kiireid ja efektiivseid.<\/p>\n\n\n\n<p>Loe edasi: <a href=\"https:\/\/epl.delfi.ee\/arvamus\/iti-aavik-toestasime-et-suudame-maailma-ootamatult-valja-lulitada-teeks-nuud-jargmisena-sama-kliima-paastmiseks?id=89303113\">https:\/\/epl.delfi.ee\/arvamus\/iti-aavik-toestasime-et-suudame-maailma-ootamatult-valja-lulitada-teeks-nuud-jargmisena-sama-kliima-paastmiseks?id=89303113<\/a><\/p>\n","protected":false},"excerpt":{"rendered":"<p>Maailmas on liiga palju asju, me peaks v\u00e4hendama nende tootmist, sest me ei suuda neid \u00fcmber k\u00e4idelda, ja et me&#8230;<\/p>\n","protected":false},"author":26,"featured_media":0,"comment_status":"open","ping_status":"open","sticky":false,"template":"","format":"standard","meta":{"_acf_changed":false,"footnotes":""},"categories":[48],"tags":[],"class_list":["post-11670","post","type-post","status-publish","format-standard","hentry","category-meediakajastused"],"acf":[],"_links":{"self":[{"href":"https:\/\/www.terveilm.ee\/leht\/wp-json\/wp\/v2\/posts\/11670","targetHints":{"allow":["GET"]}}],"collection":[{"href":"https:\/\/www.terveilm.ee\/leht\/wp-json\/wp\/v2\/posts"}],"about":[{"href":"https:\/\/www.terveilm.ee\/leht\/wp-json\/wp\/v2\/types\/post"}],"author":[{"embeddable":true,"href":"https:\/\/www.terveilm.ee\/leht\/wp-json\/wp\/v2\/users\/26"}],"replies":[{"embeddable":true,"href":"https:\/\/www.terveilm.ee\/leht\/wp-json\/wp\/v2\/comments?post=11670"}],"version-history":[{"count":1,"href":"https:\/\/www.terveilm.ee\/leht\/wp-json\/wp\/v2\/posts\/11670\/revisions"}],"predecessor-version":[{"id":11671,"href":"https:\/\/www.terveilm.ee\/leht\/wp-json\/wp\/v2\/posts\/11670\/revisions\/11671"}],"wp:attachment":[{"href":"https:\/\/www.terveilm.ee\/leht\/wp-json\/wp\/v2\/media?parent=11670"}],"wp:term":[{"taxonomy":"category","embeddable":true,"href":"https:\/\/www.terveilm.ee\/leht\/wp-json\/wp\/v2\/categories?post=11670"},{"taxonomy":"post_tag","embeddable":true,"href":"https:\/\/www.terveilm.ee\/leht\/wp-json\/wp\/v2\/tags?post=11670"}],"curies":[{"name":"wp","href":"https:\/\/api.w.org\/{rel}","templated":true}]}}