{"id":11714,"date":"2020-05-14T12:38:48","date_gmt":"2020-05-14T09:38:48","guid":{"rendered":"https:\/\/www.terveilm.ee\/leht\/?p=11714"},"modified":"2020-05-14T12:38:51","modified_gmt":"2020-05-14T09:38:51","slug":"metsaekspert-loodusvaartustele-pole-osatud-panna-kulge-head-hinnasilti","status":"publish","type":"post","link":"https:\/\/www.terveilm.ee\/leht\/blogi\/metsaekspert-loodusvaartustele-pole-osatud-panna-kulge-head-hinnasilti\/","title":{"rendered":"Metsaekspert: loodusv\u00e4\u00e4rtustele pole osatud panna k\u00fclge head hinnasilti"},"content":{"rendered":"\n<figure><iframe src=\"\/\/services.err.ee\/media\/embed\/1048298\" allowfullscreen=\"allowfullscreen\"><\/iframe><\/figure>\n\n\n\n<p>Metsakaitseprobleemid on \u00fcle kogu maailma \u00fcsna sarnased ja l\u00e4htuvad sageli inimeste oskamatusest omistada metsaelustikule ja loodusv\u00e4\u00e4rtustele rahalist v\u00e4\u00e4rtust, leidis Liis Kuresoo, Eesti Looduse Fondi metsaekspert, kommenteerides Keskkonnakuu raames linastuvat filmi &#8220;Lageraie \u2013 Euroopa h\u00e4\u00e4buvad metsad&#8221;.<\/p>\n\n\n\n<p>&#8220;Kui oskame puidule ja puidu tihumeetritele panna \u00fcsna h\u00e4sti k\u00fclge konkreetsed hinnasildid, siis metsaelustikule ja metsa loodusv\u00e4\u00e4rtusele me tihti neid k\u00fclge panna ei oska, mille p\u00e4rast on tihti need konfliktid tasakaalust v\u00e4ljas. Majandushuvid saavad eelise, sest neid lihtsam kommunikeerida,&#8221; leidis Kuresoo. Suure metsaala kaitse alla v\u00f5tmine t\u00e4hendab aga sageli, et keegi j\u00e4\u00e4b tulust ilma.<\/p>\n\n\n\n<p>Laiema probleemine pole suudetud ka Eestis tema s\u00f5nul v\u00e4ga korralikku metsaloodusv\u00e4\u00e4rtuste inventuuri. &#8220;Kuna loodusv\u00e4\u00e4rtused on kaardistamata, siis need ka h\u00e4vivad,&#8221; lisas metsaekspert. Tehniliselt ei pruugi olla ettev\u00f5tmine \u00fcle j\u00f5u k\u00e4iv \u2013 eelnevalt on suudetud teha seda soodega.<\/p>\n\n\n\n<p>Kuresoo lisas, et illegaalne metsandus pole Euroopas v\u00e4ga suur probleem. &#8220;Suurema probleemina lubavad v\u00f5ib-olla Euroopas seadused metsa liiga liberaalset selliseid v\u00e4\u00e4rtusi h\u00e4vitada,&#8221; laiendas ELF-i metsaekspert. N\u00e4iteks v\u00f5ib olla samasuguse k\u00f5rge kaitsev\u00e4\u00e4rtusega metsa raiumine Rootsis seaduslik, kuid Rumeenias mitte.<\/p>\n\n\n\n<p>Metsade p\u00e4\u00e4stmisele saab tema s\u00f5nul oma tarbimisotsustega kaasa aidata iga\u00fcks. Kindlasti tuleks v\u00e4litda \u00fchekordseid ja l\u00fchikese elueaga tooteid, nagu n\u00e4iteks kohvitopse. &#8220;Kui tellime kuskilt Hiina netipoodidest kehvakvaliteediga n\u00e4nni, siis tuleb see ka tihti pappi v\u00f5i paberisse pakendatult. K\u00f5ike m\u00f5ttetut tarbimist v\u00e4ltides saame aidata metsa kadumise v\u00e4ltimisele kaasa,&#8221; m\u00e4rkis Kuresoo.<\/p>\n\n\n\n<hr class=\"wp-block-separator\"\/>\n\n\n\n<p>Film &#8220;<a href=\"https:\/\/etv2.err.ee\/1084348\/lageraie-euroopa-haabuvad-metsad\">Lageraie &#8211; Euroopa h\u00e4\u00e4buvad metsad<\/a>&#8221; on eetris ETV-2&#8217;s neljap\u00e4eval kell 20.05. Vaatluse alla v\u00f5etakse nii ebaseadusliku metsaraie ohvriks laiuvad Rumeenia Karpaatide \u00fcrgmetsad kui ka muidu metsarikkad Skandinaavia riigid. Paraku n\u00e4ib filmi autorite s\u00f5nul tundvat Euroopa Liit rohkem huvi Amazonase kui Euroopa enda viimaste laante vastu.<\/p>\n","protected":false},"excerpt":{"rendered":"<p>Metsakaitseprobleemid on \u00fcle kogu maailma \u00fcsna sarnased ja l\u00e4htuvad sageli inimeste oskamatusest omistada metsaelustikule ja loodusv\u00e4\u00e4rtustele rahalist v\u00e4\u00e4rtust, leidis Liis&#8230;<\/p>\n","protected":false},"author":26,"featured_media":0,"comment_status":"open","ping_status":"open","sticky":false,"template":"","format":"standard","meta":{"_acf_changed":false,"footnotes":""},"categories":[7],"tags":[26],"class_list":["post-11714","post","type-post","status-publish","format-standard","hentry","category-uudised","tag-loodushoid"],"acf":[],"_links":{"self":[{"href":"https:\/\/www.terveilm.ee\/leht\/wp-json\/wp\/v2\/posts\/11714","targetHints":{"allow":["GET"]}}],"collection":[{"href":"https:\/\/www.terveilm.ee\/leht\/wp-json\/wp\/v2\/posts"}],"about":[{"href":"https:\/\/www.terveilm.ee\/leht\/wp-json\/wp\/v2\/types\/post"}],"author":[{"embeddable":true,"href":"https:\/\/www.terveilm.ee\/leht\/wp-json\/wp\/v2\/users\/26"}],"replies":[{"embeddable":true,"href":"https:\/\/www.terveilm.ee\/leht\/wp-json\/wp\/v2\/comments?post=11714"}],"version-history":[{"count":1,"href":"https:\/\/www.terveilm.ee\/leht\/wp-json\/wp\/v2\/posts\/11714\/revisions"}],"predecessor-version":[{"id":11715,"href":"https:\/\/www.terveilm.ee\/leht\/wp-json\/wp\/v2\/posts\/11714\/revisions\/11715"}],"wp:attachment":[{"href":"https:\/\/www.terveilm.ee\/leht\/wp-json\/wp\/v2\/media?parent=11714"}],"wp:term":[{"taxonomy":"category","embeddable":true,"href":"https:\/\/www.terveilm.ee\/leht\/wp-json\/wp\/v2\/categories?post=11714"},{"taxonomy":"post_tag","embeddable":true,"href":"https:\/\/www.terveilm.ee\/leht\/wp-json\/wp\/v2\/tags?post=11714"}],"curies":[{"name":"wp","href":"https:\/\/api.w.org\/{rel}","templated":true}]}}