{"id":11759,"date":"2020-06-05T11:16:52","date_gmt":"2020-06-05T08:16:52","guid":{"rendered":"https:\/\/www.terveilm.ee\/leht\/?p=11759"},"modified":"2020-06-05T11:24:15","modified_gmt":"2020-06-05T08:24:15","slug":"kestliku-arengu-koalitsiooni-liikmete-video-tallinna-lennujaam","status":"publish","type":"post","link":"https:\/\/www.terveilm.ee\/leht\/blogi\/kestliku-arengu-koalitsiooni-liikmete-video-tallinna-lennujaam\/","title":{"rendered":"Kestliku Arengu Koalitsiooni liikmete video &#8211; Tallinna Lennujaam"},"content":{"rendered":"\n<p>Arengukoost\u00f6\u00f6 \u00dcmarlaua all tegutseb ka Kestliku Arengu Koalitsioon, mis koondab Eesti ettev\u00f5tteid, vaba\u00fchendusi ja riigiasutusi, kes tegutsevad maailma <a href=\"https:\/\/www.terveilm.ee\/leht\/teabekeskuse-teemad\/kestliku-arengu-eesmargid\/\" target=\"_blank\" rel=\"noreferrer noopener\">kestliku arengu eesm\u00e4rkide saavutamiseks<\/a>. Milliste kestliku arengu eesm\u00e4rkidega t\u00e4psemalt koalitsiooni liikmed tegelevad ning kuidas, saate teada sel kuul videoseeriast. <\/p>\n\n\n\n<p>Alustame lennundusest!<\/p>\n\n\n\n<figure><iframe loading=\"lazy\" width=\"560\" height=\"315\" src=\"https:\/\/www.youtube.com\/embed\/nXqSgxMvHtk\" allowfullscreen=\"\"><\/iframe><\/figure>\n\n\n\n<div class=\"wp-block-group is-layout-flow wp-block-group-is-layout-flow\"><div class=\"wp-block-group__inner-container\"><\/div><\/div>\n\n\n\n<p>Tallinna Lennujaama juhatuse liige Anneli Turkin:<\/p>\n\n\n\n<p>Tallinna Lennujaam on k\u00f5ige kiiremini kasvav lennujaam Euroopas, mille reisijate arv kasvas kahek\u00fcmne aastaga k\u00fcmme korda: 300&nbsp;000 reisijalt \u00fcle 3 miljoni reisijani 2019. aastal. Meie \u00fcheks olulisemaks eesm\u00e4rgiks on pakkuda rahvusvahelisi lennu\u00fchendusi, mis aitavad kaasa riigi ettev\u00f5tluse ja turismi arengule. \u00d5hus\u00f5idukite ja reisijate teenindamisel l\u00e4htume missioonist \u00fchendada Eesti maailmaga.&nbsp;<\/p>\n\n\n\n<p>S\u00e4\u00e4stev ja vastutustundlik suhtumine meid \u00fcmbritsevasse keskkonda on v\u00e4\u00e4rtus, mida hindavad k\u00f5ik Tallinna Lennujaama t\u00f6\u00f6tajad. Lennundus on paratamatult valdkond, mis m\u00f5jutab olulisel m\u00e4\u00e4ral keskkonna seisundit ja ohutust. Seet\u00f5ttu peame eriti pingutama, et leevendada oma ettev\u00f5tte negatiivset m\u00f5ju. Meie \u00fcheks eesm\u00e4rgiks on hoida keskkonda ja aidata kaasa liigirikkusele v\u00e4ljaspool lennujaama ala. Meile on oluline tagada tugev ja toimiv keskkonnajuhtimiss\u00fcsteem ning oleme selleks ka ellu kutsunud eraldi keskkonna juhtr\u00fchma. Juhtr\u00fchmas arutatakse l\u00e4bi k\u00f5ik keskkonnaalased tegevused ning j\u00e4lgitakse nende tegevuste m\u00f5ju eesm\u00e4rkide t\u00e4itmisele. Oleme koostanud keskkonnakava koos eesm\u00e4rkide ja tegevustega ning l\u00e4hiajal oleme koostamas pikaajalist s\u00fcsiniku v\u00e4hendamise tegevuskava. Oleme sidunud oma ettev\u00f5tte keskkonnaeesm\u00e4rgid kestliku arengu eesm\u00e4rkidega<em>.<\/em><\/p>\n\n\n\n<p>Keskkonnahoid algab iga\u00fchest meist. Selle aasta heategudeks oli eelistada kodumaiseid tooteid, suurendada liigirikkust enda koduaias v\u00f5i v\u00e4ltida palmi\u00f5li tarbimist. Oleme loonud reisijatele v\u00f5imaluse reisiterminalis vaadata keskkonnakaitse teemalisi l\u00fchifilme ning jagame ka informatsiooni mida saab n\u00e4ha v\u00f5i kuulda rahvusringh\u00e4\u00e4lingus keskkonnakuu raames. Me usume, et see aitab kaasa meie kestlikumale tulevikule ning seda koost\u00f6\u00f6s meie partnerite ja reisijatega.&nbsp;<\/p>\n\n\n\n<p>Tallinna Lennujaama suurimaks keskkonnaalaseks eesm\u00e4rgiks l\u00e4hiaastatel on v\u00e4hendada kasvuhoonegaaside teket meie tegevuse tagaj\u00e4rjel. Kuna Lennujaama elektrienergia tarbimisest tekitatud CO2 moodustab ligi 80% meie ettev\u00f5tte tekitavast CO2-st, siis loomulikult p\u00f6\u00f6rame eelk\u00f5ige t\u00e4helepanu nendele investeeringutele. 2020. aastal plaanime rajada p\u00e4ikesepargid nii Tallinna kui ka regionaalsetesse lennujaamadesse ning sellega v\u00e4hendame veelgi oma CO2 jalaj\u00e4lge, nii l\u00e4bi taastuvenergia tootmise kui ka selle tarbimise. Lisaks v\u00f5tame j\u00e4rk-j\u00e4rgult kasutusele akudel toimivad \u00f5hus\u00f5iduki abij\u00f5useadmed. Juba \u00fche seadme kasutuselev\u00f5tuga s\u00e4\u00e4stame aastas 2,4 tonni diislik\u00fctust. Meie eesm\u00e4rgiks on saavutada energiat\u00f5husus ning olla 100% taastuvenergia tarbijad.&nbsp;<\/p>\n\n\n\n<p>2019. aastal hindasime oma ettev\u00f5tte s\u00fcsiniku jalaj\u00e4lje ning saavutasime esimese taseme sertifikaadi lennujaamadele m\u00f5eldud akrediteerimiss\u00fcsteemis. See on meie esimene samm liikumaks kliimaneutraalsuse poole. Oluline on v\u00f5tta vastutus oma ettev\u00f5tte tegevusest tingitud keskkonnam\u00f5jude osas ning seda me oleme teinud, liikudes s\u00fcsinikneutraalse lennujaama poole.&nbsp;<\/p>\n\n\n\n<figure class=\"wp-block-gallery columns-3 is-cropped wp-block-gallery-1 is-layout-flex wp-block-gallery-is-layout-flex\"><ul class=\"blocks-gallery-grid\"><li class=\"blocks-gallery-item\"><figure><img loading=\"lazy\" decoding=\"async\" width=\"1024\" height=\"1024\" src=\"https:\/\/www.terveilm.ee\/leht\/wp-content\/uploads\/2020\/06\/03-1-1024x1024.png\" alt=\"\" data-id=\"11762\" data-full-url=\"https:\/\/www.terveilm.ee\/leht\/wp-content\/uploads\/2020\/06\/03-1.png\" data-link=\"https:\/\/www.terveilm.ee\/leht\/blogi\/kestliku-arengu-koalitsiooni-liikmete-video-tallinna-lennujaam\/03-1\/\" class=\"wp-image-11762\" srcset=\"https:\/\/www.terveilm.ee\/leht\/wp-content\/uploads\/2020\/06\/03-1-1024x1024.png 1024w, https:\/\/www.terveilm.ee\/leht\/wp-content\/uploads\/2020\/06\/03-1-300x300.png 300w, https:\/\/www.terveilm.ee\/leht\/wp-content\/uploads\/2020\/06\/03-1-150x150.png 150w, https:\/\/www.terveilm.ee\/leht\/wp-content\/uploads\/2020\/06\/03-1-768x768.png 768w, https:\/\/www.terveilm.ee\/leht\/wp-content\/uploads\/2020\/06\/03-1-1536x1536.png 1536w, https:\/\/www.terveilm.ee\/leht\/wp-content\/uploads\/2020\/06\/03-1-2048x2048.png 2048w, https:\/\/www.terveilm.ee\/leht\/wp-content\/uploads\/2020\/06\/03-1-500x500.png 500w\" sizes=\"auto, (max-width: 1024px) 100vw, 1024px\" \/><\/figure><\/li><li class=\"blocks-gallery-item\"><figure><img loading=\"lazy\" decoding=\"async\" width=\"1024\" height=\"1024\" src=\"https:\/\/www.terveilm.ee\/leht\/wp-content\/uploads\/2020\/06\/06-1-1024x1024.png\" alt=\"\" data-id=\"11770\" data-full-url=\"https:\/\/www.terveilm.ee\/leht\/wp-content\/uploads\/2020\/06\/06-1.png\" data-link=\"https:\/\/www.terveilm.ee\/leht\/blogi\/kestliku-arengu-koalitsiooni-liikmete-video-tallinna-lennujaam\/06-1\/\" class=\"wp-image-11770\" srcset=\"https:\/\/www.terveilm.ee\/leht\/wp-content\/uploads\/2020\/06\/06-1-1024x1024.png 1024w, https:\/\/www.terveilm.ee\/leht\/wp-content\/uploads\/2020\/06\/06-1-300x300.png 300w, https:\/\/www.terveilm.ee\/leht\/wp-content\/uploads\/2020\/06\/06-1-150x150.png 150w, https:\/\/www.terveilm.ee\/leht\/wp-content\/uploads\/2020\/06\/06-1-768x768.png 768w, https:\/\/www.terveilm.ee\/leht\/wp-content\/uploads\/2020\/06\/06-1-1536x1536.png 1536w, https:\/\/www.terveilm.ee\/leht\/wp-content\/uploads\/2020\/06\/06-1-2048x2048.png 2048w, https:\/\/www.terveilm.ee\/leht\/wp-content\/uploads\/2020\/06\/06-1-500x500.png 500w\" sizes=\"auto, (max-width: 1024px) 100vw, 1024px\" \/><\/figure><\/li><li class=\"blocks-gallery-item\"><figure><img loading=\"lazy\" decoding=\"async\" width=\"1024\" height=\"1024\" src=\"https:\/\/www.terveilm.ee\/leht\/wp-content\/uploads\/2020\/06\/07-1-1024x1024.png\" alt=\"\" data-id=\"11771\" data-full-url=\"https:\/\/www.terveilm.ee\/leht\/wp-content\/uploads\/2020\/06\/07-1.png\" data-link=\"https:\/\/www.terveilm.ee\/leht\/blogi\/kestliku-arengu-koalitsiooni-liikmete-video-tallinna-lennujaam\/07-1\/\" class=\"wp-image-11771\" srcset=\"https:\/\/www.terveilm.ee\/leht\/wp-content\/uploads\/2020\/06\/07-1-1024x1024.png 1024w, https:\/\/www.terveilm.ee\/leht\/wp-content\/uploads\/2020\/06\/07-1-300x300.png 300w, https:\/\/www.terveilm.ee\/leht\/wp-content\/uploads\/2020\/06\/07-1-150x150.png 150w, https:\/\/www.terveilm.ee\/leht\/wp-content\/uploads\/2020\/06\/07-1-768x768.png 768w, https:\/\/www.terveilm.ee\/leht\/wp-content\/uploads\/2020\/06\/07-1-1536x1536.png 1536w, https:\/\/www.terveilm.ee\/leht\/wp-content\/uploads\/2020\/06\/07-1-2048x2048.png 2048w, https:\/\/www.terveilm.ee\/leht\/wp-content\/uploads\/2020\/06\/07-1-500x500.png 500w\" sizes=\"auto, (max-width: 1024px) 100vw, 1024px\" \/><\/figure><\/li><li class=\"blocks-gallery-item\"><figure><img loading=\"lazy\" decoding=\"async\" width=\"1024\" height=\"1024\" src=\"https:\/\/www.terveilm.ee\/leht\/wp-content\/uploads\/2020\/06\/11-1-1024x1024.png\" alt=\"\" data-id=\"11772\" data-full-url=\"https:\/\/www.terveilm.ee\/leht\/wp-content\/uploads\/2020\/06\/11-1.png\" data-link=\"https:\/\/www.terveilm.ee\/leht\/blogi\/kestliku-arengu-koalitsiooni-liikmete-video-tallinna-lennujaam\/11-1\/\" class=\"wp-image-11772\" srcset=\"https:\/\/www.terveilm.ee\/leht\/wp-content\/uploads\/2020\/06\/11-1-1024x1024.png 1024w, https:\/\/www.terveilm.ee\/leht\/wp-content\/uploads\/2020\/06\/11-1-300x300.png 300w, https:\/\/www.terveilm.ee\/leht\/wp-content\/uploads\/2020\/06\/11-1-150x150.png 150w, https:\/\/www.terveilm.ee\/leht\/wp-content\/uploads\/2020\/06\/11-1-768x768.png 768w, https:\/\/www.terveilm.ee\/leht\/wp-content\/uploads\/2020\/06\/11-1-1536x1536.png 1536w, https:\/\/www.terveilm.ee\/leht\/wp-content\/uploads\/2020\/06\/11-1-2048x2048.png 2048w, https:\/\/www.terveilm.ee\/leht\/wp-content\/uploads\/2020\/06\/11-1-500x500.png 500w\" sizes=\"auto, (max-width: 1024px) 100vw, 1024px\" \/><\/figure><\/li><li class=\"blocks-gallery-item\"><figure><img loading=\"lazy\" decoding=\"async\" width=\"1024\" height=\"1024\" src=\"https:\/\/www.terveilm.ee\/leht\/wp-content\/uploads\/2020\/06\/12-2-1-1024x1024.png\" alt=\"\" data-id=\"11763\" data-full-url=\"https:\/\/www.terveilm.ee\/leht\/wp-content\/uploads\/2020\/06\/12-2-1.png\" data-link=\"https:\/\/www.terveilm.ee\/leht\/blogi\/kestliku-arengu-koalitsiooni-liikmete-video-tallinna-lennujaam\/12-2-1\/\" class=\"wp-image-11763\" srcset=\"https:\/\/www.terveilm.ee\/leht\/wp-content\/uploads\/2020\/06\/12-2-1-1024x1024.png 1024w, https:\/\/www.terveilm.ee\/leht\/wp-content\/uploads\/2020\/06\/12-2-1-300x300.png 300w, https:\/\/www.terveilm.ee\/leht\/wp-content\/uploads\/2020\/06\/12-2-1-150x150.png 150w, https:\/\/www.terveilm.ee\/leht\/wp-content\/uploads\/2020\/06\/12-2-1-768x768.png 768w, https:\/\/www.terveilm.ee\/leht\/wp-content\/uploads\/2020\/06\/12-2-1-1536x1536.png 1536w, https:\/\/www.terveilm.ee\/leht\/wp-content\/uploads\/2020\/06\/12-2-1-2048x2048.png 2048w, https:\/\/www.terveilm.ee\/leht\/wp-content\/uploads\/2020\/06\/12-2-1-500x500.png 500w\" sizes=\"auto, (max-width: 1024px) 100vw, 1024px\" \/><\/figure><\/li><li class=\"blocks-gallery-item\"><figure><img loading=\"lazy\" decoding=\"async\" width=\"1024\" height=\"1024\" src=\"https:\/\/www.terveilm.ee\/leht\/wp-content\/uploads\/2020\/06\/13-1-1024x1024.png\" alt=\"\" data-id=\"11764\" data-full-url=\"https:\/\/www.terveilm.ee\/leht\/wp-content\/uploads\/2020\/06\/13-1.png\" data-link=\"https:\/\/www.terveilm.ee\/leht\/blogi\/kestliku-arengu-koalitsiooni-liikmete-video-tallinna-lennujaam\/13-1\/\" class=\"wp-image-11764\" srcset=\"https:\/\/www.terveilm.ee\/leht\/wp-content\/uploads\/2020\/06\/13-1-1024x1024.png 1024w, https:\/\/www.terveilm.ee\/leht\/wp-content\/uploads\/2020\/06\/13-1-300x300.png 300w, https:\/\/www.terveilm.ee\/leht\/wp-content\/uploads\/2020\/06\/13-1-150x150.png 150w, https:\/\/www.terveilm.ee\/leht\/wp-content\/uploads\/2020\/06\/13-1-768x768.png 768w, https:\/\/www.terveilm.ee\/leht\/wp-content\/uploads\/2020\/06\/13-1-1536x1536.png 1536w, https:\/\/www.terveilm.ee\/leht\/wp-content\/uploads\/2020\/06\/13-1-2048x2048.png 2048w, https:\/\/www.terveilm.ee\/leht\/wp-content\/uploads\/2020\/06\/13-1-500x500.png 500w\" sizes=\"auto, (max-width: 1024px) 100vw, 1024px\" \/><\/figure><\/li><li class=\"blocks-gallery-item\"><figure><img loading=\"lazy\" decoding=\"async\" width=\"1024\" height=\"1024\" src=\"https:\/\/www.terveilm.ee\/leht\/wp-content\/uploads\/2020\/06\/15-1-1024x1024.png\" alt=\"\" data-id=\"11765\" data-full-url=\"https:\/\/www.terveilm.ee\/leht\/wp-content\/uploads\/2020\/06\/15-1.png\" data-link=\"https:\/\/www.terveilm.ee\/leht\/blogi\/kestliku-arengu-koalitsiooni-liikmete-video-tallinna-lennujaam\/15-1\/\" class=\"wp-image-11765\" srcset=\"https:\/\/www.terveilm.ee\/leht\/wp-content\/uploads\/2020\/06\/15-1-1024x1024.png 1024w, https:\/\/www.terveilm.ee\/leht\/wp-content\/uploads\/2020\/06\/15-1-300x300.png 300w, https:\/\/www.terveilm.ee\/leht\/wp-content\/uploads\/2020\/06\/15-1-150x150.png 150w, https:\/\/www.terveilm.ee\/leht\/wp-content\/uploads\/2020\/06\/15-1-768x768.png 768w, https:\/\/www.terveilm.ee\/leht\/wp-content\/uploads\/2020\/06\/15-1-1536x1536.png 1536w, https:\/\/www.terveilm.ee\/leht\/wp-content\/uploads\/2020\/06\/15-1-2048x2048.png 2048w, https:\/\/www.terveilm.ee\/leht\/wp-content\/uploads\/2020\/06\/15-1-500x500.png 500w\" sizes=\"auto, (max-width: 1024px) 100vw, 1024px\" \/><\/figure><\/li><\/ul><\/figure>\n\n\n\n<p>Nimetatud tegevused on vaid v\u00e4ike osa sellest, mida me t\u00e4na teeme ja ka edaspidi teha saame ja ikka selleks, et s\u00e4\u00e4sta meid \u00fcmbritsevat keskkonda ning anda oma panus. Hoiame ja hoolime koos, et ka meie lastel ja lastelastel oleks puhas ja hoitud loodus, mille keskel elada. <\/p>\n","protected":false},"excerpt":{"rendered":"<p>Arengukoost\u00f6\u00f6 \u00dcmarlaua all tegutseb ka Kestliku Arengu Koalitsioon, mis koondab Eesti ettev\u00f5tteid, vaba\u00fchendusi ja riigiasutusi, kes tegutsevad maailma kestliku arengu&#8230;<\/p>\n","protected":false},"author":26,"featured_media":11775,"comment_status":"open","ping_status":"open","sticky":false,"template":"","format":"standard","meta":{"_acf_changed":false,"footnotes":""},"categories":[3],"tags":[],"class_list":["post-11759","post","type-post","status-publish","format-standard","has-post-thumbnail","hentry","category-blogi"],"acf":[],"_links":{"self":[{"href":"https:\/\/www.terveilm.ee\/leht\/wp-json\/wp\/v2\/posts\/11759","targetHints":{"allow":["GET"]}}],"collection":[{"href":"https:\/\/www.terveilm.ee\/leht\/wp-json\/wp\/v2\/posts"}],"about":[{"href":"https:\/\/www.terveilm.ee\/leht\/wp-json\/wp\/v2\/types\/post"}],"author":[{"embeddable":true,"href":"https:\/\/www.terveilm.ee\/leht\/wp-json\/wp\/v2\/users\/26"}],"replies":[{"embeddable":true,"href":"https:\/\/www.terveilm.ee\/leht\/wp-json\/wp\/v2\/comments?post=11759"}],"version-history":[{"count":5,"href":"https:\/\/www.terveilm.ee\/leht\/wp-json\/wp\/v2\/posts\/11759\/revisions"}],"predecessor-version":[{"id":11774,"href":"https:\/\/www.terveilm.ee\/leht\/wp-json\/wp\/v2\/posts\/11759\/revisions\/11774"}],"wp:featuredmedia":[{"embeddable":true,"href":"https:\/\/www.terveilm.ee\/leht\/wp-json\/wp\/v2\/media\/11775"}],"wp:attachment":[{"href":"https:\/\/www.terveilm.ee\/leht\/wp-json\/wp\/v2\/media?parent=11759"}],"wp:term":[{"taxonomy":"category","embeddable":true,"href":"https:\/\/www.terveilm.ee\/leht\/wp-json\/wp\/v2\/categories?post=11759"},{"taxonomy":"post_tag","embeddable":true,"href":"https:\/\/www.terveilm.ee\/leht\/wp-json\/wp\/v2\/tags?post=11759"}],"curies":[{"name":"wp","href":"https:\/\/api.w.org\/{rel}","templated":true}]}}