{"id":11793,"date":"2020-06-11T11:15:25","date_gmt":"2020-06-11T08:15:25","guid":{"rendered":"https:\/\/www.terveilm.ee\/leht\/?p=11793"},"modified":"2020-06-11T11:15:26","modified_gmt":"2020-06-11T08:15:26","slug":"aku-tegevused-viimase-kuu-jooksul","status":"publish","type":"post","link":"https:\/\/www.terveilm.ee\/leht\/blogi\/aku-tegevused-viimase-kuu-jooksul\/","title":{"rendered":"AK\u00dc tegevused viimase kuu jooksul"},"content":{"rendered":"\n<p><strong>UURING: 85% EESTLASTEST OLEKSID VALMIS PANUSTAMA ARENGUKOOST\u00d6\u00d6SSE<\/strong><br><br>Arengukoost\u00f6\u00f6 \u00dcmarlaud viis maikuus l\u00e4bi arvamusk\u00fcsitluse arengukoost\u00f6\u00f6d puudutavate hoiakute ja teadmiste osas Eesti elanike hulgas. Uuringus k\u00fcsiti Eesti elanike arvamusi nii arengukoost\u00f6\u00f6 tegevussuundade, prioriteetsete piirkondade kui arengukoost\u00f6\u00f6 rahastuse m\u00e4\u00e4ra kohta ning paluti neil hinnata oma teadlikkust seoses Eesti arengukoost\u00f6\u00f6 p\u00f5him\u00f5tete ja suundadega.\u00a0<br><br>Kuigi arengukoost\u00f6\u00f6 rahastuse poole pealt on inimesed altimad oma seisukohta v\u00f5tma, on v\u00e4hemalt 90% vastanute jaoks oluline mingi kindel riigipoolne arengukoost\u00f6\u00f6 tegevussuund. Prioriteetsena m\u00e4rgiti nii kvaliteetset haridust kui tervishoiudu. Just nendesse valdkondadesse oleks vastanud ka ise valmis oma sissetulekust 0,16% panustama. M\u00f5nev\u00f5rra v\u00e4hem toetati maailmahariduse ja demokraatia arengut edendavaid tegevusi. \u00dcldine tajutud teadlikkus arengukoost\u00f6\u00f6 p\u00f5him\u00f5tete ja suundade kohta oli k\u00fcll pigem k\u00f5rge, kuid ainult 7% vastanutest tundsid end oma teadmistest l\u00f5puni enesekindlalt.\u00a0<br><a rel=\"noreferrer noopener\" href=\"https:\/\/www.terveilm.ee\/leht\/blogi\/uuring-85-eestlastest-oleksid-valmis-panustama-arengukoostoosse\/\" target=\"_blank\">L\u00e4hemalt loe siit!<\/a><\/p>\n\n\n\n<hr class=\"wp-block-separator\"\/>\n\n\n\n<p>Terve juunikuu avaldame Kestliku Arengu Koalitsiooni liikmeid\u00a0ja kestliku arengu eesm\u00e4rke\u00a0tutvustavaid videosid meie kodulehel ja sotsiaalmeedias. Juba on \u00fcleval videod <a rel=\"noreferrer noopener\" href=\"https:\/\/www.terveilm.ee\/leht\/blogi\/kestliku-arengu-koalitsiooni-liikmete-video-tallinna-lennujaam\/\" target=\"_blank\">Tallinna Lennujaamast<\/a> ja <a rel=\"noreferrer noopener\" href=\"https:\/\/www.terveilm.ee\/leht\/blogi\/kestliku-arengu-koalitsiooni-liikmete-video-mtu-mondo\/\" target=\"_blank\">MT\u00dc Mondost.<\/a><\/p>\n\n\n\n<hr class=\"wp-block-separator\"\/>\n\n\n\n<p>Mais toimus Eesti ja Soome s\u00e4\u00e4stva arengu komisjonide \u00fchisistung, kus AK\u00dc jagas kogemusi kestliku arengu koalitsiooni juhtimisest.\u00a0 Riigikantselei andis koos Soome kolleegidega \u00fclevaade m\u00f5lema riigi kestliku arengu eesm\u00e4rkide t\u00e4itmise tegevuskava peamistest tulemustest. Oli \u00fcllatus ja r\u00f5\u00f5m teada saada, et 2019. aastal oli Eesti \u00dcRO \u00fclemaailmses kestliku arengu indeksi tabelis 10. kohal, Soome 3. kohal. Selgituseks ja taustaks &#8211; iga aasta suvel esitavad \u00dcRO kestliku\u00a0 arengu k\u00f5rgetasemelisele poliitilisele foorumile SDG \u00fclevaated 50 riiki, sel aastal ka\u00a0 Eesti ja Soome.<\/p>\n\n\n\n<p>Eesti kestliku arengu eesm\u00e4rkide t\u00e4itmise peamistest positiivsetest s\u00f5numitest j\u00e4i k\u00f5lama, et&nbsp; Eesti on olnud edukas kvaliteetse ja k\u00e4ttesaadava hariduse poolest. Meil on ka t\u00f5hus tervishoiukorraldus, k\u00f5rge t\u00f6\u00f6h\u00f5ive, minimaalne pikaajalise t\u00f6\u00f6tuse m\u00e4\u00e4r ning kasvanud taastuvenergia osat\u00e4htsus energia l\u00f5pptarbimises. Peamised v\u00e4ljakutsed on saavutada sooline v\u00f5rdsus, v\u00e4hendada naiste ning puuetega inimeste, seal hulgas puudega lastega perede vaesusriski, tagada t\u00f5hus j\u00e4\u00e4tmek\u00e4itlus ning j\u00e4\u00e4tmete ringlus, v\u00e4hendada kasvuhoonegaaside heitkoguseid ning hoida looduse mitmekesisust.&nbsp;<\/p>\n\n\n\n<p>Soome on l\u00e4hedal sotsiaalse ja majandusliku j\u00e4tkusuutlikkusega seotud s\u00e4\u00e4stva arengu eesm\u00e4rkide saavutamisele, kuid siiski on ka mitmeid v\u00e4ljakutseid. N\u00e4iteks on vaja parandada tarbimis- ja tootmisharjumusi, kliimameetmeid ja bioloogilise mitmekesisuse olukorda. Lisaks on probleemideks j\u00e4tkuvalt \u00fclekaalulisus ning sooline v\u00f5rd\u00f5iguslikkus.<\/p>\n\n\n\n<p>M\u00f5lema riigi esindajad leidsid aga, et koroonaviiruse leviku m\u00f5jud erinevatele s\u00e4\u00e4stva arengu n\u00e4itajatele on k\u00f5ikjal maailmas ilmselt suured ning neid saab anal\u00fc\u00fcsida m\u00f5ne aja p\u00e4rast.<\/p>\n\n\n\n<hr class=\"wp-block-separator\"\/>\n\n\n\n<p>Agne ja Susanna osalesid koos paljude AK\u00dc liikmetega V\u00e4lisministeeriumi ja OECD veebiseminaril arengukoost\u00f6\u00f6 tuleviku osas. Laual olid arenguagentuuri loomine ja strateegiline m\u00f5ju hindamine.\u00a0<\/p>\n\n\n\n<hr class=\"wp-block-separator\"\/>\n\n\n\n<p>Susanna liitus Concordi PCSD Leading Group koosseisuga, kus ta esindab Ida-Euroopa ja Euroopa v\u00e4ikeriikide huve sidusate poliitikate temaatikas. Juhtgrupp tegeleb aktiivse huvikaitsega nii Euroopa Liidu institutsioonide kui kohalike poliitikakujundajate suunal.\u00a0\u00a0<\/p>\n\n\n\n<hr class=\"wp-block-separator\"\/>\n\n\n\n<p>MFF ja arengukoost\u00f6\u00f6 rahastus. Koroonakriiisi valguses on Euroopa Liidu pikaajalise eelarve MFF ja arengukoost\u00f6\u00f6 rahastusse osas palju k\u00fcsimusi \u00fcles kerkinud. Saatsime v\u00e4ikese kokkuv\u00f5tte mai l\u00f5pus tehtud uue eelarve ettepaneku ja taasterahastu kohta. <a href=\"https:\/\/docs.google.com\/document\/d\/1zt9B_iygM1thnNm92MCuW0b3qV0fQx4jotr7U18LWlc\/edit?usp=sharing\" target=\"_blank\" rel=\"noreferrer noopener\">Kokkuv\u00f5tet saab uuesti lugeda siin.<\/a><\/p>\n","protected":false},"excerpt":{"rendered":"<p>UURING: 85% EESTLASTEST OLEKSID VALMIS PANUSTAMA ARENGUKOOST\u00d6\u00d6SSE Arengukoost\u00f6\u00f6 \u00dcmarlaud viis maikuus l\u00e4bi arvamusk\u00fcsitluse arengukoost\u00f6\u00f6d puudutavate hoiakute ja teadmiste osas Eesti&#8230;<\/p>\n","protected":false},"author":26,"featured_media":11794,"comment_status":"open","ping_status":"open","sticky":false,"template":"","format":"standard","meta":{"_acf_changed":false,"footnotes":""},"categories":[3],"tags":[31],"class_list":["post-11793","post","type-post","status-publish","format-standard","has-post-thumbnail","hentry","category-blogi","tag-aku"],"acf":[],"_links":{"self":[{"href":"https:\/\/www.terveilm.ee\/leht\/wp-json\/wp\/v2\/posts\/11793","targetHints":{"allow":["GET"]}}],"collection":[{"href":"https:\/\/www.terveilm.ee\/leht\/wp-json\/wp\/v2\/posts"}],"about":[{"href":"https:\/\/www.terveilm.ee\/leht\/wp-json\/wp\/v2\/types\/post"}],"author":[{"embeddable":true,"href":"https:\/\/www.terveilm.ee\/leht\/wp-json\/wp\/v2\/users\/26"}],"replies":[{"embeddable":true,"href":"https:\/\/www.terveilm.ee\/leht\/wp-json\/wp\/v2\/comments?post=11793"}],"version-history":[{"count":1,"href":"https:\/\/www.terveilm.ee\/leht\/wp-json\/wp\/v2\/posts\/11793\/revisions"}],"predecessor-version":[{"id":11795,"href":"https:\/\/www.terveilm.ee\/leht\/wp-json\/wp\/v2\/posts\/11793\/revisions\/11795"}],"wp:featuredmedia":[{"embeddable":true,"href":"https:\/\/www.terveilm.ee\/leht\/wp-json\/wp\/v2\/media\/11794"}],"wp:attachment":[{"href":"https:\/\/www.terveilm.ee\/leht\/wp-json\/wp\/v2\/media?parent=11793"}],"wp:term":[{"taxonomy":"category","embeddable":true,"href":"https:\/\/www.terveilm.ee\/leht\/wp-json\/wp\/v2\/categories?post=11793"},{"taxonomy":"post_tag","embeddable":true,"href":"https:\/\/www.terveilm.ee\/leht\/wp-json\/wp\/v2\/tags?post=11793"}],"curies":[{"name":"wp","href":"https:\/\/api.w.org\/{rel}","templated":true}]}}