{"id":11852,"date":"2020-07-09T09:09:00","date_gmt":"2020-07-09T06:09:00","guid":{"rendered":"https:\/\/www.terveilm.ee\/leht\/?p=11852"},"modified":"2020-07-08T13:17:31","modified_gmt":"2020-07-08T10:17:31","slug":"kestliku-arengu-koalitsiooni-video-tallinna-ulikool","status":"publish","type":"post","link":"https:\/\/www.terveilm.ee\/leht\/blogi\/kestliku-arengu-koalitsiooni-video-tallinna-ulikool\/","title":{"rendered":"Kestliku Arengu Koalitsiooni video &#8211; Tallinna \u00dclikool"},"content":{"rendered":"\n<p>Arengukoost\u00f6\u00f6 \u00dcmarlaua all tegutseb ka Kestliku Arengu Koalitsioon, mis koondab Eesti ettev\u00f5tteid, vaba\u00fchendusi ja riigiasutusi, kes tegutsevad maailma&nbsp;<a rel=\"noreferrer noopener\" href=\"https:\/\/www.terveilm.ee\/leht\/teabekeskuse-teemad\/kestliku-arengu-eesmargid\/\" target=\"_blank\">kestliku arengu eesm\u00e4rkide saavutamiseks<\/a>. Milliste kestliku arengu eesm\u00e4rkidega t\u00e4psemalt koalitsiooni liikmed tegelevad ning kuidas, saate teada sel kuul videoseeriast.<\/p>\n\n\n\n<figure><iframe loading=\"lazy\" width=\"560\" height=\"315\" src=\"https:\/\/www.youtube.com\/embed\/7bqFLLFozck\" allowfullscreen=\"\"><\/iframe><\/figure>\n\n\n\n<p>Tallinna \u00dclikooli katusel, l\u00e4hevad oma kolmandale suvele vastu kaks mesitaru. Miks peaks \u00fcks \u00fclikool pakkuma katusepinda mesilastele? \u00dcks p\u00f5hjustest saab olla linna looduskeskkonna toetamine, pakkudes tuge tolmeldamise n\u00e4ol. Peale selle pakuvad siinsed mesilased ka teaduslikku huvi. Nad annavad v\u00f5imaluse uurida, kuidas loodus toimib, aga ka \u00f5ppimise ja \u00f5petamise v\u00f5imalusi. Ilmselt ei m\u00f5eldud Tallinna \u00dclikooli arengukava kirjutades mesilastele, kuid Tallinna \u00dclikooli missiooniks on panustada tarka eluviisi ning toetada Eesti j\u00e4tkusuutlikku arengut. L\u00e4htudes sellest, et lahendused meie ees seisvatele v\u00e4ljakutsetele peituvad looduses, siis saame mesilastelt eeskuju v\u00f5tta k\u00fcll, kasv\u00f5i n\u00e4iteks koost\u00f6\u00f6tamise n\u00e4ol.&nbsp;<\/p>\n\n\n\n<p>Selleks, et pakkuda tudengitele peale tugeva alusdistsipliini ka terviklikumat vaadet ja s\u00fcsteemset seoste n\u00e4gemise oskust ja koost\u00f6\u00f6 oskust, on Tallinna \u00dclikoolis v\u00e4lja t\u00f6\u00f6tatud projektip\u00f5hine \u00f5ppeaine ELU, mis v\u00f5imaldab tudengitel koost\u00f6\u00f6s lahendada p\u00e4riselulisi probleeme ja seal hulgas panustada ka s\u00e4\u00e4stva arengu eesm\u00e4rkide t\u00e4itmisesse. Ka need mesitarud j\u00f5udsid siia katusele \u00fche ELU projekti tulemusena.&nbsp;<\/p>\n\n\n\n<p>Kuigi Tallinna \u00dclikooli nimi p\u00e4rineb aastast 2005, on \u00fclikooli \u00f5petamise, teadust\u00f6\u00f6 ja \u00fchiskonda panustamise ajalugu oluliselt pikem. N\u00e4iteks m\u00f6\u00f6dunud aastal t\u00e4histas \u00dclikool \u00f5petaja hariduse andmise sajandat aastap\u00e4eva. Ja ilmselt on just \u00f5petaja hariduse andmine Tallinna \u00dclikooli k\u00f5ige olulisem panus j\u00e4tkusuutlikusse arengusse. Kui Tallinna \u00dclikooli tudengile antakse kaasa oskus n\u00e4ha, m\u00e4rgata ja hoolida, siis on ta ka tulevase \u00fchiskonna liikmena hoolivam. Nii ei saa \u00f5ppekavade ja ainete eesm\u00e4rk olla ainult t\u00f6\u00f6turuks ettevalmistamine, vaid oluline on suunata \u00fcli\u00f5pilasi s\u00fcsteemselt ja teadusp\u00f5hiselt l\u00e4henema t\u00e4nap\u00e4evastele nurjatutele probleemidele. Ja just seep\u00e4rast lahendavad \u00fcli\u00f5pilased praegustes ELU projektides k\u00fcsimusi kuidas luua Eestile paremat j\u00e4\u00e4tmek\u00e4itluss\u00fcsteemi, kuidas tuua v\u00e4iketaluniku tooted paremini ostjani, kuidas luua parimaid \u00f5ppevahendeid erineva keeleruumiga kogukondade sidustamiseks, kuidas tuua muuseumid inimestele l\u00e4hemale. Loomulikult on k\u00f5ik need projektid toetatud \u00fclikooli teaduskonna ja \u00f5ppej\u00f5udude poolt, et projektitulemus saaks parim.&nbsp;<\/p>\n\n\n\n<p>Tallinna \u00dclikooli \u00f6koloogia keskuse teadur Liisa Puusepp \u00fctleb, et enamasti me r\u00e4\u00e4gime mesilastest kui meetootjatest. M\u00f5nikord tuletame meelde, et nad on ka tolmeldajad. Kuid harva tuleb meil meelde, et nad on ka kogukonna loojad, moodustades ise kogukondi v\u00f5i pakkudes kogukonna loomist neile, kes kuidagi nendega seotud on. &#8220;Sarnaselt kogukondlikult saab toimida ka \u00fclikool. N\u00e4iteks tegusalt koostoimivate uurimis- ja \u00f5petamisgruppide n\u00e4ol. Nii on tavap\u00e4raste \u00fche distsipliini kesksete uurimissuundade k\u00f5rvale kujunenud ka interdistsiplinaarsed uurimisprojektid, mis panustavad parema keskkonna kommunikatsiooni ja keskkonnateadlikkuse suunal. Just sedasi saab ka teadus panustada \u00fchiskonna j\u00e4tkusuutlikusse arengusse.&nbsp;<\/p>\n\n\n\n<p>Laiema raamistiku ja koost\u00f6\u00f6v\u00f5imalusi tegutseda s\u00e4\u00e4stva arengu v\u00e4ljakutsete suunal pakub kindlasti kuulumine roheliste \u00fclikoolide v\u00f5rgustikku ning kestliku arengu koalitsiooni. Siinkohal on paslik l\u00f5petada Paul-Eerik Rummo luuletuse \u201eMe hoiame n\u00f5nda \u00fchte\u201c l\u00f5puridadega:&nbsp;<\/p>\n\n\n\n<pre class=\"wp-block-verse\">kas oskame hoida \u00fchte,&nbsp;\nkui heitunud mesilaspere,&nbsp;\nkas oskame hoida \u00fchte&nbsp;\nja minna nii l\u00e4bi mere.<\/pre>\n\n\n\n<p>Ma loodan, et oskame!&#8221;<\/p>\n\n\n\n<figure class=\"wp-block-gallery columns-3 is-cropped wp-block-gallery-1 is-layout-flex wp-block-gallery-is-layout-flex\"><ul class=\"blocks-gallery-grid\"><li class=\"blocks-gallery-item\"><figure><img loading=\"lazy\" decoding=\"async\" width=\"1024\" height=\"1024\" src=\"https:\/\/www.terveilm.ee\/leht\/wp-content\/uploads\/2020\/06\/03-1-1024x1024.png\" alt=\"\" data-id=\"11762\" data-full-url=\"https:\/\/www.terveilm.ee\/leht\/wp-content\/uploads\/2020\/06\/03-1.png\" data-link=\"https:\/\/www.terveilm.ee\/leht\/blogi\/kestliku-arengu-koalitsiooni-liikmete-video-tallinna-lennujaam\/03-1\/\" class=\"wp-image-11762\" srcset=\"https:\/\/www.terveilm.ee\/leht\/wp-content\/uploads\/2020\/06\/03-1-1024x1024.png 1024w, https:\/\/www.terveilm.ee\/leht\/wp-content\/uploads\/2020\/06\/03-1-300x300.png 300w, https:\/\/www.terveilm.ee\/leht\/wp-content\/uploads\/2020\/06\/03-1-150x150.png 150w, https:\/\/www.terveilm.ee\/leht\/wp-content\/uploads\/2020\/06\/03-1-768x768.png 768w, https:\/\/www.terveilm.ee\/leht\/wp-content\/uploads\/2020\/06\/03-1-1536x1536.png 1536w, https:\/\/www.terveilm.ee\/leht\/wp-content\/uploads\/2020\/06\/03-1-2048x2048.png 2048w, https:\/\/www.terveilm.ee\/leht\/wp-content\/uploads\/2020\/06\/03-1-500x500.png 500w\" sizes=\"auto, (max-width: 1024px) 100vw, 1024px\" \/><\/figure><\/li><li class=\"blocks-gallery-item\"><figure><img loading=\"lazy\" decoding=\"async\" width=\"940\" height=\"942\" src=\"https:\/\/www.terveilm.ee\/leht\/wp-content\/uploads\/2018\/11\/4-haridus.jpg\" alt=\"\" data-id=\"10139\" data-full-url=\"https:\/\/www.terveilm.ee\/leht\/wp-content\/uploads\/2018\/11\/4-haridus.jpg\" data-link=\"https:\/\/www.terveilm.ee\/leht\/blogi\/oja-kool\/4-haridus\/\" class=\"wp-image-10139\" srcset=\"https:\/\/www.terveilm.ee\/leht\/wp-content\/uploads\/2018\/11\/4-haridus.jpg 940w, https:\/\/www.terveilm.ee\/leht\/wp-content\/uploads\/2018\/11\/4-haridus-150x150.jpg 150w, https:\/\/www.terveilm.ee\/leht\/wp-content\/uploads\/2018\/11\/4-haridus-300x300.jpg 300w, https:\/\/www.terveilm.ee\/leht\/wp-content\/uploads\/2018\/11\/4-haridus-768x770.jpg 768w, https:\/\/www.terveilm.ee\/leht\/wp-content\/uploads\/2018\/11\/4-haridus-500x500.jpg 500w\" sizes=\"auto, (max-width: 940px) 100vw, 940px\" \/><\/figure><\/li><li class=\"blocks-gallery-item\"><figure><img loading=\"lazy\" decoding=\"async\" width=\"756\" height=\"756\" src=\"https:\/\/www.terveilm.ee\/leht\/wp-content\/uploads\/2018\/11\/10-ebav8rdsus.jpg\" alt=\"\" data-id=\"10227\" data-full-url=\"https:\/\/www.terveilm.ee\/leht\/wp-content\/uploads\/2018\/11\/10-ebav8rdsus.jpg\" data-link=\"https:\/\/www.terveilm.ee\/leht\/blogi\/maarja-kyla-2\/10-ebav8rdsus\/\" class=\"wp-image-10227\" srcset=\"https:\/\/www.terveilm.ee\/leht\/wp-content\/uploads\/2018\/11\/10-ebav8rdsus.jpg 756w, https:\/\/www.terveilm.ee\/leht\/wp-content\/uploads\/2018\/11\/10-ebav8rdsus-150x150.jpg 150w, https:\/\/www.terveilm.ee\/leht\/wp-content\/uploads\/2018\/11\/10-ebav8rdsus-300x300.jpg 300w, https:\/\/www.terveilm.ee\/leht\/wp-content\/uploads\/2018\/11\/10-ebav8rdsus-500x500.jpg 500w\" sizes=\"auto, (max-width: 756px) 100vw, 756px\" \/><\/figure><\/li><li class=\"blocks-gallery-item\"><figure><img loading=\"lazy\" decoding=\"async\" width=\"1024\" height=\"1024\" src=\"https:\/\/www.terveilm.ee\/leht\/wp-content\/uploads\/2020\/06\/11-1-1024x1024.png\" alt=\"\" data-id=\"11772\" data-full-url=\"https:\/\/www.terveilm.ee\/leht\/wp-content\/uploads\/2020\/06\/11-1.png\" data-link=\"https:\/\/www.terveilm.ee\/leht\/blogi\/kestliku-arengu-koalitsiooni-liikmete-video-tallinna-lennujaam\/11-1\/\" class=\"wp-image-11772\" srcset=\"https:\/\/www.terveilm.ee\/leht\/wp-content\/uploads\/2020\/06\/11-1-1024x1024.png 1024w, https:\/\/www.terveilm.ee\/leht\/wp-content\/uploads\/2020\/06\/11-1-300x300.png 300w, https:\/\/www.terveilm.ee\/leht\/wp-content\/uploads\/2020\/06\/11-1-150x150.png 150w, https:\/\/www.terveilm.ee\/leht\/wp-content\/uploads\/2020\/06\/11-1-768x768.png 768w, https:\/\/www.terveilm.ee\/leht\/wp-content\/uploads\/2020\/06\/11-1-1536x1536.png 1536w, https:\/\/www.terveilm.ee\/leht\/wp-content\/uploads\/2020\/06\/11-1-2048x2048.png 2048w, https:\/\/www.terveilm.ee\/leht\/wp-content\/uploads\/2020\/06\/11-1-500x500.png 500w\" sizes=\"auto, (max-width: 1024px) 100vw, 1024px\" \/><\/figure><\/li><li class=\"blocks-gallery-item\"><figure><img loading=\"lazy\" decoding=\"async\" width=\"1024\" height=\"1024\" src=\"https:\/\/www.terveilm.ee\/leht\/wp-content\/uploads\/2020\/06\/13-1-1024x1024.png\" alt=\"\" data-id=\"11764\" data-full-url=\"https:\/\/www.terveilm.ee\/leht\/wp-content\/uploads\/2020\/06\/13-1.png\" data-link=\"https:\/\/www.terveilm.ee\/leht\/blogi\/kestliku-arengu-koalitsiooni-liikmete-video-tallinna-lennujaam\/13-1\/\" class=\"wp-image-11764\" srcset=\"https:\/\/www.terveilm.ee\/leht\/wp-content\/uploads\/2020\/06\/13-1-1024x1024.png 1024w, https:\/\/www.terveilm.ee\/leht\/wp-content\/uploads\/2020\/06\/13-1-300x300.png 300w, https:\/\/www.terveilm.ee\/leht\/wp-content\/uploads\/2020\/06\/13-1-150x150.png 150w, https:\/\/www.terveilm.ee\/leht\/wp-content\/uploads\/2020\/06\/13-1-768x768.png 768w, https:\/\/www.terveilm.ee\/leht\/wp-content\/uploads\/2020\/06\/13-1-1536x1536.png 1536w, https:\/\/www.terveilm.ee\/leht\/wp-content\/uploads\/2020\/06\/13-1-2048x2048.png 2048w, https:\/\/www.terveilm.ee\/leht\/wp-content\/uploads\/2020\/06\/13-1-500x500.png 500w\" sizes=\"auto, (max-width: 1024px) 100vw, 1024px\" \/><\/figure><\/li><li class=\"blocks-gallery-item\"><figure><img loading=\"lazy\" decoding=\"async\" width=\"1024\" height=\"1024\" src=\"https:\/\/www.terveilm.ee\/leht\/wp-content\/uploads\/2020\/06\/15-1-1024x1024.png\" alt=\"\" data-id=\"11765\" data-full-url=\"https:\/\/www.terveilm.ee\/leht\/wp-content\/uploads\/2020\/06\/15-1.png\" data-link=\"https:\/\/www.terveilm.ee\/leht\/blogi\/kestliku-arengu-koalitsiooni-liikmete-video-tallinna-lennujaam\/15-1\/\" class=\"wp-image-11765\" srcset=\"https:\/\/www.terveilm.ee\/leht\/wp-content\/uploads\/2020\/06\/15-1-1024x1024.png 1024w, https:\/\/www.terveilm.ee\/leht\/wp-content\/uploads\/2020\/06\/15-1-300x300.png 300w, https:\/\/www.terveilm.ee\/leht\/wp-content\/uploads\/2020\/06\/15-1-150x150.png 150w, https:\/\/www.terveilm.ee\/leht\/wp-content\/uploads\/2020\/06\/15-1-768x768.png 768w, https:\/\/www.terveilm.ee\/leht\/wp-content\/uploads\/2020\/06\/15-1-1536x1536.png 1536w, https:\/\/www.terveilm.ee\/leht\/wp-content\/uploads\/2020\/06\/15-1-2048x2048.png 2048w, https:\/\/www.terveilm.ee\/leht\/wp-content\/uploads\/2020\/06\/15-1-500x500.png 500w\" sizes=\"auto, (max-width: 1024px) 100vw, 1024px\" \/><\/figure><\/li><\/ul><\/figure>\n","protected":false},"excerpt":{"rendered":"<p>Arengukoost\u00f6\u00f6 \u00dcmarlaua all tegutseb ka Kestliku Arengu Koalitsioon, mis koondab Eesti ettev\u00f5tteid, vaba\u00fchendusi ja riigiasutusi, kes tegutsevad maailma&nbsp;kestliku arengu eesm\u00e4rkide&#8230;<\/p>\n","protected":false},"author":26,"featured_media":11855,"comment_status":"open","ping_status":"open","sticky":false,"template":"","format":"standard","meta":{"_acf_changed":false,"footnotes":""},"categories":[3],"tags":[30],"class_list":["post-11852","post","type-post","status-publish","format-standard","has-post-thumbnail","hentry","category-blogi","tag-kestliku-arengu-koalitsioon-sdg"],"acf":[],"_links":{"self":[{"href":"https:\/\/www.terveilm.ee\/leht\/wp-json\/wp\/v2\/posts\/11852","targetHints":{"allow":["GET"]}}],"collection":[{"href":"https:\/\/www.terveilm.ee\/leht\/wp-json\/wp\/v2\/posts"}],"about":[{"href":"https:\/\/www.terveilm.ee\/leht\/wp-json\/wp\/v2\/types\/post"}],"author":[{"embeddable":true,"href":"https:\/\/www.terveilm.ee\/leht\/wp-json\/wp\/v2\/users\/26"}],"replies":[{"embeddable":true,"href":"https:\/\/www.terveilm.ee\/leht\/wp-json\/wp\/v2\/comments?post=11852"}],"version-history":[{"count":3,"href":"https:\/\/www.terveilm.ee\/leht\/wp-json\/wp\/v2\/posts\/11852\/revisions"}],"predecessor-version":[{"id":11856,"href":"https:\/\/www.terveilm.ee\/leht\/wp-json\/wp\/v2\/posts\/11852\/revisions\/11856"}],"wp:featuredmedia":[{"embeddable":true,"href":"https:\/\/www.terveilm.ee\/leht\/wp-json\/wp\/v2\/media\/11855"}],"wp:attachment":[{"href":"https:\/\/www.terveilm.ee\/leht\/wp-json\/wp\/v2\/media?parent=11852"}],"wp:term":[{"taxonomy":"category","embeddable":true,"href":"https:\/\/www.terveilm.ee\/leht\/wp-json\/wp\/v2\/categories?post=11852"},{"taxonomy":"post_tag","embeddable":true,"href":"https:\/\/www.terveilm.ee\/leht\/wp-json\/wp\/v2\/tags?post=11852"}],"curies":[{"name":"wp","href":"https:\/\/api.w.org\/{rel}","templated":true}]}}