{"id":11923,"date":"2020-08-17T14:24:16","date_gmt":"2020-08-17T11:24:16","guid":{"rendered":"https:\/\/www.terveilm.ee\/leht\/?p=11923"},"modified":"2020-08-17T14:24:17","modified_gmt":"2020-08-17T11:24:17","slug":"susanna-veevo-baltikum-peab-valgevene-kusimuses-olema-uhtne","status":"publish","type":"post","link":"https:\/\/www.terveilm.ee\/leht\/blogi\/susanna-veevo-baltikum-peab-valgevene-kusimuses-olema-uhtne\/","title":{"rendered":"Susanna Veevo: Baltikum peab Valgevene k\u00fcsimuses olema \u00fchtne"},"content":{"rendered":"\n<p>S\u00fcndmused Valgevenes on avanud Eesti v\u00e4lispoliitiliste k\u00fcsimuste Pandora laeka. Me v\u00f5ime k\u00fcll enam-v\u00e4hem \u00fcksmeelselt n\u00f5ustuda, et Valgevene hiljutised valimised olid farss ning ebademokraatlikud, kuid v\u00e4lisriikide sekkumise osas me parimal juhul diskuteerime, halvemal juhul aga hoitamee suu kinni ja ootame, et valgusvihk naabrusriikidelt \u00e4ra p\u00f6\u00f6rataks. Umbes sama halb on ka oodata, et Euroopa Liit tugevaid seisukohti v\u00f5taks ning ise selle j\u00e4rgi ootama j\u00e4\u00e4da.\u00a0<\/p>\n\n\n\n<p>Idapartnerlus ei ole pelgalt s\u00f5nak\u00f5lks v\u00f5i asenduspoliitika &#8211; see p\u00f5hineb solidaarsel regiooni edendamisel ja demokraatlike v\u00e4\u00e4rtuste kaitsmisel. Kogu idapartnerluse regiooni stabiilsusest oleme meie Eestis ja Baltikumis otseselt s\u00f5ltuvad. Peame tegema omalt poolt k\u00f5ikv\u00f5imaliku, et Euroopa idapiiririike tuua l\u00e4hemale euroopalikele v\u00e4\u00e4rtustele ning \u00fcheaegselt v\u00e4hendada Venemaa m\u00f5juv\u00e4ljast. Valimistulemuste v\u00f5ltsimine, opositsioonikandidaadi riigist v\u00e4lja surumine ning rahumeelsetele protestidele m\u00e4rulipolitseiv\u00e4givallaga vastamine ei ole mingisugune Ida-Euroopa action film, mida uudistest vaadata saab. See on reaalne julgeolekuoht Euroopale, mille osas silma pooleldi kinni pigistamine ja pealiskaudsete poliitiliste avalduste tegemine v\u00f5ib meile veel hiljem k\u00e4tte maksta &#8211; v\u00e4hemalt ideoloogiliselt. Kui niiv\u00f5rd p\u00f6\u00f6rdelistel aegadel Euroopa Liit oma naabruspiirkondades demokraatlike v\u00e4\u00e4rtuste eest ei v\u00f5itle, siis laseme raisku ka suure osa t\u00f6\u00f6st ning investeeringutest, mida idapartnerluse arengule panustanud oleme.&nbsp;<\/p>\n\n\n\n<p>Baltikum, Euroopa pisiriikidest koosnev sovieti ajalooga Euroopa Liidu idapiir, ei ole kunagi olnud paremas poliitilises seisus kui t\u00e4na. Me oleme Euroopa edulugu, keerulise taustaga demokraatiap\u00f6\u00f6rde ning meeletu arenguh\u00fcppe l\u00e4bi teinud digiregioon.&nbsp;<\/p>\n\n\n\n<p>Positsioneerudes ida ja l\u00e4\u00e4ne vahe peal, olles poliitiliselt osa l\u00e4\u00e4nelikust Euroopa Liidust ning paiknedes geograafiliselt Ida-Euroopas, on meil vastutus vahendada L\u00e4\u00e4ne-Ida poliitilisi ja ideoloogilisi konflikte ning olla seejuures teen\u00e4itajaks kogu Euroopale.&nbsp;<\/p>\n\n\n\n<p>Keegi ei ootagi, et Eesti oma \u201crevolutsioonilise abik\u00e4ega\u201d Valgevenet iseseisvalt vabastama l\u00e4heks. Vaadake, mis riigis toimub &#8211; nad saavad iseenda revolutsiooniga t\u00e4iesti suurep\u00e4raselt hakkama. K\u00fcll aga on meie v\u00f5imuses avaldada poliitilist survet ebaseaduslikult moodustuvale valitsusele. Leedu on v\u00f5tnud siinkohal t\u00e4iesti ajalooliselt j\u00f5ulise juhtrolli. Leedu parlament kuulutas Luka\u0161enka illegitiimseks presidendiks juba n\u00e4dal aega tagasi. Leedu president viitas m\u00f5ni p\u00e4ev tagasi Luka\u0161enkale kui \u201cValgevene endisele presidendile\u201d. Need ei ole pelgalt poliitilised seisukohad. Leedu \u00fcheselt m\u00f5istetav vaade mitte ainult Valgevene ebaseaduslikele valimistele, vaid ka Luka\u0161enko kuritegelikule v\u00f5imuv\u00f5itlusele, on teadlik ideoloogiline positsioon.&nbsp;<\/p>\n\n\n\n<p>Eesti sekkumatus v\u00f5ib aga saada vastupidiseks signaaliks. K\u00f5hklused Luka\u0161enka valitsuse ebaseaduslikuks deklareerimisel \u00f5\u00f5nestab Ida-Euroopa p\u00fc\u00fcdlusi demokraatiap\u00f6\u00f6rdeks.&nbsp;<\/p>\n\n\n\n<p>Valgevene t\u00e4naste s\u00fcndmuste valguses ei ole meil mahti vaadata Euroopa poole. Mitte keegi ei tunne Valgevene rahvast ja ajalugu paremini kui meie, Baltikum. Me vajame hoopis tugevat Baltikumi juhtimist, millele \u00fclej\u00e4\u00e4nud Euroopa j\u00e4rgneda saab. Palun v\u00e4ga, Leedu on otsa lahti teinud &#8211; kus on meie teod?&nbsp;<\/p>\n","protected":false},"excerpt":{"rendered":"<p>S\u00fcndmused Valgevenes on avanud Eesti v\u00e4lispoliitiliste k\u00fcsimuste Pandora laeka. Me v\u00f5ime k\u00fcll enam-v\u00e4hem \u00fcksmeelselt n\u00f5ustuda, et Valgevene hiljutised valimised olid&#8230;<\/p>\n","protected":false},"author":26,"featured_media":11386,"comment_status":"open","ping_status":"open","sticky":false,"template":"","format":"standard","meta":{"_acf_changed":false,"footnotes":""},"categories":[3],"tags":[31,23],"class_list":["post-11923","post","type-post","status-publish","format-standard","has-post-thumbnail","hentry","category-blogi","tag-aku","tag-inimoigused"],"acf":[],"_links":{"self":[{"href":"https:\/\/www.terveilm.ee\/leht\/wp-json\/wp\/v2\/posts\/11923","targetHints":{"allow":["GET"]}}],"collection":[{"href":"https:\/\/www.terveilm.ee\/leht\/wp-json\/wp\/v2\/posts"}],"about":[{"href":"https:\/\/www.terveilm.ee\/leht\/wp-json\/wp\/v2\/types\/post"}],"author":[{"embeddable":true,"href":"https:\/\/www.terveilm.ee\/leht\/wp-json\/wp\/v2\/users\/26"}],"replies":[{"embeddable":true,"href":"https:\/\/www.terveilm.ee\/leht\/wp-json\/wp\/v2\/comments?post=11923"}],"version-history":[{"count":1,"href":"https:\/\/www.terveilm.ee\/leht\/wp-json\/wp\/v2\/posts\/11923\/revisions"}],"predecessor-version":[{"id":11924,"href":"https:\/\/www.terveilm.ee\/leht\/wp-json\/wp\/v2\/posts\/11923\/revisions\/11924"}],"wp:featuredmedia":[{"embeddable":true,"href":"https:\/\/www.terveilm.ee\/leht\/wp-json\/wp\/v2\/media\/11386"}],"wp:attachment":[{"href":"https:\/\/www.terveilm.ee\/leht\/wp-json\/wp\/v2\/media?parent=11923"}],"wp:term":[{"taxonomy":"category","embeddable":true,"href":"https:\/\/www.terveilm.ee\/leht\/wp-json\/wp\/v2\/categories?post=11923"},{"taxonomy":"post_tag","embeddable":true,"href":"https:\/\/www.terveilm.ee\/leht\/wp-json\/wp\/v2\/tags?post=11923"}],"curies":[{"name":"wp","href":"https:\/\/api.w.org\/{rel}","templated":true}]}}