{"id":11925,"date":"2020-08-17T14:25:08","date_gmt":"2020-08-17T11:25:08","guid":{"rendered":"https:\/\/www.terveilm.ee\/leht\/?p=11925"},"modified":"2020-08-17T14:25:09","modified_gmt":"2020-08-17T11:25:09","slug":"susanna-veevo-leedu-on-votnud-valgevene-revolutsioonis-euroopa-juhtrolli-miks-meie-veel-magame","status":"publish","type":"post","link":"https:\/\/www.terveilm.ee\/leht\/blogi\/susanna-veevo-leedu-on-votnud-valgevene-revolutsioonis-euroopa-juhtrolli-miks-meie-veel-magame\/","title":{"rendered":"Susanna Veevo: Leedu on v\u00f5tnud Valgevene revolutsioonis Euroopa juhtrolli. Miks meie veel magame?"},"content":{"rendered":"\n<p>Me v\u00f5ime k\u00fcll enam-v\u00e4hem \u00fcksmeelselt n\u00f5ustuda, et\u00a0<a rel=\"noreferrer noopener\" href=\"https:\/\/www.delfi.ee\/teemalehed\/valgevene\" target=\"_blank\">Valgevene<\/a>\u00a0hiljutised valimised olid farss ning ebademokraatlikud, kuid v\u00e4lisriikide sekkumise osas me parimal juhul diskuteerime, halvemal juhul aga hoitamee suu kinni ja ootame, et valgusvihk naabrusriikidelt \u00e4ra p\u00f6\u00f6rataks. Umbes sama halb on ka oodata, et Euroopa Liit tugevaid seisukohti v\u00f5taks ning ise selle j\u00e4rgi ootama j\u00e4\u00e4da.<\/p>\n\n\n\n<p>Loe edasi: <a href=\"https:\/\/epl.delfi.ee\/arvamus\/susanna-veevo-leedu-on-votnud-valgevene-revolutsioonis-euroopa-juhtrolli-miks-meie-veel-magame?id=90759009\">https:\/\/epl.delfi.ee\/arvamus\/susanna-veevo-leedu-on-votnud-valgevene-revolutsioonis-euroopa-juhtrolli-miks-meie-veel-magame?id=90759009<\/a><\/p>\n","protected":false},"excerpt":{"rendered":"<p>Me v\u00f5ime k\u00fcll enam-v\u00e4hem \u00fcksmeelselt n\u00f5ustuda, et\u00a0Valgevene\u00a0hiljutised valimised olid farss ning ebademokraatlikud, kuid v\u00e4lisriikide sekkumise osas me parimal juhul diskuteerime,&#8230;<\/p>\n","protected":false},"author":26,"featured_media":0,"comment_status":"open","ping_status":"open","sticky":false,"template":"","format":"standard","meta":{"_acf_changed":false,"footnotes":""},"categories":[48],"tags":[],"class_list":["post-11925","post","type-post","status-publish","format-standard","hentry","category-meediakajastused"],"acf":[],"_links":{"self":[{"href":"https:\/\/www.terveilm.ee\/leht\/wp-json\/wp\/v2\/posts\/11925","targetHints":{"allow":["GET"]}}],"collection":[{"href":"https:\/\/www.terveilm.ee\/leht\/wp-json\/wp\/v2\/posts"}],"about":[{"href":"https:\/\/www.terveilm.ee\/leht\/wp-json\/wp\/v2\/types\/post"}],"author":[{"embeddable":true,"href":"https:\/\/www.terveilm.ee\/leht\/wp-json\/wp\/v2\/users\/26"}],"replies":[{"embeddable":true,"href":"https:\/\/www.terveilm.ee\/leht\/wp-json\/wp\/v2\/comments?post=11925"}],"version-history":[{"count":1,"href":"https:\/\/www.terveilm.ee\/leht\/wp-json\/wp\/v2\/posts\/11925\/revisions"}],"predecessor-version":[{"id":11926,"href":"https:\/\/www.terveilm.ee\/leht\/wp-json\/wp\/v2\/posts\/11925\/revisions\/11926"}],"wp:attachment":[{"href":"https:\/\/www.terveilm.ee\/leht\/wp-json\/wp\/v2\/media?parent=11925"}],"wp:term":[{"taxonomy":"category","embeddable":true,"href":"https:\/\/www.terveilm.ee\/leht\/wp-json\/wp\/v2\/categories?post=11925"},{"taxonomy":"post_tag","embeddable":true,"href":"https:\/\/www.terveilm.ee\/leht\/wp-json\/wp\/v2\/tags?post=11925"}],"curies":[{"name":"wp","href":"https:\/\/api.w.org\/{rel}","templated":true}]}}