{"id":11974,"date":"2020-09-25T10:47:15","date_gmt":"2020-09-25T07:47:15","guid":{"rendered":"https:\/\/www.terveilm.ee\/leht\/?p=11974"},"modified":"2020-10-19T14:59:58","modified_gmt":"2020-10-19T11:59:58","slug":"otseulekanne-%e2%9f%a9-kuidas-kestliku-arengu-teemasid-paremini-inimesteni-viia","status":"publish","type":"post","link":"https:\/\/www.terveilm.ee\/leht\/blogi\/otseulekanne-%e2%9f%a9-kuidas-kestliku-arengu-teemasid-paremini-inimesteni-viia\/","title":{"rendered":"OTSE\u00dcLEKANNE \u27e9 Kuidas kestliku arengu teemasid paremini inimesteni viia?"},"content":{"rendered":"\n<p>Kestliku arengu eesm\u00e4rgid k\u00f6idavad enda alla paljusid teemasid alates vaesusest ja l\u00f5petades kliimamuutustega. Kuidas neid aga meedias kajastada nii, et nendest k\u00f5ik inimesed lihtsasti aru saaks? Ehk on kajastust olnud juba piisavalt ning rohkem ei olegi vaja? V\u00f5i siiski?<\/p>\n\n\n\n<p>Kuidas keerulisi teemasid teha selgeks k\u00f5ikidele inimestele arutavad ERRi ajakirjanik Jane Saluorg, 4Dimensiooni peatoimetaja Jete-Ri J\u00f5esaar, Eestimaa looduse fondi juhataja Tarmo T\u00fc\u00fcr ja arengukoost\u00f6\u00f6 \u00fcmarlaua juht Agne Kuimet. Arutelu juhib Mart Valner.<\/p>\n\n\n\n<p>Vaata siit: <a href=\"https:\/\/tartu.postimees.ee\/7070932\/kuidas-kestliku-arengu-teemasid-paremini-inimesteni-viia\" target=\"_blank\" rel=\"noreferrer noopener\">https:\/\/tartu.postimees.ee\/7070932\/kuidas-kestliku-arengu-teemasid-paremini-inimesteni-viia<\/a><a rel=\"noreferrer noopener\" target=\"_blank\" href=\"https:\/\/www.facebook.com\/sharer\/sharer.php?s=100&amp;u=https:\/\/tartu.postimees.ee\/7070932\/kuidas-kestliku-arengu-teemasid-paremini-inimesteni-viia%3Futm_source%3Dfacebook.com%26utm_medium%3Dsocial%26utm_campaign%3Dshare-buttons%26utm_content%3D7070932\"><\/a><a rel=\"noreferrer noopener\" target=\"_blank\" href=\"https:\/\/twitter.com\/share?text=Kuidas%20kestliku%20arengu%20teemasid%20paremini%20inimesteni%20viia%3F&amp;url=https:\/\/tartu.postimees.ee\/7070932\/kuidas-kestliku-arengu-teemasid-paremini-inimesteni-viia%3Futm_source%3Dtwitter.com%26utm_medium%3Dsocial%26utm_campaign%3Dshare-buttons%26utm_content%3D7070932\"><\/a><a rel=\"noreferrer noopener\" target=\"_blank\" href=\"http:\/\/www.facebook.com\/dialog\/send?app_id=355558204596855&amp;link=https:\/\/tartu.postimees.ee\/7070932\/kuidas-kestliku-arengu-teemasid-paremini-inimesteni-viia%3Futm_source=messenger.com&amp;utm_medium=button_article&amp;utm_content=7070932&amp;utm_campaign=fb_social&amp;display=popup&amp;redirect_uri=https:\/\/tartu.postimees.ee\/7070932\/kuidas-kestliku-arengu-teemasid-paremini-inimesteni-viia\"><\/a><\/p>\n","protected":false},"excerpt":{"rendered":"<p>Kestliku arengu eesm\u00e4rgid k\u00f6idavad enda alla paljusid teemasid alates vaesusest ja l\u00f5petades kliimamuutustega. Kuidas neid aga meedias kajastada nii, et&#8230;<\/p>\n","protected":false},"author":26,"featured_media":0,"comment_status":"open","ping_status":"open","sticky":false,"template":"","format":"standard","meta":{"_acf_changed":false,"footnotes":""},"categories":[48],"tags":[],"class_list":["post-11974","post","type-post","status-publish","format-standard","hentry","category-meediakajastused"],"acf":[],"_links":{"self":[{"href":"https:\/\/www.terveilm.ee\/leht\/wp-json\/wp\/v2\/posts\/11974","targetHints":{"allow":["GET"]}}],"collection":[{"href":"https:\/\/www.terveilm.ee\/leht\/wp-json\/wp\/v2\/posts"}],"about":[{"href":"https:\/\/www.terveilm.ee\/leht\/wp-json\/wp\/v2\/types\/post"}],"author":[{"embeddable":true,"href":"https:\/\/www.terveilm.ee\/leht\/wp-json\/wp\/v2\/users\/26"}],"replies":[{"embeddable":true,"href":"https:\/\/www.terveilm.ee\/leht\/wp-json\/wp\/v2\/comments?post=11974"}],"version-history":[{"count":2,"href":"https:\/\/www.terveilm.ee\/leht\/wp-json\/wp\/v2\/posts\/11974\/revisions"}],"predecessor-version":[{"id":12014,"href":"https:\/\/www.terveilm.ee\/leht\/wp-json\/wp\/v2\/posts\/11974\/revisions\/12014"}],"wp:attachment":[{"href":"https:\/\/www.terveilm.ee\/leht\/wp-json\/wp\/v2\/media?parent=11974"}],"wp:term":[{"taxonomy":"category","embeddable":true,"href":"https:\/\/www.terveilm.ee\/leht\/wp-json\/wp\/v2\/categories?post=11974"},{"taxonomy":"post_tag","embeddable":true,"href":"https:\/\/www.terveilm.ee\/leht\/wp-json\/wp\/v2\/tags?post=11974"}],"curies":[{"name":"wp","href":"https:\/\/api.w.org\/{rel}","templated":true}]}}