{"id":12060,"date":"2020-11-16T14:46:40","date_gmt":"2020-11-16T12:46:40","guid":{"rendered":"https:\/\/www.terveilm.ee\/leht\/?p=12060"},"modified":"2020-11-16T15:03:34","modified_gmt":"2020-11-16T13:03:34","slug":"aku-tegemised-kuu-jooksul","status":"publish","type":"post","link":"https:\/\/www.terveilm.ee\/leht\/blogi\/aku-tegemised-kuu-jooksul\/","title":{"rendered":"AK\u00dc tegemised kuu jooksul"},"content":{"rendered":"\n<p>Arengukoost\u00f6\u00f6 ja humanitaarabiga tegelevaid Euroopa vaba\u00fchendusi koondav CONCORD Europe avaldas sel n\u00e4dalal aastaraporti AidWatch 2020, millest selgub, et Eesti on baltikumi suurim finantsilise arenguabi andja, aga alles poolel teel oma eesm\u00e4rgini t\u00f5sta arengukoost\u00f6\u00f6le suunatud ressursse 0.33%ni riigieelarvest. <a href=\"https:\/\/www.terveilm.ee\/leht\/blogi\/eesti-on-baltikumi-suurim-arenguabi-andja\/\" target=\"_blank\" rel=\"noreferrer noopener\">Loe l\u00e4hemalt selle kohta siit!<\/a><\/p>\n\n\n\n<p>Toimus kestliku arengu koalititsiooni s\u00fcgiskohtumine, kus esitleti j\u00e4rgmise tegevusperioodi koolitusplaani ning suure eesm\u00e4rgi &#8211; SDG-de kaasamisplatvormi &#8211; seisu ja plaane. Uuel perioodil on plaanis korraldada kommunikatsiooni- ja koost\u00f6\u00f6teemalisi koolitus ja m\u00f5tteringe, samuti Baltimaade koalitsioonide \u00fchiskohtumine. Kaasamisplatvormi esimene avalik versioon valmib 2021. aasta s\u00fcgiseks.<\/p>\n\n\n\n<p>AK\u00dc ja valitud liikmed kohtusid USA arenguagentuuri USAID asejuhi Bonnie Glick\u2019iga. Kohtumisel tutvustasid Eesti osapooled projekte, mis varasemalt tehtud v\u00f5i hetkel k\u00e4imas ning \u00fcmarlauavestluses arutati v\u00f5imalikke edasisi koost\u00f6\u00f6valdkondi.<\/p>\n\n\n\n<p>V\u00e4lisminister Urmas Reinsalu ja Bonnie Glick allkirjastasid ka \u00fchisdeklaratsiooni, et s\u00fcvendada kahepoolset koost\u00f6\u00f6d digip\u00f6\u00f6rde edendamisel arengukoost\u00f6\u00f6 partnerriikides. \u00dchisavalduse kohaselt on Eestil ja USA-l kavas jagada arengukoost\u00f6\u00f6 tegevuste raames avaliku ja erasektori kogemusi ning h\u00e4id tavasid digip\u00f6\u00f6rde alal. Samuti soovitakse aidata kaasa turvalist ja avatud digi\u00fchiskonda toetavate tehnoloogialahenduste arendamisele.<\/p>\n\n\n\n<p>Andsime V\u00e4lisministeeriumile sisendit m\u00f5ju hindamise s\u00fcsteemi ning arengukoost\u00f6\u00f6 agentuuri loomise protsessidele. Arengukoost\u00f6\u00f6 agentuur muudab uuest aastast oluliselt kohalikku arengukoost\u00f6\u00f6 taotlusvoorude s\u00fcsteemi, seega on oluline, at vabakonna h\u00e4\u00e4l oleks kuuldav juba organisatsiooni loomisfaasis. M\u00f5ju hindamise s\u00fcsteemi loomine on aga samm veelgi m\u00f5testatuma ja m\u00f5jukama arengukoost\u00f6\u00f6 suunas, mis on olnud ka AK\u00dc ja liikmeskonna pikaajaliseks huvikaitses\u00f5numiks ja -eesm\u00e4rgiks.<\/p>\n\n\n\n<p>Kuna on s\u00fcgis, on AK\u00dc b\u00fcroo tegelenud keskmisest intensiivsemalt Euroopa Komisjoni projektide aruandluse ning uute rahvusvaheliste projektide kirjutamisega.<\/p>\n\n\n\n<hr class=\"wp-block-separator has-text-color has-background has-vivid-green-cyan-background-color has-vivid-green-cyan-color is-style-dots\"\/>\n\n\n\n<p>1. detsembril 2020 v\u00f5tavad k\u00fcmned vaba\u00fchendused \u00fcle Eesti ette erinevaid tegevusi, et koguda annetusi \u00fchiskondlike probleemide lahendamiseks ning kutsuda inimesi \u00fcles endale olulist valdkonda toetama. Toimuvad annetamistalgud! Vaata lisa: <a rel=\"noreferrer noopener\" href=\"https:\/\/annetamistalgud.ee\/\" target=\"_blank\">https:\/\/annetamistalgud.ee\/<\/a><\/p>\n\n\n\n<hr class=\"wp-block-separator has-text-color has-background has-vivid-green-cyan-background-color has-vivid-green-cyan-color is-style-dots\"\/>\n\n\n\n<p>CONCORDi maailmahariduse t\u00f6\u00f6r\u00fchma (GCE ehk Global Citizenship Education group) kohtumine toimus 9.-10. novembril Zoomis.<\/p>\n\n\n\n<p>2020. aastal on olnud fookuses maailmahariduse programm uues ELi raameelarves (MFF), COVIDi m\u00f5ju tegevuste elluviimisele ning t\u00f6\u00f6r\u00fchma poliitikam\u00f5jutamise ehk advocacy strateegia loomine j\u00e4rgnevateks aastateks.<\/p>\n\n\n\n<p>Veel sel aastal n\u00e4eme kolme suuremat v\u00e4ljakutset v\u00f5i tegevust.<\/p>\n\n\n\n<p>Rilli Lappalainen &#8211; maailmahariduse eestvedaja juba paark\u00fcmmend aastat ja Fingo ehk Soome &#8220;AK\u00dc&#8221; direktor &#8211; kandideerib CONCORDi presidendiks 18.-19. novembril toimuval CONCORDi \u00fcldkogul. Meile meeldib!<\/p>\n\n\n\n<p>Reakstioon COVIDile. Kui varem kogusime kokku praktikaid ja v\u00e4ljakutseid pandeemia ajal MH tegevuste elluviimisel, siis t\u00e4na n\u00e4eme vajadust suhelda rahastajatega finantseerimisreeglite muutmiseks. Kui eelarvetes on suur hulk raha reisimisele, mida ei toimu, kuid online t\u00f6\u00f6koormus on suurem, peab \u00fcle vaatama (inimressursi) protsendid kogu eelarvest. Samuti omafinantseeringu v\u00f5imekuse.<\/p>\n\n\n\n<p>Kui sinu organisatsioon on juba rahastajatega (Euroopa Komisjon, V\u00e4M jne) sel teemal suhelnud ja oskab head n\u00f5u anda, v\u00f5ta palun \u00fchendust Mariga (<a href=\"mailto:mari@humanae.ee\" target=\"_blank\" rel=\"noreferrer noopener\">mari@humanae.ee<\/a>)<\/p>\n\n\n\n<p>Maailmaharidus ELi eelarves. Kuigi v\u00e4lisinstrument NDICI tuleb kindlasti, ei ole maailmahariduse koht 100% kindlustatud. Kuigi oleme komisjoni inimestega suhelnud ja ka omapoolsed soovitused kirja pannud, v\u00f5ib \u00fcllatusi veel tulla. Kui nii peaks juhtuma, siis on t\u00e4htis roll iga liikmesriigi &#8220;AK\u00dcl&#8221;, et v\u00e4lisministeeriumid n\u00f5uaks uues eelarves maailmaharidusele kohta.<\/p>\n\n\n\n<hr class=\"wp-block-separator has-text-color has-background has-vivid-green-cyan-background-color has-vivid-green-cyan-color is-style-dots\"\/>\n\n\n\n<p>L\u00e4hisuhtev\u00e4givald ja ainete (kuri)tarvitamine<\/p>\n\n\n\n<p>Lisaks oma igap\u00e4evat\u00f6\u00f6le v\u00e4givallast v\u00e4ljujate abistamisel on Naiste Tugi- ja Teabekeskus osaline ka mitmetes rahvusvahelistes koost\u00f6\u00f6projektides. \u00dche uue teemana on k\u00e4sil l\u00e4hisuhtev\u00e4givald ja ainete (kuri)tarvitamine. M\u00f6\u00f6dnud aasta l\u00f5pul alguse saanud Erasmus+ programmi poolt rahastatud projekt FASA (<em>Free form addiction, safe from abuse<\/em>)&nbsp; \u00fchendab seitset organisatsiooni viiest erinevast Euroopa riigist. FASA eesm\u00e4rk on tugevdada sotsiaalhoolekande praktikute ja spetsialistide t\u00f6\u00f6p\u00f5hiseid oskusi l\u00e4hisuhtev\u00e4givalla ohvrite toetamise alal, et t\u00f6\u00f6tada efektiivselt l\u00e4hisuhtev\u00e4givalla ohvritega, kellel on ainete (kuri)tarvitamise probleeme. FASA koondab kodaniku\u00fchiskonna organisatsioone, kes tegelevad ohvrite toetamisega; k\u00f5rgharidusasutusi soolise ja l\u00e4hisuhte v\u00e4givalla&nbsp; valdkonnas; ning kutsehariduse pakkujad. Projekti raames koostakse anal\u00fc\u00fctiline raport, mille tarvis kogutakse informatsiooni l\u00e4hisuhtev\u00e4givalla ohvreid teenindavate sotsiaalhoolekande spetsialistide t\u00f6\u00f6s ette tuleva praeguse olukorra ja koolitusvajaduste kohta klientide poolse s\u00f5ltuvusainete (kuri)tarvitamise teemal. Seej\u00e4rel t\u00f6\u00f6tatakse FASA projekti raames v\u00e4lja koolitusmaterjalid, mis on abiks spetsialistidele s\u00f5ltuvuse k\u00fc\u00fcsis olevate ohvrite abistamisel. FASA koolitusmaterjalid saavad tasuta veebis k\u00e4ttesaadavaks k\u00f5ikides projektikeeltes (inglise, eesti, islandi, hispaania, kreeka).<\/p>\n\n\n\n<p>Sel suvel k\u00e4ivitus projekt MARISSA (<em>Multi-agency approach to support victims of intimate partner violence with substance abuse issues<\/em>), mida rahastab Euroopa Komisjoni <em>Rights, Equality and Citizenship <\/em>progamm. Tegemist on kaheaastase projektiga, mis toob kokku kuus partnerit kolmest riigist (Eesti, Kreeka, Island). MARISSA tegeleb aineid (kuri)tarvitavate l\u00e4hisuhtev\u00e4givalla ohvrite probleemidele lahenduste leidmisega. Olemasolevates ohvriabiprogrammides ei k\u00e4sitleta l\u00e4hisuhtev\u00e4givallas s\u00f5ltuvusse sattunud ohvreid, kuna kahte elementi (v\u00e4givald ja s\u00f5ltuvust) k\u00e4sitletakse eraldi, samas kui l\u00e4heneda tuleks kompleksselt. MARISSA &nbsp;raames t\u00f6\u00f6tame v\u00e4lja praktilised mitme-asutuse t\u00f6\u00f6riistad ja suutlikkuse suurendamise materjalid, et abistada spetsialiste ja parandada teenuseid, mida pakutakse naistele, kes kannatavad samaaegselt l\u00e4hisuhtev\u00e4givalla ja s\u00f5ltuvuse all. Lisaks panustame sidusr\u00fchmade, ohvrite ja avalikkuse teadlikkuse t\u00f5stmisele sel olulisel teemal.<\/p>\n\n\n\n<p>MARISSA aitab kaasa professionaalide v\u00f5imekuse t\u00f5stmisele ja mitme asutuse vahelise koost\u00f6\u00f6 edendamisele l\u00e4hisuhtev\u00e4givalla ja s\u00f5ltuvuse valdkonnas, arendades ja katsetades p\u00f5hjalikku koolitusjuhendit ning uuenduslikke praktilisi sekkumisvahendeid spetsialistidele.<\/p>\n\n\n\n<p>MT\u00dc Naiste Tugi- ja Teabekeskuse roll m\u00f5lemas projektis on ohvritega t\u00f6\u00f6tavatelt spetsialistidelt vajaliku tagasiside kogumine l\u00e4bi veebiuuringute ja fooksgruppide l\u00e4biviimise, v\u00e4lja t\u00f6\u00f6tatud materjalide testimine ja tagasiside koondamine ning teavitust\u00f6\u00f6 tulemuste levitamisel. Rohkem infot www.naistetugi.ee<\/p>\n\n\n\n<hr class=\"wp-block-separator has-text-color has-background has-vivid-green-cyan-background-color has-vivid-green-cyan-color is-style-dots\"\/>\n\n\n\n<p><strong>Inim\u00f5iguste keskus kutsub Annetamistalgutel k\u00fclla<\/strong><\/p>\n\n\n\n<p>Inim\u00f5iguste keskus kutsub&nbsp;k\u00f5iki&nbsp;<strong>1. detsembril<\/strong>&nbsp;virtuaalselt ja turvaliselt Eesti Inim\u00f5iguste Keskusele k\u00fclla! Kes on meie inimesed ja millega me tegeleme? Kuidas&nbsp;valime kohtuvaidlusi? Kuidas aitab sinu annetus Eesti \u00fchiskonda iga inimese jaoks ilusamaks muuta?<\/p>\n\n\n\n<p>Kogu p\u00e4eva jooksul tehakse otsel\u00fclitusi&nbsp;<a href=\"https:\/\/www.facebook.com\/events\/2714402652157811\" target=\"_blank\" rel=\"noreferrer noopener\">Facebooki<\/a>&nbsp;ja&nbsp;<a href=\"https:\/\/www.instagram.com\/inimoigused\/\" target=\"_blank\" rel=\"noreferrer noopener\">Instagrami<\/a>&nbsp;vahendusel \u2013 r\u00e4\u00e4gitakse keskuse tegevusest, vastatakse&nbsp;inimeste&nbsp;k\u00fcsimustele ning jagatakse&nbsp;ka kingitusi. Annetamistalgutel on inim\u00f5iguste keskus justkui sinu taskus!<\/p>\n\n\n\n<p>Tule ise ja v\u00f5ta ka s\u00f5ber kaasa! Loome \u00fcheskoos iga inimese inim\u00f5igusi austava Eesti!<\/p>\n\n\n\n<hr class=\"wp-block-separator has-text-color has-background has-vivid-green-cyan-background-color has-vivid-green-cyan-color is-style-dots\"\/>\n\n\n\n<p><strong>Maailmahariduse kursus haridust\u00f6\u00f6tajatele alustab jaanuaris 2021<\/strong><\/p>\n\n\n\n<p>Viiest moodulist koosneva kursuse \u201cMaailmaharidus muutuvas \u00fchiskonnas\u201d fookuses on kestlik areng seoses kliimamuutuste ja r\u00e4ndega. Kutsume osalema \u00f5petajaid, noorsoot\u00f6\u00f6tajaid ja k\u00f5iki teisi haridust\u00f6\u00f6tajaid, kes t\u00f6\u00f6tavad noortega vanuses 15-19.<\/p>\n\n\n\n<hr class=\"wp-block-separator has-text-color has-background has-vivid-green-cyan-background-color has-vivid-green-cyan-color is-style-dots\"\/>\n\n\n\n<p><strong>Oktoobri alguses toimus R\u00e4pina \u00dchisg\u00fcmanaasiumis <\/strong>V\u00e4lisministeerium arengu- ja humanitaarabi vahenditest abil m\u00e4ng, mis viis selles osalenud noored fantaasiamaailmas tulevikku aastasse 2121. P\u00e4ris elus rollim\u00e4ng ehk larp (<em>Live Action Role Play Game<\/em>) Eesti 2121. M\u00e4ngu&nbsp;eesm\u00e4rgiks oli panna noor m\u00f5tlema l\u00e4bi isikliku kogemuse&nbsp;keskkonnas\u00e4\u00e4stliku ja j\u00e4tkusuutliku arengu vajalikkusest.<\/p>\n\n\n\n<p>P\u00f5hinedes&nbsp;\u00dcRO kestliku arengu eesm\u00e4rkidele loodi kogemusp\u00f5hine koolinoortele m\u00f5eldud rollim\u00e4ng Eesti 2121, mis fantaseerib teemaga, et milline v\u00f5iks elu v\u00e4lja n\u00e4ha siis, kui me ei p\u00f6\u00f6ra t\u00e4na piisavalt t\u00e4helepanu keskkonnaprobleemide v\u00e4hendamiseks.<br>Stsenaariumi kohaselt oli aasta 2121 ning kunagisse R\u00e4pina \u00dchisg\u00fcmnaasiumi hoonesse oli loodud uurimisjaam. Mis toimus, saab vaadata videost&nbsp;<a rel=\"noreferrer noopener\" href=\"https:\/\/youtu.be\/IaXioQYPAtM\" target=\"_blank\">https:\/\/youtu.be\/IaXioQYPAtM<\/a><br>Selleks, et aga noortel ei j\u00e4\u00e4ks ettekujutus, et teadust\u00f6\u00f6 ja tulevik ongi vaid m\u00e4nguline fantaasia, toimus novembri alguses temaatiline \u00f5ppek\u00e4ik J\u00e4rvseljale, kus uuriti, mis on seal asuvate uurimisjaamade panus maailmale.<\/p>\n\n\n\n<hr class=\"wp-block-separator has-text-color has-background has-vivid-green-cyan-background-color has-vivid-green-cyan-color is-style-dots\"\/>\n\n\n\n<p><strong>Ligi poolteist aastat kestnud P\u00f5hjamaade Ministrite N\u00f5ukogu poolt toetatud projekti raames on t\u00f6\u00f6tatud MT\u00dc Peipsi Koost\u00f6\u00f6 Keskuse poolt v\u00e4lja hulganisti praktilisi materjale neile, kel on huvi kasutada rollim\u00e4nge t\u00f6\u00f6s laste ja noortega.<\/strong><\/p>\n\n\n\n<p>P\u00e4ris elus rollim\u00e4ng ehk larp (<em>Live Action Role Play Game<\/em>) on m\u00e4ng, milles osalejad kehastuvad erinevateks v\u00e4ljam\u00f5eldud tegelasteks. Rollim\u00e4ng on kui l\u00f5petamata lugu, kus on tegelased, kuid kuidas need tegelased \u00fcksteisega loodud maailmas hakkavad koos tegutsema ja milleni lugu v\u00e4lja j\u00f5uab, selle loovad m\u00e4ngus osalejad.&nbsp;&nbsp;Osalejatel tuleb p\u00fc\u00fcda reageerida ja improviseerida nagu tema tegelane k\u00e4ituks.<br>Rollim\u00e4ngu saab kasutada ka hariduslikel eesm\u00e4rkidel. Mujal maailmas on need tuntud kui edularbi nime all. Kuna eesti keeles sellele head vastet ei ole, siis oma tegemistes ja m\u00e4ngudes&nbsp;&nbsp;hakkasime oma projekti raames loodud m\u00e4nge kutsuma \u00f5pilarpideks. Mis see on, n\u00e4eb videost&nbsp;<a rel=\"noreferrer noopener\" href=\"https:\/\/youtu.be\/XPJQ2mNKL68\" target=\"_blank\">https:\/\/youtu.be\/XPJQ2mNKL68<\/a><br>Projekti raames valmis kolm koolidele&nbsp;&nbsp;m\u00f5eldud keskkonnateemalist rollim\u00e4ngu. Kel huvi katsetada, leiab stsenaariumid ja vajalikud juhised Peipsi Koost\u00f6\u00f6 Keskuse kodulehelt.&nbsp;<\/p>\n\n\n\n<hr class=\"wp-block-separator has-text-color has-background has-vivid-green-cyan-background-color has-vivid-green-cyan-color is-style-dots\"\/>\n\n\n\n<p><strong>Armeenia vestlus- ja muusika\u00f5htu<\/strong><\/p>\n\n\n\n<p>Neljap\u00e4eval, 19. novembril algusega kell 18 toimub T\u00fcril Konna majas (Viljandi tn 60) Armeenia vestlus- ja muusika\u00f5htu. Sel korral tuleb k\u00fclla Armeeniast p\u00e4rit ja praegu Tallinnas elav etnomuusik ja muusikateadlane Margarita Voskanyan, kellel on kaasas ka m\u00f5ned puupuhkpillid. Juttu r\u00e4\u00e4gib ja pilli m\u00e4ngib ka armeenia p\u00e4ritoluga eestlane Brigitta Davidjants, kes on uurinud doktoriv\u00e4itekirjas armeenia rahvusliku identiteedi loomet, samuti kirjutanud n\u00e4iteks raamatu &#8220;Minu Armeenia&#8221; ja juhtinud eesti-armeenia b\u00e4ndi Atlas. Lisaks pakume maitsta ka veidi armeenia suupisteid.<\/p>\n\n\n\n<p>Tegemist on kohtumis\u00f5htuga \u00fcritustesarjast \u201eSaame tuttavaks!\u201c, mis viib kokku rahvusvahelise kaitse saajad, Eestis elavad v\u00e4lismaalased ja kohalikud inimesed. \u00dcritus on tasuta. Parkimine sisehoovis. Kuna kohtade arv on piiratud, siis palume end eelnevalt registreerida, saates emaili aadressile&nbsp;<a rel=\"noreferrer noopener\" href=\"mailto:tyrikonn@gmail.com\" target=\"_blank\">tyrikonn@gmail.com<\/a>&nbsp;v\u00f5i helistades telefonile 53 957 115.<\/p>\n\n\n\n<hr class=\"wp-block-separator has-text-color has-background has-vivid-green-cyan-background-color has-vivid-green-cyan-color is-style-dots\"\/>\n\n\n\n<p><strong>Mondo kuulutas v\u00e4lja r\u00e4ndeteemalise stipendiumikonkursi raadioajakirjanikele.<\/strong><br>Konkursi eesm\u00e4rk on stipendiumiga toetadaraadiosaadete sarja,&nbsp;mis anal\u00fc\u00fcsib inimeste r\u00e4nde ja popkultuuri omavahelisi seoseid.&nbsp;<\/p>\n\n\n\n<p>Stipendiumivooru suurus on&nbsp;5000 eurot ja v\u00e4lja antakse kuni kaks stipendiumi, \u00fcks eestikeelse ja teine venekeelse sarja tootmiseks.<\/p>\n\n\n\n<hr class=\"wp-block-separator\"\/>\n","protected":false},"excerpt":{"rendered":"<p>Arengukoost\u00f6\u00f6 ja humanitaarabiga tegelevaid Euroopa vaba\u00fchendusi koondav CONCORD Europe avaldas sel n\u00e4dalal aastaraporti AidWatch 2020, millest selgub, et Eesti on&#8230;<\/p>\n","protected":false},"author":26,"featured_media":12065,"comment_status":"open","ping_status":"open","sticky":false,"template":"","format":"standard","meta":{"_acf_changed":false,"footnotes":""},"categories":[3],"tags":[],"class_list":["post-12060","post","type-post","status-publish","format-standard","has-post-thumbnail","hentry","category-blogi"],"acf":[],"_links":{"self":[{"href":"https:\/\/www.terveilm.ee\/leht\/wp-json\/wp\/v2\/posts\/12060","targetHints":{"allow":["GET"]}}],"collection":[{"href":"https:\/\/www.terveilm.ee\/leht\/wp-json\/wp\/v2\/posts"}],"about":[{"href":"https:\/\/www.terveilm.ee\/leht\/wp-json\/wp\/v2\/types\/post"}],"author":[{"embeddable":true,"href":"https:\/\/www.terveilm.ee\/leht\/wp-json\/wp\/v2\/users\/26"}],"replies":[{"embeddable":true,"href":"https:\/\/www.terveilm.ee\/leht\/wp-json\/wp\/v2\/comments?post=12060"}],"version-history":[{"count":5,"href":"https:\/\/www.terveilm.ee\/leht\/wp-json\/wp\/v2\/posts\/12060\/revisions"}],"predecessor-version":[{"id":12069,"href":"https:\/\/www.terveilm.ee\/leht\/wp-json\/wp\/v2\/posts\/12060\/revisions\/12069"}],"wp:featuredmedia":[{"embeddable":true,"href":"https:\/\/www.terveilm.ee\/leht\/wp-json\/wp\/v2\/media\/12065"}],"wp:attachment":[{"href":"https:\/\/www.terveilm.ee\/leht\/wp-json\/wp\/v2\/media?parent=12060"}],"wp:term":[{"taxonomy":"category","embeddable":true,"href":"https:\/\/www.terveilm.ee\/leht\/wp-json\/wp\/v2\/categories?post=12060"},{"taxonomy":"post_tag","embeddable":true,"href":"https:\/\/www.terveilm.ee\/leht\/wp-json\/wp\/v2\/tags?post=12060"}],"curies":[{"name":"wp","href":"https:\/\/api.w.org\/{rel}","templated":true}]}}