{"id":12267,"date":"2021-01-22T15:28:19","date_gmt":"2021-01-22T13:28:19","guid":{"rendered":"https:\/\/www.terveilm.ee\/leht\/?p=12267"},"modified":"2021-01-22T15:33:29","modified_gmt":"2021-01-22T13:33:29","slug":"valisminister-urmas-reinsalu-ja-valgevene-opositsioonijuht-svjatlana-tsihhanovskaja-andsid-tana-uhise-pressikonverentsi","status":"publish","type":"post","link":"https:\/\/www.terveilm.ee\/leht\/blogi\/valisminister-urmas-reinsalu-ja-valgevene-opositsioonijuht-svjatlana-tsihhanovskaja-andsid-tana-uhise-pressikonverentsi\/","title":{"rendered":"Eesti idapartnerluse suuna jaoks oli t\u00e4na oluline p\u00e4ev"},"content":{"rendered":"\n<p>Eesti idapartnerluse suuna jaoks oli t\u00e4na oluline p\u00e4ev. V\u00e4lisminister Urmas Reinsalu ja Valgevene opositsioonijuht Svjatlana Tsihhanovskaja andsid t\u00e4na \u00fchise <a href=\"https:\/\/www.err.ee\/1608082717\/otse-kell-10-15-eestis-viibiva-tsihhanovskaja-pressikonverents\" target=\"_blank\" rel=\"noreferrer noopener\">pressikonverentsi<\/a>, kus r\u00f5hutati Eesti olulisust Valgevene demokraatlike protsesside toetamises. Eesti on olnud \u00fcks peamisi liitlasi, kes on Valgevene demokraatlikku kultuuri poliitiliselt toetanud, vabade valimiste eest nii \u00fcle-Euroopalisel kui \u00fcleilmselt tasandil seisnud ja Valgevene kodaniku\u00fchiskonda olulisel m\u00e4\u00e4ral toetanud. Valgevene viimase poole aasta s\u00fcndmused on n\u00e4idanud, kuiv\u00f5rd t\u00e4htis on hoida tugevaid suhteid idapartnerluse regioonis ja missuguseid demokraatlikke protsesse saab kodaniku\u00fchiskond riigi tasandil k\u00e4ivitada.&nbsp;<\/p>\n\n\n\n<p>Svjatlana Tsihhanovskaja viibib Eestis, et osaleda t\u00e4na kell 16.00 Eesti korraldataval \u00dcRO Julgeolekun\u00f5ukogu Arria-formaadi virtuaalistungil Valgevene meediavabaduse teemal. Kohtumist kantakse \u00fcle ka veebis <a href=\"https:\/\/youtu.be\/WGwv6MWAJjE\">https:\/\/youtu.be\/WGwv6MWAJjE<\/a><\/p>\n\n\n\n<p>Arria-formaadis toimuva kohtumise eesm\u00e4rk on juhtida t\u00e4helepanu Valgevene ajakirjanike alusetule kinnipidamisele ning teistele meediavabadust ohustavatele tegevustele, mida Valgevene valitsus on p\u00e4rast 2020. aasta 9. augusti presidendivalimisi rakendanud. Reedene kohtumine v\u00f5imaldab saada vahetut teavet Valgevenes toimuvatest t\u00f5sistest meediavabaduse rikkumistest ning pakub eksperthinnanguid ja teavet m\u00f5jutatud ajakirjanikelt ja inim\u00f5iguste ekspertidelt. \u00dcritusel k\u00f5nelevad \u00dcRO arvamus- ja s\u00f5navabaduse edendamise ja kaitse eriraport\u00f6\u00f6r Irene Khan, Valgevene Koordinatsioonin\u00f5ukogu Presiidiumi liige ja Riikliku Kriisivastase Juhtimise pea Pavel Latu\u0161ko, Timesi ajakirjanik Gareth Browne ning Valgevene s\u00f5ltumatu meediav\u00e4ljaande ajakirjanik. Rohkem teavet leiab \u00fcrituse lehelt:&nbsp;<a href=\"https:\/\/vm.ee\/meediavabadus\">https:\/\/vm.ee\/meediavabadus<\/a><\/p>\n","protected":false},"excerpt":{"rendered":"<p>Eesti idapartnerluse suuna jaoks oli t\u00e4na oluline p\u00e4ev. V\u00e4lisminister Urmas Reinsalu ja Valgevene opositsioonijuht Svjatlana Tsihhanovskaja andsid t\u00e4na \u00fchise pressikonverentsi,&#8230;<\/p>\n","protected":false},"author":26,"featured_media":11657,"comment_status":"open","ping_status":"open","sticky":false,"template":"","format":"standard","meta":{"_acf_changed":false,"footnotes":""},"categories":[3],"tags":[51],"class_list":["post-12267","post","type-post","status-publish","format-standard","has-post-thumbnail","hentry","category-blogi","tag-idapartnerlus"],"acf":[],"_links":{"self":[{"href":"https:\/\/www.terveilm.ee\/leht\/wp-json\/wp\/v2\/posts\/12267","targetHints":{"allow":["GET"]}}],"collection":[{"href":"https:\/\/www.terveilm.ee\/leht\/wp-json\/wp\/v2\/posts"}],"about":[{"href":"https:\/\/www.terveilm.ee\/leht\/wp-json\/wp\/v2\/types\/post"}],"author":[{"embeddable":true,"href":"https:\/\/www.terveilm.ee\/leht\/wp-json\/wp\/v2\/users\/26"}],"replies":[{"embeddable":true,"href":"https:\/\/www.terveilm.ee\/leht\/wp-json\/wp\/v2\/comments?post=12267"}],"version-history":[{"count":2,"href":"https:\/\/www.terveilm.ee\/leht\/wp-json\/wp\/v2\/posts\/12267\/revisions"}],"predecessor-version":[{"id":12269,"href":"https:\/\/www.terveilm.ee\/leht\/wp-json\/wp\/v2\/posts\/12267\/revisions\/12269"}],"wp:featuredmedia":[{"embeddable":true,"href":"https:\/\/www.terveilm.ee\/leht\/wp-json\/wp\/v2\/media\/11657"}],"wp:attachment":[{"href":"https:\/\/www.terveilm.ee\/leht\/wp-json\/wp\/v2\/media?parent=12267"}],"wp:term":[{"taxonomy":"category","embeddable":true,"href":"https:\/\/www.terveilm.ee\/leht\/wp-json\/wp\/v2\/categories?post=12267"},{"taxonomy":"post_tag","embeddable":true,"href":"https:\/\/www.terveilm.ee\/leht\/wp-json\/wp\/v2\/tags?post=12267"}],"curies":[{"name":"wp","href":"https:\/\/api.w.org\/{rel}","templated":true}]}}