{"id":12539,"date":"2021-02-25T23:05:45","date_gmt":"2021-02-25T21:05:45","guid":{"rendered":"https:\/\/www.terveilm.ee\/leht\/?p=12539"},"modified":"2021-02-25T23:08:30","modified_gmt":"2021-02-25T21:08:30","slug":"erisaade-agne-kuimet-uks-dollar-sisse-ja-kumme-valja-nii-kaituvad-aafrikas-kolonisaatorid","status":"publish","type":"post","link":"https:\/\/www.terveilm.ee\/leht\/blogi\/erisaade-agne-kuimet-uks-dollar-sisse-ja-kumme-valja-nii-kaituvad-aafrikas-kolonisaatorid\/","title":{"rendered":"ERISAADE | Agne Kuimet: \u00fcks dollar sisse ja k\u00fcmme v\u00e4lja? Nii k\u00e4ituvad Aafrikas kolonisaatorid"},"content":{"rendered":"\n<p>See on tohutult huvitav ajaj\u00e4rk meie ja&nbsp;<a href=\"https:\/\/www.delfi.ee\/teemalehed\/aafrika\" target=\"_blank\" rel=\"noreferrer noopener\">Aafrika<\/a>&nbsp;suhetes, kirjeldab Arengukoost\u00f6\u00f6 \u00fcmarlaua tegevjuht Agne Kuimet. Ennek\u00f5ike t\u00e4hendab see, et&nbsp;<a href=\"https:\/\/www.delfi.ee\/teemalehed\/euroopa-liit-el\" target=\"_blank\" rel=\"noreferrer noopener\">Euroopa Liit<\/a>&nbsp;on langetanud Aafrika suunal maski ning r\u00e4\u00e4gib n\u00fc\u00fcd otsestes terminites oma huvidest.<\/p>\n\n\n\n<p>\u201eMinu meelest on toimunud narratiivi muutus. Kui varem r\u00e4\u00e4kisid j\u00f5ukamad \u00fchiskonnad terminitega nagu \u201earenguabi&#8221;, siis t\u00e4naseks on see asendunud terminiga \u201epartnerlus&#8221;,&#8221; m\u00e4rgib Kuimet. \u201eSeega v\u00f5tame teist poolt justkui v\u00f5rdsena, kuid tegelikult me v\u00f5rdsed pole. Ning see t\u00e4hendab, et tegeleme v\u00f5rdselt ka enda huvidega&#8221;.<\/p>\n\n\n\n<p>\u00c4sja esitles v\u00e4lisministeerium Eesti Aafrika regioonistrateegiat. Kuimet \u00fctleb, et Eesti v\u00e4hemalt seab selles keskmesse inimese ja arengu. Probleemina n\u00e4hakse ennek\u00f5ike kliimamuutuste tulemusena s\u00fcvenevat migratsioonisurvet.<\/p>\n\n\n\n<p>Kuula Delfi erisaadet siin:<\/p>\n\n\n\n<p><a href=\"https:\/\/epl.delfi.ee\/artikkel\/92663113\/erisaade-agne-kuimet-uks-dollar-sisse-ja-kumme-valja-nii-kaituvad-aafrikas-kolonisaatorid\">https:\/\/epl.delfi.ee\/artikkel\/92663113\/erisaade-agne-kuimet-uks-dollar-sisse-ja-kumme-valja-nii-kaituvad-aafrikas-kolonisaatorid<\/a><\/p>\n\n\n\n<p><\/p>\n\n\n\n<div class=\"delfi-player-embed\" insta=\"delfierisaade\" autoplay=\"false\" playlist=\"true\" episode=\"991776460\"><\/div><script type=\"text\/javascript\" src=\"\/\/g1.nh.ee\/scms\/?g=daplayer-embed.js\" async><\/script>\n","protected":false},"excerpt":{"rendered":"<p>See on tohutult huvitav ajaj\u00e4rk meie ja&nbsp;Aafrika&nbsp;suhetes, kirjeldab Arengukoost\u00f6\u00f6 \u00fcmarlaua tegevjuht Agne Kuimet. Ennek\u00f5ike t\u00e4hendab see, et&nbsp;Euroopa Liit&nbsp;on langetanud Aafrika&#8230;<\/p>\n","protected":false},"author":26,"featured_media":0,"comment_status":"open","ping_status":"open","sticky":false,"template":"","format":"standard","meta":{"_acf_changed":false,"footnotes":""},"categories":[48],"tags":[],"class_list":["post-12539","post","type-post","status-publish","format-standard","hentry","category-meediakajastused"],"acf":[],"_links":{"self":[{"href":"https:\/\/www.terveilm.ee\/leht\/wp-json\/wp\/v2\/posts\/12539","targetHints":{"allow":["GET"]}}],"collection":[{"href":"https:\/\/www.terveilm.ee\/leht\/wp-json\/wp\/v2\/posts"}],"about":[{"href":"https:\/\/www.terveilm.ee\/leht\/wp-json\/wp\/v2\/types\/post"}],"author":[{"embeddable":true,"href":"https:\/\/www.terveilm.ee\/leht\/wp-json\/wp\/v2\/users\/26"}],"replies":[{"embeddable":true,"href":"https:\/\/www.terveilm.ee\/leht\/wp-json\/wp\/v2\/comments?post=12539"}],"version-history":[{"count":5,"href":"https:\/\/www.terveilm.ee\/leht\/wp-json\/wp\/v2\/posts\/12539\/revisions"}],"predecessor-version":[{"id":12545,"href":"https:\/\/www.terveilm.ee\/leht\/wp-json\/wp\/v2\/posts\/12539\/revisions\/12545"}],"wp:attachment":[{"href":"https:\/\/www.terveilm.ee\/leht\/wp-json\/wp\/v2\/media?parent=12539"}],"wp:term":[{"taxonomy":"category","embeddable":true,"href":"https:\/\/www.terveilm.ee\/leht\/wp-json\/wp\/v2\/categories?post=12539"},{"taxonomy":"post_tag","embeddable":true,"href":"https:\/\/www.terveilm.ee\/leht\/wp-json\/wp\/v2\/tags?post=12539"}],"curies":[{"name":"wp","href":"https:\/\/api.w.org\/{rel}","templated":true}]}}