{"id":12602,"date":"2021-04-06T10:48:56","date_gmt":"2021-04-06T07:48:56","guid":{"rendered":"https:\/\/www.terveilm.ee\/leht\/?p=12602"},"modified":"2021-04-07T14:24:26","modified_gmt":"2021-04-07T11:24:26","slug":"juhan-kuusi-dokfoto-keskus-ja-mtu-mondo-avavad-virtuaalnaituse","status":"publish","type":"post","link":"https:\/\/www.terveilm.ee\/leht\/blogi\/juhan-kuusi-dokfoto-keskus-ja-mtu-mondo-avavad-virtuaalnaituse\/","title":{"rendered":"Juhan Kuusi Dokfoto Keskus ja MT\u00dc Mondo avavad virtuaaln\u00e4ituse"},"content":{"rendered":"\n<p><strong>Vincent Tremeau\u2019 foton\u00e4itus \u201eKui ma \u00fckskord suureks saan\u201d r\u00e4\u00e4gib laste vaprusest, loovusest, haavatavusest ja hariduse t\u00e4htsusest kriisikolletes. N\u00e4itus s\u00fcndis koost\u00f6\u00f6s Eesti v\u00e4lisministeeriumiga \u00dcRO 75. aastap\u00e4eva puhul. Virtuaalne lahendus koos \u00f5ppematerjalidega loodi koost\u00f6\u00f6s MT\u00dc Mondo Maailmakooliga.<\/strong><\/p>\n\n\n\n<p><br>Dokfoto Keskuse juhataja ja kuraator Kristel Laur: \u201eSee on n\u00e4itus, mis avardab maailma ja hinge. Kogesime s\u00fcgisel, et n\u00e4itus l\u00e4ks v\u00e4ga paljudele keskuse k\u00fclastajatele korda ning t\u00f5i kokku globaalselt ja s\u00fcdamega m\u00f5tlevaid inimesi ning organisatsioone. Meil on hea meel, et n\u00fc\u00fcdsest on k\u00f5igil huvilistel v\u00f5imalik n\u00e4itust tasuta k\u00fclastada interneti teel.\u201d&nbsp;<\/p>\n\n\n\n<p>N\u00e4itus r\u00e4\u00e4gib humanitaarkriiside keeristesse sattunud lastest ja nende unistustest. Koroona t\u00f5ttu on Eestis samuti kriisis, mis on k\u00fcll leebem n\u00e4iteks s\u00f5jaolukorrast, kuid mille m\u00f5ju meie eludele ja vaimsele tervisele ei tasu alahinnata. Viiruse varjus saavad peale tervise hoope ka haridus, suhted, majanduslik kindlus, tulevikuunistused ja palju muud.<\/p>\n\n\n\n<p>Kristel Laur lisab: \u201eSee n\u00e4itusekogemus annab Eesti noortele v\u00f5imaluse jagada oma kriisikogemusi ja unistusi ning samas m\u00e4rgata, kuulata ja m\u00f5ista ka teiste laste lugusid \u00fcle maailma. Usun, et v\u00f5ime tunda kaasa teiste saatusele, soov unistada paremast tulevikust ja tahe selle nimel ka tegutseda on see, mis annab lootust, et inimkond suudab raskustega toime tulla.\u201d<br><\/p>\n\n\n\n<p>Vincent Tremeau\u2019 n\u00e4itus k\u00f6itis s\u00fcgisel Mondo t\u00e4helepanu, sest see haakub tugevalt MT\u00dc tegevusega, milleks on k\u00f5ige haavatavamates riikides elavate inimgruppide j\u00f5ustamine ja maailmahariduse edendamine. \u201eSee n\u00e4itus toob eredalt esile katsumused, millega lapsed maailma l\u00f5unapoolsetes riikides silmitsi seisavad, ja aitab maailmas toimuvat s\u00fcgavamalt m\u00f5ista. Oleme loonud n\u00e4itusega kaasnevad \u00f5ppematerjalid, mis aitavad tundma \u00f5ppida lapse \u00f5igusi, s\u00f5jaliste konfliktide m\u00f5ju ja arengukoost\u00f6\u00f6 olulisust humanitaarkriiside lahendamisel. Loodame, et virtuaaln\u00e4itus puudutab noori ja loodud \u00f5ppematerjalid aitavad \u00f5petajatel juhtida sisukaid arutelusid,\u201d kommenteerib Mondo maailmahariduse projektijuht Viktoria Lepp.&nbsp;&nbsp;<\/p>\n\n\n\n<p>Virtuaaln\u00e4ituse loomisel on soovitud luua v\u00f5imalikult ehedat ja mugavat kogemust: sujuv liikumine n\u00e4ituseruumides, v\u00f5imalus lugeda k\u00f5iki tekste, vaadata videot ning osaleda ka interaktiivselt, n\u00e4iteks lisada oma tulevikuunistusi ja jagada n\u00e4itusekogemust \u2013 nagu ehedas n\u00e4itusesaaliski Dokfoto Keskuses.&nbsp;<\/p>\n\n\n\n<p>Virtuaaln\u00e4ituse \u00f5ppematerjalide valmimist toetas Eesti v\u00e4lisministeerium arengukoost\u00f6\u00f6 ja humanitaarabi vahenditest.&nbsp;<\/p>\n\n\n\n<p><br>N\u00e4ituse leiate siit:&nbsp;<a href=\"http:\/\/www.dokfoto.ee\/vn\/mondo\/VincentTremeau\" target=\"_blank\" rel=\"noreferrer noopener\">www.dokfoto.ee\/vn\/mondo\/VincentTremeau<\/a>&nbsp;&nbsp;<\/p>\n\n\n\n<p>\u00d5ppematerjalid leiate siit:&nbsp;<a href=\"https:\/\/maailmakool.ee\/pood\/100002\/vn-dokfoto-vincent-tremeau\/\" target=\"_blank\" rel=\"noreferrer noopener\">maailmakool.ee\/pood\/100002\/vn-dokfoto-vincent-tremeau<\/a><\/p>\n\n\n\n<p>Uudise juurde sobivad fotod&nbsp;<a href=\"https:\/\/drive.google.com\/drive\/folders\/1MVf6r2aeNoqE8xTTqybTPsSpiIL5TRpA?usp=sharing\" target=\"_blank\" rel=\"noreferrer noopener\">leiate siit.<\/a><\/p>\n","protected":false},"excerpt":{"rendered":"<p>Vincent Tremeau\u2019 foton\u00e4itus \u201eKui ma \u00fckskord suureks saan\u201d r\u00e4\u00e4gib laste vaprusest, loovusest, haavatavusest ja hariduse t\u00e4htsusest kriisikolletes. N\u00e4itus s\u00fcndis koost\u00f6\u00f6s&#8230;<\/p>\n","protected":false},"author":26,"featured_media":0,"comment_status":"open","ping_status":"open","sticky":false,"template":"","format":"standard","meta":{"_acf_changed":false,"footnotes":""},"categories":[7],"tags":[31,50],"class_list":["post-12602","post","type-post","status-publish","format-standard","hentry","category-uudised","tag-aku","tag-maailmaharidus"],"acf":[],"_links":{"self":[{"href":"https:\/\/www.terveilm.ee\/leht\/wp-json\/wp\/v2\/posts\/12602","targetHints":{"allow":["GET"]}}],"collection":[{"href":"https:\/\/www.terveilm.ee\/leht\/wp-json\/wp\/v2\/posts"}],"about":[{"href":"https:\/\/www.terveilm.ee\/leht\/wp-json\/wp\/v2\/types\/post"}],"author":[{"embeddable":true,"href":"https:\/\/www.terveilm.ee\/leht\/wp-json\/wp\/v2\/users\/26"}],"replies":[{"embeddable":true,"href":"https:\/\/www.terveilm.ee\/leht\/wp-json\/wp\/v2\/comments?post=12602"}],"version-history":[{"count":1,"href":"https:\/\/www.terveilm.ee\/leht\/wp-json\/wp\/v2\/posts\/12602\/revisions"}],"predecessor-version":[{"id":12603,"href":"https:\/\/www.terveilm.ee\/leht\/wp-json\/wp\/v2\/posts\/12602\/revisions\/12603"}],"wp:attachment":[{"href":"https:\/\/www.terveilm.ee\/leht\/wp-json\/wp\/v2\/media?parent=12602"}],"wp:term":[{"taxonomy":"category","embeddable":true,"href":"https:\/\/www.terveilm.ee\/leht\/wp-json\/wp\/v2\/categories?post=12602"},{"taxonomy":"post_tag","embeddable":true,"href":"https:\/\/www.terveilm.ee\/leht\/wp-json\/wp\/v2\/tags?post=12602"}],"curies":[{"name":"wp","href":"https:\/\/api.w.org\/{rel}","templated":true}]}}