{"id":13208,"date":"2021-05-25T12:43:29","date_gmt":"2021-05-25T09:43:29","guid":{"rendered":"https:\/\/www.terveilm.ee\/leht\/?p=13208"},"modified":"2021-11-24T09:32:13","modified_gmt":"2021-11-24T07:32:13","slug":"valgevene-kahe-maailma-vahel","status":"publish","type":"post","link":"https:\/\/www.terveilm.ee\/leht\/blogi\/valgevene-kahe-maailma-vahel\/","title":{"rendered":"Valgevene kahe maailma vahel"},"content":{"rendered":"\n<p>Susanna Veevo<br>Arengukoost\u00f6\u00f6 \u00dcmarlaud<\/p>\n\n\n\n<p>Huvikaitseekspert<\/p>\n\n\n\n<p>Eesti pikaajaliseks v\u00e4lispoliitiliseks eesm\u00e4rgiks on olnud Ida-Euroopa s\u00f5navabaduse, vaba ajakirjanduse ja demokraatliku valitsemistava edendamine. Paiknedes Euroopa Liidu idapiiril ja olles objektiivselt \u00fcks Ida-Euroopa suurimaid edulugusid, hoiame olulist positsiooni L\u00e4\u00e4ne-Ida vahelise poliitilise ja ideoloogilise sillana. Nii meie finantsiline tugi kui oskusteave on saanud v\u00e4\u00e4rtuslikuks ressursiks partnerriikide arenguloos. Mida aga teha, kui partnerite sisepoliitilised pinged ja re\u017eiimi kuriteod ohustavad otseselt demokraatlike v\u00e4\u00e4rtusi ja kaudselt ka meie enda t\u00f6\u00f6d regioonis?<\/p>\n\n\n\n<p>Olukord Valgevenes on olnud juba pikalt \u00e4rev. Varsti m\u00f6\u00f6dub terve aasta sellest, kui valgevenelased presidenti valimistulemuste v\u00f5ltsimises s\u00fc\u00fcdistasid ja t\u00e4naseni kestvate protestilainetega riigis pretensioonitu \u00fclest\u00f5usu tekitasid. Tulemusena v\u00f5tsid riigis sisuliselt kaks presidenti paralleelselt v\u00f5imu. De jure j\u00e4i riiki valitsema juba ligi 27 aastat Valgevenet juhtinud, Euroopa viimaseks diktaatoriks tituleeritud ja oma positsiooni kaotamist meeletult kartev Alaksandr \u0141uka\u0161enka. De facto on riigi presidendina tunnustatud aga Svjatlana Tsihhanovskajat, seda ise\u00e4ranis diplomaatilises ja v\u00e4lispoliitilises sf\u00e4\u00e4ris, milles riigi peamiseks dissidendiks saanud valimiste v\u00f5itja Valgevenet aktiivselt esindanud on. Seda suuresti p\u00f5hjusel, et diktaatorlik re\u017eiim uut presidenti valimiste \u00f6\u00f6l augustikuus riigist lahkuma sundis ja senini naasta pole lubanud. Niiv\u00f5rd keeruliste sisepoliitiliste konfliktide puhul on v\u00e4lispoliitilise surve kaudu \u00fcks ainsaid v\u00f5imalusi riigis p\u00e4riselt muutusi juhtida.<\/p>\n\n\n\n<p>Viimaste p\u00e4evade s\u00fcndmused on aga olnud enamat kui sisepoliitiline v\u00f5imuv\u00f5itlus. Kahe Euroopa Liidu pealinna vahel s\u00f5itva lennuki kaaperdamist on Euroopa \u00fchem\u00f5tteliselt rahvusvahelise \u00f5iguse rikkumiseks ja riiklikult juhitud terrorismiks nimetanud. Mida see t\u00e4hendab v\u00e4lissuhete kontekstis, j\u00f5uame ilmselt j\u00e4rgmistel kuudel n\u00e4ha. Juba t\u00e4naseks on nii Leedu kui \u00dchendkuningriik keelanud Valgevene \u00f5huruumi l\u00e4bivate lennukite maandumise ja nii AirBaltic kui WizzAir lennufirmad on oma \u00f5humarsruudid \u00fcmber teinud, v\u00e4ltides hoolikalt Valgevene kohal lendamist. Eile \u00f5htul leppisid ka EL liikmesriigid kokku sobivas rahvusvahelises reaktsioonis, mis h\u00f5lmab nii Belavia lennukeeldu, tungivat soovitust v\u00e4ltida Valgevene \u00f5huruumi, sanktsioone riigi autoriteetidele ja n\u00f5uet arreteeritud isikud koheselt vabastada. Kui esialgsed meetmed tulemusi ei too, siis j\u00f5uame t\u00f5en\u00e4oliselt n\u00e4ha ka \u00fcleliidulisi majanduslikke sanktsioone ja \u00e4\u00e4rmisel juhul isegi viisapoliitika karmistamist.<\/p>\n\n\n\n<p>Kui muudes poliitilistes otsustes j\u00f5uame veel liitlasriikide eeskuju j\u00e4rgida, siis vaba ajakirjandus on Valgevenes lausa katastroofilises seisus. Vaevu 26-aastane Roman Protasevich, \u00fchismeedia platvormi Telegram kasutanud blogija, seisab p\u00e4rast kaaperdatud lennult arreteerimist rahvusvahelise kogukonna v\u00e4itel silmitsi piinamise, f\u00fc\u00fcsilise v\u00e4givalla, terviserikete ja enda s\u00f5nutsi ka surmanuhtlusega. Kusjuures tegu ei ole opositsiooniliidri ega poliitikuga, vaid pelgalt sotsiaalmeediat kasutava noore ajakirjanikuga. \u00dcks paljudest omataotlistest, lihtsalt m\u00f5nev\u00f5rra suurema j\u00e4lgijaskonnaga. Protasevichiga juhtunu on isegi suurem n\u00e4idispoomine kui hiljuti Venemaa dissidendi Aleksei Navaln\u00f5iga toimunu. Kui viimane on v\u00f5tnud selgelt poliitilise oponendi rolli &#8211; ja selgi puhul pole m\u00fcrgitamine mingilgi moel proportsionaalne meede, &#8211; siis Protasevichi t\u00f6\u00f6 sotsiaalmeedia grupis tundub olevat praeguste arengutega erakordselt tasakaalust v\u00e4ljas. Need kaks sarnase k\u00e4ekirjaga isoleeritud juhtumit on kahtlemata hirmutavaks n\u00e4iteks regiooni ajakirjanikele. Kui pelk sotsiaalmeedia grupp v\u00f5ib \u00fche ajakirjaniku elus niiv\u00f5rd otsustavaks saada, et tema tabamise nimel isegi Euroopa Liidu siselennud \u00fcmber suunatakse, siis mille nimel peaksid ajakirjanikud j\u00e4tkuvalt diktaatorlike re\u017eiimide kuritegevust kajastama? Kui iseend v\u00f5imule m\u00e4\u00e4ranud valitsejad v\u00f5ivad isegi l\u00e4bi aluspesu sind m\u00fcrgitada, siis mille nimel j\u00e4tkata t\u00f5e paljastamist ja s\u00f5navabaduse piiride nihutamist?<\/p>\n\n\n\n<p>Vast on see koht, kus Eesti \u00fcheskoos liitlastega saaks Ida-Euroopa ajakirjanduse ja s\u00f5navabaduse toetamises veelgi suuremat rolli m\u00e4ngida. \u00dchest k\u00fcljest n\u00e4itaksid resoluutsed poliitilised otsused ja majanduslikud sanktsioonid, et \u00fcle\u00f6\u00f6 Valgevene ajakirjanduse ikooniks muutunud Protasevichi tervist ja elu \u00e4hvardavad kuriteod on rahvusvahelisele kogukonnale n\u00e4htavad ning mitte ainult hukkam\u00f5istetavad, vaid ka t\u00f5siselt karistatavad. Loomulikult eeldaks see ka reaalseid sanktsioone, mis v\u00e4hemalt kuni ajakirjaniku vabastamiseni kehtiksid. Seejuures on Protasevichi vabastamine ja elu p\u00e4\u00e4stmine v\u00f5tmet\u00e4htsusega &#8211; selle n\u00e4idispoomise takistamine saaks luua olulise s\u00f5ltumatu ajakirjanduse m\u00f5juv\u00f5imu pretsedendi Ida-Euroopa re\u017eiimide jaoks.<br>Teisalt saame omapoolse j\u00e4rjepideva kodaniku\u00fchiskonna ja s\u00f5ltumatu ajakirjanduse toetamise kaudu kindlustada, et ka p\u00e4rast Navaln\u00f5i ja Protasevichi hirmutavaid n\u00e4iteid on idapartnerlusregioonis kasvamas peale uus p\u00f5lvkond kartmatuid ajakirjanikke, kes \u00fcheskoos inim\u00f5iguste rikkumisi avaksid ja siseriiklike kulisside taha valgust heidaksid.<br>Me teame Eestis v\u00e4gagi h\u00e4sti, kuiv\u00f5rd olulised on soojad liitlassuhted. N\u00e4itame n\u00fc\u00fcd, et toetame oma partnerriikide demokraatlike tavasid ka siis, kui nad seda k\u00f5ige rohkem vajavad.<\/p>\n\n\n\n<p><\/p>\n\n\n\n<p>Loe ja avalda arvamust ka ERRI arvamusportaalis: https:\/\/www.err.ee\/1608224017\/susanna-veevo-valgevene-kahe-maailma-vahel<\/p>\n","protected":false},"excerpt":{"rendered":"<p>Susanna VeevoArengukoost\u00f6\u00f6 \u00dcmarlaud Huvikaitseekspert Eesti pikaajaliseks v\u00e4lispoliitiliseks eesm\u00e4rgiks on olnud Ida-Euroopa s\u00f5navabaduse, vaba ajakirjanduse ja demokraatliku valitsemistava edendamine. Paiknedes Euroopa&#8230;<\/p>\n","protected":false},"author":26,"featured_media":11386,"comment_status":"open","ping_status":"open","sticky":false,"template":"","format":"standard","meta":{"_acf_changed":false,"footnotes":""},"categories":[3,48],"tags":[31,51,23],"class_list":["post-13208","post","type-post","status-publish","format-standard","has-post-thumbnail","hentry","category-blogi","category-meediakajastused","tag-aku","tag-idapartnerlus","tag-inimoigused"],"acf":[],"_links":{"self":[{"href":"https:\/\/www.terveilm.ee\/leht\/wp-json\/wp\/v2\/posts\/13208","targetHints":{"allow":["GET"]}}],"collection":[{"href":"https:\/\/www.terveilm.ee\/leht\/wp-json\/wp\/v2\/posts"}],"about":[{"href":"https:\/\/www.terveilm.ee\/leht\/wp-json\/wp\/v2\/types\/post"}],"author":[{"embeddable":true,"href":"https:\/\/www.terveilm.ee\/leht\/wp-json\/wp\/v2\/users\/26"}],"replies":[{"embeddable":true,"href":"https:\/\/www.terveilm.ee\/leht\/wp-json\/wp\/v2\/comments?post=13208"}],"version-history":[{"count":1,"href":"https:\/\/www.terveilm.ee\/leht\/wp-json\/wp\/v2\/posts\/13208\/revisions"}],"predecessor-version":[{"id":13210,"href":"https:\/\/www.terveilm.ee\/leht\/wp-json\/wp\/v2\/posts\/13208\/revisions\/13210"}],"wp:featuredmedia":[{"embeddable":true,"href":"https:\/\/www.terveilm.ee\/leht\/wp-json\/wp\/v2\/media\/11386"}],"wp:attachment":[{"href":"https:\/\/www.terveilm.ee\/leht\/wp-json\/wp\/v2\/media?parent=13208"}],"wp:term":[{"taxonomy":"category","embeddable":true,"href":"https:\/\/www.terveilm.ee\/leht\/wp-json\/wp\/v2\/categories?post=13208"},{"taxonomy":"post_tag","embeddable":true,"href":"https:\/\/www.terveilm.ee\/leht\/wp-json\/wp\/v2\/tags?post=13208"}],"curies":[{"name":"wp","href":"https:\/\/api.w.org\/{rel}","templated":true}]}}