{"id":13326,"date":"2021-06-04T10:18:00","date_gmt":"2021-06-04T07:18:00","guid":{"rendered":"https:\/\/www.terveilm.ee\/leht\/?p=13326"},"modified":"2021-11-24T09:32:40","modified_gmt":"2021-11-24T07:32:40","slug":"uuring-eestlased-toetavad-arenguabi-vaesematele-riikidele","status":"publish","type":"post","link":"https:\/\/www.terveilm.ee\/leht\/blogi\/uuring-eestlased-toetavad-arenguabi-vaesematele-riikidele\/","title":{"rendered":"Uuring: eestlased toetavad arenguabi vaesematele riikidele"},"content":{"rendered":"\n<p>Arengukoost\u00f6\u00f6 \u00dcmarlaud korraldas arvamusk\u00fcsitluse arengukoost\u00f6\u00f6d puudutavate hoiakute kohta, millest selgus, et s\u00f5ltumata COVID-19 kriisist ja suurenenud majanduslikust ebastabiilsusest on eestlaste suhtumine arengukoost\u00f6\u00f6 rahastuse ning tegevussuundade osas positiivne. <\/p>\n\n\n\n<p>Loe edasi Postimehest: <br>https:\/\/majandus.postimees.ee\/7264753\/uuring-eestlased-toetavad-arenguabi-vaesematele-riikidele<\/p>\n\n\n\n<p>V\u00f5i kuula Agne Kuimeti intervjuud KUKU raadiole:<\/p>\n\n\n\n<figure class=\"wp-block-embed is-type-wp-embed is-provider-kuku-taskuhaaling wp-block-embed-kuku-taskuhaaling\"><div class=\"wp-block-embed__wrapper\">\nhttps:\/\/podcast.kuku.postimees.ee\/podcast\/intervjuu-agne-kuimet-arengukoostoo-umarlaud-eestlaste-abistamissoovist-saade\/\n<\/div><\/figure>\n","protected":false},"excerpt":{"rendered":"<p>Arengukoost\u00f6\u00f6 \u00dcmarlaud korraldas arvamusk\u00fcsitluse arengukoost\u00f6\u00f6d puudutavate hoiakute kohta, millest selgus, et s\u00f5ltumata COVID-19 kriisist ja suurenenud majanduslikust ebastabiilsusest on eestlaste&#8230;<\/p>\n","protected":false},"author":26,"featured_media":0,"comment_status":"open","ping_status":"open","sticky":false,"template":"","format":"standard","meta":{"_acf_changed":false,"footnotes":""},"categories":[48],"tags":[31,35,22,25,50,33],"class_list":["post-13326","post","type-post","status-publish","format-standard","hentry","category-meediakajastused","tag-aku","tag-arengukoostoo","tag-haridus","tag-kliimamuutused","tag-maailmaharidus","tag-majandus"],"acf":[],"_links":{"self":[{"href":"https:\/\/www.terveilm.ee\/leht\/wp-json\/wp\/v2\/posts\/13326","targetHints":{"allow":["GET"]}}],"collection":[{"href":"https:\/\/www.terveilm.ee\/leht\/wp-json\/wp\/v2\/posts"}],"about":[{"href":"https:\/\/www.terveilm.ee\/leht\/wp-json\/wp\/v2\/types\/post"}],"author":[{"embeddable":true,"href":"https:\/\/www.terveilm.ee\/leht\/wp-json\/wp\/v2\/users\/26"}],"replies":[{"embeddable":true,"href":"https:\/\/www.terveilm.ee\/leht\/wp-json\/wp\/v2\/comments?post=13326"}],"version-history":[{"count":2,"href":"https:\/\/www.terveilm.ee\/leht\/wp-json\/wp\/v2\/posts\/13326\/revisions"}],"predecessor-version":[{"id":13762,"href":"https:\/\/www.terveilm.ee\/leht\/wp-json\/wp\/v2\/posts\/13326\/revisions\/13762"}],"wp:attachment":[{"href":"https:\/\/www.terveilm.ee\/leht\/wp-json\/wp\/v2\/media?parent=13326"}],"wp:term":[{"taxonomy":"category","embeddable":true,"href":"https:\/\/www.terveilm.ee\/leht\/wp-json\/wp\/v2\/categories?post=13326"},{"taxonomy":"post_tag","embeddable":true,"href":"https:\/\/www.terveilm.ee\/leht\/wp-json\/wp\/v2\/tags?post=13326"}],"curies":[{"name":"wp","href":"https:\/\/api.w.org\/{rel}","templated":true}]}}