{"id":13342,"date":"2021-06-14T00:37:00","date_gmt":"2021-06-13T21:37:00","guid":{"rendered":"https:\/\/www.terveilm.ee\/leht\/?p=13342"},"modified":"2021-11-24T09:33:35","modified_gmt":"2021-11-24T07:33:35","slug":"valisministeeriumi-asutatud-arengukoostoo-keskuse-juhiks-sai-kadri-maasik","status":"publish","type":"post","link":"https:\/\/www.terveilm.ee\/leht\/blogi\/valisministeeriumi-asutatud-arengukoostoo-keskuse-juhiks-sai-kadri-maasik\/","title":{"rendered":"V\u00e4lisministeeriumi asutatud arengukoost\u00f6\u00f6 keskuse juhiks sai Kadri Maasik"},"content":{"rendered":"\n<p>V\u00e4lisministeerium sai kevadel valitsuselt heakskiidu rahvusvahelise arengukoost\u00f6\u00f6 keskuse loomiseks, mille juhiks valiti v\u00e4lisministeeriumi haldusk\u00fcsimuste asekantsler Kadri Maasik.<\/p>\n\n\n\n<p>V\u00e4lisministeerium asutas 23. aprillil SA Eesti Rahvusvahelise Arengukoost\u00f6\u00f6 Keskuse, mis hakkab plaani j\u00e4rgi ellu viima arengukoost\u00f6\u00f6 ja humanitaarabi projekte ning sellest saab Eesti arengukoost\u00f6\u00f6 kompetentsikeskus. Uue keskusega \u00fchendatakse Eesti idapartnerluse keskus.<\/p>\n\n\n\n<p>&#8220;N\u00e4gime, et potentsiaali arengukoost\u00f6\u00f6 tegevuste kaudu Eesti v\u00e4lispoliitikale kasu tuua on kaugelt enam kui seni kasutatud. Seet\u00f5ttu otsustas valitsus lahutada v\u00e4lisministeeriumis poliitika kujundamise protsessi ja projektide elluviimise ning moodustada viimase \u00fclesande t\u00e4itmiseks eraldi asutuse,&#8221; \u00fctles v\u00e4lisministeeriumi kantsler Jonatan Vseviov.<\/p>\n\n\n\n<p>V\u00e4lisminister Eva-Maria Liimets m\u00e4\u00e4ras keskuse asutamisel 23. aprillil ka n\u00f5ukogu liikmed: v\u00e4lisministeeriumi kantsler Jonatan Vseviov, MT\u00dc Arengukoost\u00f6\u00f6 \u00dcmarlaua tegevjuht Agne Kuimet, rahandusministeeriumi kantsler Merike Saks, v\u00e4lisministeeriumi v\u00e4lismajanduse ja arengukoost\u00f6\u00f6k\u00fcsimuste asekantsler Andres Rundu ning arengukoost\u00f6\u00f6 ja humanitaarabi b\u00fcroo juht Kadi Metsandi.<\/p>\n\n\n\n<p>N\u00f5ukogu valis eelmisel n\u00e4dalal uuele keskusele juhi, kelleks saab v\u00e4lisministeeriumi haldusk\u00fcsimuste asekantsler Kadri Maasik.&nbsp;<\/p>\n\n\n\n<p>&#8220;Usun, et t\u00e4nu oma varasemale mitmek\u00fclgsele t\u00f6\u00f6kogemusele nii erinevate ministeeriumite kui ka sihtasutuste juhtkondades saan aidata uue arengukoost\u00f6\u00f6 keskuse edukalt k\u00e4ivitada,&#8221; s\u00f5nas Maasik.<\/p>\n\n\n\n<p>Ta lisas, et keskus peaks tulevikus l\u00e4bima Euroopa Komisjoni ametliku atesteerimise, mis annab v\u00f5imaluse osaleda Euroopa Liidu arengukoost\u00f6\u00f6 projektide korraldamises.<\/p>\n\n\n\n<p>Maasik alustab arengukoost\u00f6\u00f6 keskuse juhina t\u00f6\u00f6d 1. juulil. &nbsp;<\/p>\n\n\n\n<p>Loe ERRist: <a href=\"https:\/\/www.err.ee\/1608245970\/valisministeeriumi-asutatud-arengukoostoo-keskuse-juhiks-sai-kadri-maasik\" target=\"_blank\" rel=\"noreferrer noopener\">https:\/\/www.err.ee\/1608245970\/valisministeeriumi-asutatud-arengukoostoo-keskuse-juhiks-sai-kadri-maasik<\/a><\/p>\n","protected":false},"excerpt":{"rendered":"<p>V\u00e4lisministeerium sai kevadel valitsuselt heakskiidu rahvusvahelise arengukoost\u00f6\u00f6 keskuse loomiseks, mille juhiks valiti v\u00e4lisministeeriumi haldusk\u00fcsimuste asekantsler Kadri Maasik. V\u00e4lisministeerium asutas 23&#8230;.<\/p>\n","protected":false},"author":26,"featured_media":0,"comment_status":"open","ping_status":"open","sticky":false,"template":"","format":"standard","meta":{"_acf_changed":false,"footnotes":""},"categories":[48,7],"tags":[35],"class_list":["post-13342","post","type-post","status-publish","format-standard","hentry","category-meediakajastused","category-uudised","tag-arengukoostoo"],"acf":[],"_links":{"self":[{"href":"https:\/\/www.terveilm.ee\/leht\/wp-json\/wp\/v2\/posts\/13342","targetHints":{"allow":["GET"]}}],"collection":[{"href":"https:\/\/www.terveilm.ee\/leht\/wp-json\/wp\/v2\/posts"}],"about":[{"href":"https:\/\/www.terveilm.ee\/leht\/wp-json\/wp\/v2\/types\/post"}],"author":[{"embeddable":true,"href":"https:\/\/www.terveilm.ee\/leht\/wp-json\/wp\/v2\/users\/26"}],"replies":[{"embeddable":true,"href":"https:\/\/www.terveilm.ee\/leht\/wp-json\/wp\/v2\/comments?post=13342"}],"version-history":[{"count":2,"href":"https:\/\/www.terveilm.ee\/leht\/wp-json\/wp\/v2\/posts\/13342\/revisions"}],"predecessor-version":[{"id":13346,"href":"https:\/\/www.terveilm.ee\/leht\/wp-json\/wp\/v2\/posts\/13342\/revisions\/13346"}],"wp:attachment":[{"href":"https:\/\/www.terveilm.ee\/leht\/wp-json\/wp\/v2\/media?parent=13342"}],"wp:term":[{"taxonomy":"category","embeddable":true,"href":"https:\/\/www.terveilm.ee\/leht\/wp-json\/wp\/v2\/categories?post=13342"},{"taxonomy":"post_tag","embeddable":true,"href":"https:\/\/www.terveilm.ee\/leht\/wp-json\/wp\/v2\/tags?post=13342"}],"curies":[{"name":"wp","href":"https:\/\/api.w.org\/{rel}","templated":true}]}}