{"id":13489,"date":"2021-09-03T11:49:37","date_gmt":"2021-09-03T08:49:37","guid":{"rendered":"https:\/\/www.terveilm.ee\/leht\/?p=13489"},"modified":"2021-11-24T09:39:54","modified_gmt":"2021-11-24T07:39:54","slug":"ukraina-arvamusfestival-tahistab-oma-5-sunnipaeva","status":"publish","type":"post","link":"https:\/\/www.terveilm.ee\/leht\/blogi\/ukraina-arvamusfestival-tahistab-oma-5-sunnipaeva\/","title":{"rendered":"Ukraina arvamusfestival t\u00e4histab oma 5. s\u00fcnnip\u00e4eva"},"content":{"rendered":"\n<p>Juba viiendat aastat toetab MT\u00dc Mondo Ida-Ukraina kriisipiirkonnas toimuvat arvamusfestivali. Festival leiab aset 4.-5. septembrini Luganski oblastis, Severodonetski linnav\u00e4ljakul.<\/p>\n\n\n\n<p>Sel aastal on festivalil koguni kuus lava ning Eestist on seitse inimest kaasatud erinevatesse diskussioonidesse. Kirjanik Mathura loeb koos ukrainlasest poeedi Ljubov Jakimt\u0161ukiga luulet kogumikust \u201cDonbassi aprikoosid\u201d. Teatrikriitik ja Transparency Estonia juhatuse esimees Steven-Hristo Evestus osaleb arutelus, kuidas kunst v\u00f5ib saada osaks rahuk\u00f5neluste dialoogi loomisel. Aruteludes l\u00f6\u00f6vad kaasa ka noorsoot\u00f6\u00f6taja Darja Djantseko MT\u00dc-st Youth Club Active, kes viib l\u00e4bi interaktiivse t\u00f6\u00f6toa mitteformaalsest haridusest ja Mondo digip\u00e4devuste programmi ekspert Erika T\u0161erka\u0161ina, kes r\u00e4\u00e4gib hariduse m\u00f5just COVID-i ajastul ning digi\u00f5ppe vajalikkusest.&nbsp; Oma teadmisi jagavad samad eksperdid ka arvamusfestivalile j\u00e4rgnevatel p\u00e4evadel Luganski piirkonna \u00fcldharidus- ja k\u00f5rgkoolides.<\/p>\n\n\n\n<p>Lisaks osalevad arvamusfestivali diskussioonides ka Eesti suursaadik Ukrainas Kaimo Kuusk e-valimiste teemal&nbsp; ja Hannes Astok E-riigi Akadeemiast Ukraina digiriigi ja e-teenuste teemal. \u00d5htu l\u00f5petab Eesti-Ukraina artist Ruslan Trochynskyi.<\/p>\n\n\n\n<p>\u201cArvamusfestival t\u00f5stab Ukraina kriisipiirkonna fookusesse ning loob tingimused kogukonnakultuuri tekkimiseks. Festivalil osaleja saab eksklusiivset informatsiooni esmasest allikast ehk ekspertesinejatelt ja arvamusliidritelt. Festivalil esinevad inimesed saavad isiklikult anda vastuseid olulistele k\u00fcsimustele ning see annab v\u00f5imaluse oma teadmisi avardada,\u201c \u00fctles festivali peakorraldaja Julia Krasilnykova.<\/p>\n\n\n\n<p>Arvamusfestival Ukraina kriisipiirkonnas toimub MT\u00dc Mondo ja Ukraina partneri Vostok SOS arengukoost\u00f6\u00f6 projekti raames, mida rahastab Eesti V\u00e4lisministeerium arengukoost\u00f6\u00f6 vahenditest ning US Development Cooperation Partnership programm. Festivali toetab ka Eesti Suursaatkond Kiievis. \u00dcritust kajastab kohapealt&nbsp;<a href=\"http:\/\/rus.delfi.ee\/\" target=\"_blank\" rel=\"noreferrer noopener\">rus.delfi.ee<\/a>&nbsp;portaal.<\/p>\n","protected":false},"excerpt":{"rendered":"<p>Juba viiendat aastat toetab MT\u00dc Mondo Ida-Ukraina kriisipiirkonnas toimuvat arvamusfestivali. Festival leiab aset 4.-5. septembrini Luganski oblastis, Severodonetski linnav\u00e4ljakul. Sel&#8230;<\/p>\n","protected":false},"author":26,"featured_media":0,"comment_status":"open","ping_status":"open","sticky":false,"template":"","format":"standard","meta":{"_acf_changed":false,"footnotes":""},"categories":[7],"tags":[29],"class_list":["post-13489","post","type-post","status-publish","format-standard","hentry","category-uudised","tag-sundmused"],"acf":[],"_links":{"self":[{"href":"https:\/\/www.terveilm.ee\/leht\/wp-json\/wp\/v2\/posts\/13489","targetHints":{"allow":["GET"]}}],"collection":[{"href":"https:\/\/www.terveilm.ee\/leht\/wp-json\/wp\/v2\/posts"}],"about":[{"href":"https:\/\/www.terveilm.ee\/leht\/wp-json\/wp\/v2\/types\/post"}],"author":[{"embeddable":true,"href":"https:\/\/www.terveilm.ee\/leht\/wp-json\/wp\/v2\/users\/26"}],"replies":[{"embeddable":true,"href":"https:\/\/www.terveilm.ee\/leht\/wp-json\/wp\/v2\/comments?post=13489"}],"version-history":[{"count":1,"href":"https:\/\/www.terveilm.ee\/leht\/wp-json\/wp\/v2\/posts\/13489\/revisions"}],"predecessor-version":[{"id":13490,"href":"https:\/\/www.terveilm.ee\/leht\/wp-json\/wp\/v2\/posts\/13489\/revisions\/13490"}],"wp:attachment":[{"href":"https:\/\/www.terveilm.ee\/leht\/wp-json\/wp\/v2\/media?parent=13489"}],"wp:term":[{"taxonomy":"category","embeddable":true,"href":"https:\/\/www.terveilm.ee\/leht\/wp-json\/wp\/v2\/categories?post=13489"},{"taxonomy":"post_tag","embeddable":true,"href":"https:\/\/www.terveilm.ee\/leht\/wp-json\/wp\/v2\/tags?post=13489"}],"curies":[{"name":"wp","href":"https:\/\/api.w.org\/{rel}","templated":true}]}}