{"id":13492,"date":"2021-09-12T23:46:24","date_gmt":"2021-09-12T20:46:24","guid":{"rendered":"https:\/\/www.terveilm.ee\/leht\/?p=13492"},"modified":"2021-11-24T09:39:43","modified_gmt":"2021-11-24T07:39:43","slug":"aku-viimase-aja-suuemad-teemad","status":"publish","type":"post","link":"https:\/\/www.terveilm.ee\/leht\/blogi\/aku-viimase-aja-suuemad-teemad\/","title":{"rendered":"AK\u00dc viimase aja suuemad teemad"},"content":{"rendered":"\n<ul class=\"wp-block-list\"><li><strong>V\u00e4lisminister Liimets arutas Mondo ja Arengukoost\u00f6\u00f6 \u00dcmarlauaga olukorda Afganistanis<\/strong><\/li><\/ul>\n\n\n\n<p>V\u00e4lisminister Eva-Maria Liimets kohtus 31. augustil MT\u00dc Mondo juhatuse liikme ja arengukoost\u00f6\u00f6 suuna juhi Riina Kuusik-Rajasaare ning Arengukoost\u00f6\u00f6 \u00dcmarlaua tegevjuhi Agne Kuimetiga, et arutada senist koost\u00f6\u00f6d Afganistani suunal.<\/p>\n\n\n\n<p>Liimets r\u00e4\u00e4kis Kuusik-Rajasaare ja Kuimetiga hetkeolukorrast Afganistanis ning Mondo kaardistatud varjupaika vajavate inimeste toetamisest. \u201eMul on siiralt hea meel, et oleme Afganistanist turvaliselt evakueerinud 14 inimest, kellest 13 on Eestisse j\u00f5udnud ja \u00fcks veel teel. T\u00f6\u00f6tame liitlastega edasi, et leida v\u00f5imalusi abistada ka \u00fclej\u00e4\u00e4nud varjupaika vajavaid inimesi, kelle elu on \u00fcha halvenevas julgeoleku- ja humanitaarolukorras ohus,\u201c \u00fctles v\u00e4lisminister.<\/p>\n\n\n\n<p>Loe t\u00e4psemalt siit: <a href=\"https:\/\/www.terveilm.ee\/leht\/blogi\/valisminister-liimets-arutas-mondo-ja-arengukoostoo-umarlauaga-olukorda-afganistanis\/\" target=\"_blank\" rel=\"noreferrer noopener\">https:\/\/www.terveilm.ee\/leht\/blogi\/valisminister-liimets-arutas-mondo-ja-arengukoostoo-umarlauaga-olukorda-afganistanis\/<\/a><\/p>\n\n\n\n<ul class=\"wp-block-list\"><li>AK\u00dc toetas kriisihetkel oma liikme MT\u00dc Mondo ponnistusi Eestiga koost\u00f6\u00f6d teinud afgaanide evakueerimiseks Kabulist. Seoses Talibani v\u00f5imuletulekuga ja kiiresti eskaleerunud humanitaarkriisi t\u00f5ttu pealinnas Kabulis palusid MT\u00dc Mondo pikaajalised kaast\u00f6\u00f6tajad Eesti valitsuselt kaitset ja abi riigist ajutiseks lahkumiseks. Tegemist on Mondo kahe partnerorganisatsiooni t\u00f6\u00f6tajatega, kelle elud olid otseselt ohus, sest nad t\u00f6\u00f6tasid Eesti arengukoost\u00f6\u00f6 vahenditest rahastatud naiste tervise ja t\u00fcdrukute hariduse projektides.&nbsp; P\u00f6\u00f6rdusime operatiivselt minister<a href=\"https:\/\/docs.google.com\/document\/d\/1RPc0QI5SBAFs-P6MsINE80WPhU8YZhmFkUuY2swcYcI\/edit?usp=sharing\"> Liimetsa<\/a> ja<a href=\"https:\/\/docs.google.com\/document\/d\/15daaoeejnqFXa_HVXYxOd2624guWBPg4YATxGTvQY8k\/edit?usp=sharing\"> Riigikogu v\u00e4liskomisjoni juhi Marko Mihkelsoni<\/a> poole l\u00e4ks, lisaks avaldasime ka <a href=\"https:\/\/docs.google.com\/document\/d\/1fG5oNX0API5OlWVstrlYrb4_ijwGuNBDrLz_dXvf2-8\/edit?usp=sharing\">meediakommentaari<\/a>. Inimeste evakueerimise saab lugeda \u00f5nnestunuks t\u00e4nu Eesti riigi otsusele pakkuda inimestele kaitset ning t\u00e4nu efektiivsele koost\u00f6\u00f6le rahvusvaheliset partenritega, kelle abiga oli v\u00f5imalik inimesed Afganistanist v\u00e4lja saada.<\/li><\/ul>\n\n\n\n<ul class=\"wp-block-list\"><li>J\u00e4tkasime P\u00f5hja- ja Baltimaade \u00fchises huvikaitset\u00f6\u00f6r\u00fchmas osalemist, mille eesm\u00e4rk on m\u00f5jutada Maailmapanka ja Rahvusvahelist Valuutafondi vaatama \u00fcle oma otsustuskriteeriumeid ja toetusmehhanisme, saavutamaks aastaks 2030. maailma kestliku arengu eesm\u00e4rke kliima, keskkonna, majanduse, ebav\u00f5rdsuse ja rahvusvahelise koost\u00f6\u00f6 valdkondades. T\u00f6\u00f6r\u00fchma juhib <a href=\"https:\/\/slettgjelda.no\/en\/\">SLUG Norway.<\/a><\/li><\/ul>\n\n\n\n<ul class=\"wp-block-list\"><li>Augusti l\u00f5pus viisime Narvas \u201e\u0422\u0432\u043e\u0439 valik\u201c festivalil l\u00e4bi kestliku arengu teemalisi t\u00f6\u00f6tubasid. N\u00e4gime suurt huvi eelk\u00f5ige \u00f5petajate ja noorsoot\u00f6\u00f6tajate seas, kellest paljud kestlikust arengust esimest korda kuulsid ning ka oma \u00f5pilastele tutvustada tahtsid. K\u00f5ik tr\u00fckimaterjalid ja SDG n\u00e4nn l\u00e4ksid v\u00e4ga h\u00e4sti kaubaks.&nbsp;<\/li><\/ul>\n\n\n\n<ul class=\"wp-block-list\"><li>Suvel alustasime \u00fcheskoos Tallinna \u00dclikooli teaduritega Naised, rahu ja julgeoleku teemalise uuringu disainimisega. Meie huvikaitsespetsialist&nbsp;Susanna&nbsp;kaardistab nii Eesti v\u00f5rgustiku kui ka meie partnerriikide kodaniku\u00fchiskonna praktikaid ja loob soovitusi uue perioodi programmi planeerimise jaoks. Uuring on tellitud ja rahastatud V\u00e4lisministeeriumi poolt.<\/li><\/ul>\n\n\n\n<ul class=\"wp-block-list\"><li>Kuu l\u00f5pus osaleme ka Pagulasabi&nbsp;<a rel=\"noreferrer noopener\" href=\"https:\/\/www.facebook.com\/events\/850397589002608\" target=\"_blank\">Saame tuttavaks! seeria T\u00fcrgi p\u00e4rastl\u00f5unal<\/a>, kus muuhulgas ka&nbsp;Susanna&nbsp;r\u00e4\u00e4gib Eesti ja T\u00fcrgi omavahelisest koost\u00f6\u00f6st ning sidemetest. Lisaks on teisigi p\u00f5nevaid esinejaid, kes T\u00fcrgit eestlastele l\u00e4hemale aitavad tuua.&nbsp;<\/li><li>Arengukoost\u00f6\u00f6 \u00dcmarlaua ja Kestliku Arengu Koalitsiooni koos korraldatud Arvamusfestivali arutelu &#8220;Koos, Kestlikult!&#8221; on t\u00e4ielikult j\u00e4relvaadatav siin:  <br><\/li><\/ul>\n\n\n\n<figure class=\"wp-block-embed is-type-rich is-provider-uhendusliides wp-block-embed-uhendusliides wp-embed-aspect-16-9 wp-has-aspect-ratio\"><div class=\"wp-block-embed__wrapper\">\n<iframe loading=\"lazy\" title=\"Koos, kestlikult! arutelu Arvamusfestivalil 2021\" width=\"500\" height=\"281\" src=\"https:\/\/www.youtube.com\/embed\/x6hcfti0AGs?feature=oembed\" frameborder=\"0\" allow=\"accelerometer; autoplay; clipboard-write; encrypted-media; gyroscope; picture-in-picture; web-share\" referrerpolicy=\"strict-origin-when-cross-origin\" allowfullscreen><\/iframe>\n<\/div><\/figure>\n\n\n\n<ul class=\"wp-block-list\"><li>Selleks, et tuua t\u00e4helepanu L\u00e4\u00e4nemere tervisele ning sellele, kuidas meie meri ning kogu maailma veed on seotud ning meie kestlik k\u00e4itumine siin m\u00f5jutab kogu maailma, on Tallinna \u00fcles pandud kolm L\u00e4\u00e4nemere-teemalist installatsiooni, mis asuvad Tammsaare pargis, Kadrioru pargis ja Kalamaja pargis ning n\u00e4evad eriti ilusad v\u00e4lja \u00f5htupimeduses. Loe lisaks siit: <a href=\"https:\/\/www.terveilm.ee\/leht\/blogi\/viis-punkti-millised-on-laanemere-suurimad-probleemid\/\" target=\"_blank\" rel=\"noreferrer noopener\">https:\/\/www.terveilm.ee\/leht\/blogi\/viis-punkti-millised-on-laanemere-suurimad-probleemid\/<\/a><\/li><\/ul>\n","protected":false},"excerpt":{"rendered":"<p>V\u00e4lisminister Liimets arutas Mondo ja Arengukoost\u00f6\u00f6 \u00dcmarlauaga olukorda Afganistanis V\u00e4lisminister Eva-Maria Liimets kohtus 31. augustil MT\u00dc Mondo juhatuse liikme ja&#8230;<\/p>\n","protected":false},"author":26,"featured_media":13494,"comment_status":"open","ping_status":"open","sticky":false,"template":"","format":"standard","meta":{"_acf_changed":false,"footnotes":""},"categories":[3],"tags":[59,31,35],"class_list":["post-13492","post","type-post","status-publish","format-standard","has-post-thumbnail","hentry","category-blogi","tag-afganistan","tag-aku","tag-arengukoostoo"],"acf":[],"_links":{"self":[{"href":"https:\/\/www.terveilm.ee\/leht\/wp-json\/wp\/v2\/posts\/13492","targetHints":{"allow":["GET"]}}],"collection":[{"href":"https:\/\/www.terveilm.ee\/leht\/wp-json\/wp\/v2\/posts"}],"about":[{"href":"https:\/\/www.terveilm.ee\/leht\/wp-json\/wp\/v2\/types\/post"}],"author":[{"embeddable":true,"href":"https:\/\/www.terveilm.ee\/leht\/wp-json\/wp\/v2\/users\/26"}],"replies":[{"embeddable":true,"href":"https:\/\/www.terveilm.ee\/leht\/wp-json\/wp\/v2\/comments?post=13492"}],"version-history":[{"count":4,"href":"https:\/\/www.terveilm.ee\/leht\/wp-json\/wp\/v2\/posts\/13492\/revisions"}],"predecessor-version":[{"id":13768,"href":"https:\/\/www.terveilm.ee\/leht\/wp-json\/wp\/v2\/posts\/13492\/revisions\/13768"}],"wp:featuredmedia":[{"embeddable":true,"href":"https:\/\/www.terveilm.ee\/leht\/wp-json\/wp\/v2\/media\/13494"}],"wp:attachment":[{"href":"https:\/\/www.terveilm.ee\/leht\/wp-json\/wp\/v2\/media?parent=13492"}],"wp:term":[{"taxonomy":"category","embeddable":true,"href":"https:\/\/www.terveilm.ee\/leht\/wp-json\/wp\/v2\/categories?post=13492"},{"taxonomy":"post_tag","embeddable":true,"href":"https:\/\/www.terveilm.ee\/leht\/wp-json\/wp\/v2\/tags?post=13492"}],"curies":[{"name":"wp","href":"https:\/\/api.w.org\/{rel}","templated":true}]}}