{"id":13505,"date":"2021-09-20T10:27:09","date_gmt":"2021-09-20T07:27:09","guid":{"rendered":"https:\/\/www.terveilm.ee\/leht\/?p=13505"},"modified":"2021-11-24T09:39:03","modified_gmt":"2021-11-24T07:39:03","slug":"tana-algab-kestliku-arengu-nadal","status":"publish","type":"post","link":"https:\/\/www.terveilm.ee\/leht\/blogi\/tana-algab-kestliku-arengu-nadal\/","title":{"rendered":"\u00dchine kestliku arengu n\u00e4dala teemadega!"},"content":{"rendered":"\n<p><strong>Algas \u00fcle-Euroopaline s\u00e4\u00e4stva arengu n\u00e4dal!<\/strong><br>Arengukoost\u00f6\u00f6 \u00dcmarlaud ja Kestliku arengu koalitsioon viivad n\u00e4dala raames l\u00e4bi teavitus\u00fcritusi, et kestliku arengu teemasid inimestele l\u00e4hemale tuua:<\/p>\n\n\n\n<ul class=\"wp-block-list\"><li>Saatesari <strong>&#8220;Kestlik p\u00e4evakaja&#8221; IDA raadios<\/strong><\/li><\/ul>\n\n\n\n<p><strong>21.09 kell 14-15:00<\/strong> r\u00e4\u00e4gime Katrin Batsiga (Rimi Eesti Food AS) ja Stella Runneliga (Stella Soomlais Studio) s\u00e4\u00e4stvast tootmisest ja tarbimisest ning tarbija vastutusest. Kuula saadet j\u00e4rgi siit: <a href=\"https:\/\/idaidaida.net\/et\/jarelkuulamine\/intro-2021-09-21\" target=\"_blank\" rel=\"noreferrer noopener\">https:\/\/idaidaida.net\/et\/jarelkuulamine\/intro-2021-09-21<\/a><\/p>\n\n\n\n<p><strong>22.09 kell 16-17:00 <\/strong>v\u00f5tame koos Diana Tamme (MT\u00dc Mondo) ja Mihkel Kanguriga (Tallinna \u00dclikool) fookusesse maailmahariduse. Kuula saadet j\u00e4rgi siit: <a href=\"https:\/\/idaidaida.net\/et\/jarelkuulamine\/intro-2021-09-22\" target=\"_blank\" rel=\"noreferrer noopener\">https:\/\/idaidaida.net\/et\/jarelkuulamine\/intro-2021-09-22<\/a><\/p>\n\n\n\n<p><strong>24.09 kell 14-15:00 <\/strong>arutleme ettev\u00f5tete vastutuse \u00fcle koos Kristiina Esopi (Vastutustundliku Ettev\u00f5tluse Foorum) ja Elo V\u00f5rguga (Telia Eesti AS). Kuula saadet j\u00e4rgi siit: <a href=\"https:\/\/idaidaida.net\/et\/jarelkuulamine\/intro-2021-09-24\" target=\"_blank\" rel=\"noreferrer noopener\">https:\/\/idaidaida.net\/et\/jarelkuulamine\/intro-2021-09-24<\/a><\/p>\n\n\n\n<p>Saateid juhib Mart Valner.<\/p>\n\n\n\n<p><strong>Kuula otsesaateid IDA raadio veebilehel:&nbsp;https:\/\/idaidaida.ee\/<\/strong><\/p>\n\n\n\n<ul class=\"wp-block-list\"><li>Kuku raadio saade <strong>Ilmaparandaja<\/strong><\/li><\/ul>\n\n\n\n<p><strong>25.09 kell 14-15<\/strong>&nbsp;tulevad Ilmaparandajasse k\u00fclla Kadri Piho (Cleantech Estonia), Annika Arras (Miltton) ja Eili Lepik (Riigikantselei), et arutada selle \u00fcle, kuidas kestlikult areneda, tehes valdkondade\u00fclest koost\u00f6\u00f6d. Kuula saadet j\u00e4rgi siit: <a href=\"https:\/\/kuku.postimees.ee\/podcast\/ilmaparandaja\/105998\" target=\"_blank\" rel=\"noreferrer noopener\">https:\/\/kuku.postimees.ee\/podcast\/ilmaparandaja\/105998<\/a><\/p>\n\n\n\n<ul class=\"wp-block-list\"><li><strong>Arvamusk\u00fcsitlus Rimi poodides<\/strong><\/li><\/ul>\n\n\n\n<p>Viime koost\u00f6\u00f6s Rimiga l\u00e4bi \u00dclemiste (20-26.09) ja S\u00f5pruse (27.09-3.10) Rimi toidupoodides avaliku arvamusk\u00fcsitluse <strong>toiduraiskamise<\/strong> teemal. Kui satud l\u00e4bi, siis otsi \u00fcles AK\u00dc h\u00e4\u00e4letusmasin ja anna ka oma h\u00e4\u00e4l!<\/p>\n\n\n\n<p>Uuri k\u00f5iki registreeritud s\u00fcndmusi v\u00f5i lisa ka enda s\u00fcndmus <a href=\"https:\/\/esdw.eu\/country\/estonia\/\" target=\"_blank\" rel=\"noreferrer noopener\"><strong>ESDW kodulehel!<\/strong><\/a><\/p>\n","protected":false},"excerpt":{"rendered":"<p>Algas \u00fcle-Euroopaline s\u00e4\u00e4stva arengu n\u00e4dal!Arengukoost\u00f6\u00f6 \u00dcmarlaud ja Kestliku arengu koalitsioon viivad n\u00e4dala raames l\u00e4bi teavitus\u00fcritusi, et kestliku arengu teemasid inimestele&#8230;<\/p>\n","protected":false},"author":26,"featured_media":13506,"comment_status":"open","ping_status":"open","sticky":false,"template":"","format":"standard","meta":{"_acf_changed":false,"footnotes":""},"categories":[3],"tags":[31,30,24],"class_list":["post-13505","post","type-post","status-publish","format-standard","has-post-thumbnail","hentry","category-blogi","tag-aku","tag-kestliku-arengu-koalitsioon-sdg","tag-tarbimine"],"acf":[],"_links":{"self":[{"href":"https:\/\/www.terveilm.ee\/leht\/wp-json\/wp\/v2\/posts\/13505","targetHints":{"allow":["GET"]}}],"collection":[{"href":"https:\/\/www.terveilm.ee\/leht\/wp-json\/wp\/v2\/posts"}],"about":[{"href":"https:\/\/www.terveilm.ee\/leht\/wp-json\/wp\/v2\/types\/post"}],"author":[{"embeddable":true,"href":"https:\/\/www.terveilm.ee\/leht\/wp-json\/wp\/v2\/users\/26"}],"replies":[{"embeddable":true,"href":"https:\/\/www.terveilm.ee\/leht\/wp-json\/wp\/v2\/comments?post=13505"}],"version-history":[{"count":5,"href":"https:\/\/www.terveilm.ee\/leht\/wp-json\/wp\/v2\/posts\/13505\/revisions"}],"predecessor-version":[{"id":13767,"href":"https:\/\/www.terveilm.ee\/leht\/wp-json\/wp\/v2\/posts\/13505\/revisions\/13767"}],"wp:featuredmedia":[{"embeddable":true,"href":"https:\/\/www.terveilm.ee\/leht\/wp-json\/wp\/v2\/media\/13506"}],"wp:attachment":[{"href":"https:\/\/www.terveilm.ee\/leht\/wp-json\/wp\/v2\/media?parent=13505"}],"wp:term":[{"taxonomy":"category","embeddable":true,"href":"https:\/\/www.terveilm.ee\/leht\/wp-json\/wp\/v2\/categories?post=13505"},{"taxonomy":"post_tag","embeddable":true,"href":"https:\/\/www.terveilm.ee\/leht\/wp-json\/wp\/v2\/tags?post=13505"}],"curies":[{"name":"wp","href":"https:\/\/api.w.org\/{rel}","templated":true}]}}