{"id":13512,"date":"2021-09-22T12:32:00","date_gmt":"2021-09-22T09:32:00","guid":{"rendered":"https:\/\/www.terveilm.ee\/leht\/?p=13512"},"modified":"2021-11-24T09:38:40","modified_gmt":"2021-11-24T07:38:40","slug":"kestlik-paevakaja-mart-valner-diana-tamm-mihkel-kangur","status":"publish","type":"post","link":"https:\/\/www.terveilm.ee\/leht\/blogi\/kestlik-paevakaja-mart-valner-diana-tamm-mihkel-kangur\/","title":{"rendered":"Kestlik p\u00e4evakaja &#8211; Mart Valner &#038; Diana Tamm &#038; Mihkel Kangur"},"content":{"rendered":"\n<p>Kestliku arengu n\u00e4dala raames IDA raadios eetris oleva raadiosarja teine saade. Teemaks haridus ja maailmaharidus &#8211; kas haritud \u00fchiskond on kiireim ja \u00f5igeim viis parema maailmani? Kui varakult peaks noortele maailma seoseid \u00f5petama hakkama? Stuudios on Mart Valner Arengukoost\u00f6\u00f6 \u00dcmarlauast, Diana Tamm MT\u00dc Mondost ja Mihkel Kangur Tallinna \u00dclikoolist. <br><\/p>\n\n\n\n<p>Kuula saadet j\u00e4rgi siit: <a href=\"https:\/\/idaidaida.net\/et\/jarelkuulamine\/intro-2021-09-22\" target=\"_blank\" rel=\"noreferrer noopener\">https:\/\/idaidaida.net\/et\/jarelkuulamine\/intro-2021-09-22<\/a><\/p>\n","protected":false},"excerpt":{"rendered":"<p>Kestliku arengu n\u00e4dala raames IDA raadios eetris oleva raadiosarja teine saade. Teemaks haridus ja maailmaharidus &#8211; kas haritud \u00fchiskond on&#8230;<\/p>\n","protected":false},"author":26,"featured_media":0,"comment_status":"open","ping_status":"open","sticky":false,"template":"","format":"standard","meta":{"_acf_changed":false,"footnotes":""},"categories":[48],"tags":[31,30,24],"class_list":["post-13512","post","type-post","status-publish","format-standard","hentry","category-meediakajastused","tag-aku","tag-kestliku-arengu-koalitsioon-sdg","tag-tarbimine"],"acf":[],"_links":{"self":[{"href":"https:\/\/www.terveilm.ee\/leht\/wp-json\/wp\/v2\/posts\/13512","targetHints":{"allow":["GET"]}}],"collection":[{"href":"https:\/\/www.terveilm.ee\/leht\/wp-json\/wp\/v2\/posts"}],"about":[{"href":"https:\/\/www.terveilm.ee\/leht\/wp-json\/wp\/v2\/types\/post"}],"author":[{"embeddable":true,"href":"https:\/\/www.terveilm.ee\/leht\/wp-json\/wp\/v2\/users\/26"}],"replies":[{"embeddable":true,"href":"https:\/\/www.terveilm.ee\/leht\/wp-json\/wp\/v2\/comments?post=13512"}],"version-history":[{"count":2,"href":"https:\/\/www.terveilm.ee\/leht\/wp-json\/wp\/v2\/posts\/13512\/revisions"}],"predecessor-version":[{"id":13711,"href":"https:\/\/www.terveilm.ee\/leht\/wp-json\/wp\/v2\/posts\/13512\/revisions\/13711"}],"wp:attachment":[{"href":"https:\/\/www.terveilm.ee\/leht\/wp-json\/wp\/v2\/media?parent=13512"}],"wp:term":[{"taxonomy":"category","embeddable":true,"href":"https:\/\/www.terveilm.ee\/leht\/wp-json\/wp\/v2\/categories?post=13512"},{"taxonomy":"post_tag","embeddable":true,"href":"https:\/\/www.terveilm.ee\/leht\/wp-json\/wp\/v2\/tags?post=13512"}],"curies":[{"name":"wp","href":"https:\/\/api.w.org\/{rel}","templated":true}]}}