{"id":13557,"date":"2021-09-23T12:10:00","date_gmt":"2021-09-23T09:10:00","guid":{"rendered":"https:\/\/www.terveilm.ee\/leht\/?p=13557"},"modified":"2021-11-24T09:38:29","modified_gmt":"2021-11-24T07:38:29","slug":"arutelu-ranne-ja-euroopa-liit","status":"publish","type":"post","link":"https:\/\/www.terveilm.ee\/leht\/blogi\/arutelu-ranne-ja-euroopa-liit\/","title":{"rendered":"Arutelu \u201eR\u00e4nne ja Euroopa Liit\u201c"},"content":{"rendered":"\n<p>Neljap\u00e4eval, 23. septembril kl 14.30\u201315.45 toimub Tallinnas Euroopa Elamuskeskuses arutelu \u201cR\u00e4nne ja Euroopa Liit: v\u00e4ljakutsed ja v\u00f5imalused\u201d.<\/p>\n\n\n\n<p>R\u00e4nde teema on viimastel aastatel tekitanud Euroopas palju vaidlusi ning on \u00fche sihtteemana arutlusel ka k\u00e4imasoleval Euroopa tuleviku konverentsil. Vestlusringis tulevad jutuks r\u00e4nde sotsiaalmajanduslikud m\u00f5jud nii l\u00e4hte- kui sihtriikidele, samuti v\u00f5imalused r\u00e4ndega seonduvate riskide maandamiseks. Kuidas m\u00f5jutab r\u00e4nne t\u00f6\u00f6turgu ja palgataset? Milline on seos majandusarengu ning r\u00e4ndeliikumiste vahel? Millised on t\u00e4nased Euroopa Liidu ees seisvad r\u00e4ndest tingitud v\u00e4ljakutsed ja v\u00f5imalused?<\/p>\n\n\n\n<p>Vestlusringis osalevad Euroopa Parlamendi asepresident&nbsp;<strong>Roberta Metsola<\/strong>, J\u00fcri G\u00fcmnaasiumi \u00f5pilane&nbsp;<strong>Eneken Riin Salong<\/strong>&nbsp;ning Arengukoost\u00f6\u00f6 \u00dcmarlaua huvikaitseekspert&nbsp;<strong>Susanne Veevo<\/strong>.&nbsp; Arutelu juhib MT\u00dc Mondo r\u00e4ndeekspert&nbsp;<strong>Meelis Niine<\/strong>.<\/p>\n\n\n\n<p>Arutelu toimub inglise keeles ning selle otse\u00fclekannet on v\u00f5imalik j\u00e4lgida Euroopa Parlamendi B\u00fcroo&nbsp;<strong><a href=\"https:\/\/www.facebook.com\/EPIOEestis\">Facebooki<\/a><\/strong><a href=\"https:\/\/www.facebook.com\/EPIOEestis\">&nbsp;lehel.<\/a>&nbsp;\u00dclekande j\u00e4lgijatel on&nbsp;<strong>Sli.do<\/strong>&nbsp;keskkonnas v\u00f5imalik esitada arutelus osalejatele ka k\u00fcsimusi.<\/p>\n\n\n\n<p>Arutelu korraldab Euroopa Parlamendi B\u00fcroo Eestis koost\u00f6\u00f6s MT\u00dcga Mondo.<\/p>\n\n\n\n<p><strong>Taust<\/strong><\/p>\n\n\n\n<p>\u00dcrituse sihtgrupp on g\u00fcmnaasiumiastme \u00f5pilased ja \u00f5petajad ning sellega saab \u00fchtlasi alguse ka Euroopa Parlamendi partnerkoolide programmi EPAS uus \u00f5ppeaasta Eestis. 2016. aastal alguse saanud EPAS programmi eesm\u00e4rk on tutvustada Euroopa parlamentaarset demokraatiat, Euroopa Parlamendi tegevust ning Euroopa v\u00e4\u00e4rtusi. Programmi tegevustes on oodatud osalema Eesti g\u00fcmnaasiumite ning kutse\u00f5<\/p>\n","protected":false},"excerpt":{"rendered":"<p>Neljap\u00e4eval, 23. septembril kl 14.30\u201315.45 toimub Tallinnas Euroopa Elamuskeskuses arutelu \u201cR\u00e4nne ja Euroopa Liit: v\u00e4ljakutsed ja v\u00f5imalused\u201d. R\u00e4nde teema on&#8230;<\/p>\n","protected":false},"author":26,"featured_media":0,"comment_status":"open","ping_status":"open","sticky":false,"template":"","format":"standard","meta":{"_acf_changed":false,"footnotes":""},"categories":[48],"tags":[31,28,29],"class_list":["post-13557","post","type-post","status-publish","format-standard","hentry","category-meediakajastused","tag-aku","tag-poliitikate-sidusus","tag-sundmused"],"acf":[],"_links":{"self":[{"href":"https:\/\/www.terveilm.ee\/leht\/wp-json\/wp\/v2\/posts\/13557","targetHints":{"allow":["GET"]}}],"collection":[{"href":"https:\/\/www.terveilm.ee\/leht\/wp-json\/wp\/v2\/posts"}],"about":[{"href":"https:\/\/www.terveilm.ee\/leht\/wp-json\/wp\/v2\/types\/post"}],"author":[{"embeddable":true,"href":"https:\/\/www.terveilm.ee\/leht\/wp-json\/wp\/v2\/users\/26"}],"replies":[{"embeddable":true,"href":"https:\/\/www.terveilm.ee\/leht\/wp-json\/wp\/v2\/comments?post=13557"}],"version-history":[{"count":1,"href":"https:\/\/www.terveilm.ee\/leht\/wp-json\/wp\/v2\/posts\/13557\/revisions"}],"predecessor-version":[{"id":13558,"href":"https:\/\/www.terveilm.ee\/leht\/wp-json\/wp\/v2\/posts\/13557\/revisions\/13558"}],"wp:attachment":[{"href":"https:\/\/www.terveilm.ee\/leht\/wp-json\/wp\/v2\/media?parent=13557"}],"wp:term":[{"taxonomy":"category","embeddable":true,"href":"https:\/\/www.terveilm.ee\/leht\/wp-json\/wp\/v2\/categories?post=13557"},{"taxonomy":"post_tag","embeddable":true,"href":"https:\/\/www.terveilm.ee\/leht\/wp-json\/wp\/v2\/tags?post=13557"}],"curies":[{"name":"wp","href":"https:\/\/api.w.org\/{rel}","templated":true}]}}