{"id":13685,"date":"2021-10-11T18:27:34","date_gmt":"2021-10-11T15:27:34","guid":{"rendered":"https:\/\/www.terveilm.ee\/leht\/?p=13685"},"modified":"2021-11-24T09:44:14","modified_gmt":"2021-11-24T07:44:14","slug":"olulisemad-uudised-viimase-kuu-jooksul","status":"publish","type":"post","link":"https:\/\/www.terveilm.ee\/leht\/blogi\/olulisemad-uudised-viimase-kuu-jooksul\/","title":{"rendered":"Olulisemad uudised viimase kuu jooksul"},"content":{"rendered":"\n<p>V\u00e4rskelt ilmunud&nbsp;<a href=\"https:\/\/aidwatch.concordeurope.org\/2021-report\/\">AidWatch 2021<\/a>&nbsp;raporti andmetel on Eesti endiselt Baltikumi k\u00f5ige suurem arenguabi andja, keskendudes seejuures eelk\u00f5ige kahepoolsele koost\u00f6\u00f6le ehk bilateraalsele abile. Eelmisel aastal panustas Eesti 0.16% RKT-st arengukoost\u00f6\u00f6 rahastusse, andes sellega oma osa \u00fclemaailmse ebav\u00f5rdsuse v\u00e4hendamiseks. Eesti on suhtarvude poolest nii Baltikumi suurim arenguabi andja kui ka regiooni suurim bilateraalse koost\u00f6\u00f6 rahastaja. Sellegipoolest vajab eesm\u00e4rgini j\u00f5udmine strateegilist t\u00f6\u00f6d \u2013 oleme endiselt v\u00e4hem kui poolel rahvusvaheliselt v\u00f5etud kohustuseni panustada arengukoost\u00f6\u00f6sse 2030. aastaks 0.33% RKT-st.<\/p>\n\n\n\n<figure class=\"wp-block-embed is-type-wp-embed is-provider-terveilm wp-block-embed-terveilm\"><div class=\"wp-block-embed__wrapper\">\n<blockquote class=\"wp-embedded-content\" data-secret=\"6TYUGNpl1P\"><a href=\"https:\/\/www.terveilm.ee\/leht\/blogi\/eesti-arengukoostoo-keskendub-jatkuvalt-kahepoolsele-koostoole\/\">Eesti arengukoost\u00f6\u00f6 keskendub j\u00e4tkuvalt kahepoolsele koost\u00f6\u00f6le<\/a><\/blockquote><iframe loading=\"lazy\" class=\"wp-embedded-content\" sandbox=\"allow-scripts\" security=\"restricted\" style=\"position: absolute; visibility: hidden;\" title=\"&#8220;Eesti arengukoost\u00f6\u00f6 keskendub j\u00e4tkuvalt kahepoolsele koost\u00f6\u00f6le&#8221; &#8212; Terveilm\" src=\"https:\/\/www.terveilm.ee\/leht\/blogi\/eesti-arengukoostoo-keskendub-jatkuvalt-kahepoolsele-koostoole\/embed\/#?secret=KP0I9hnbdu#?secret=6TYUGNpl1P\" data-secret=\"6TYUGNpl1P\" width=\"500\" height=\"282\" frameborder=\"0\" marginwidth=\"0\" marginheight=\"0\" scrolling=\"no\"><\/iframe>\n<\/div><\/figure>\n\n\n\n<p>A very long-awaited Baltic CSOs\u2019 exchange forum focusing on building a roadmap for cooperation in the development!<\/p>\n\n\n\n<p><strong>Date<\/strong>: 13th October, 2 PM Vilnius\/Riga\/Tallinn time<br><strong>Zoom<\/strong>&nbsp;registration&nbsp;<a href=\"https:\/\/us02web.zoom.us\/meeting\/register\/tZcqcOmhpzwoGdJaR2cv5FGQHbaNPhU8QQHi\">link<\/a><\/p>\n\n\n\n<p><strong>Program<\/strong><br>14:00 \u2013 14:10 Welcome and introduction<br>14:10 \u2013 14:25 National DC Platforms: the situation updates in Latvia, Lithuania and Estonia<br>14:25 \u2013 15:20 Thematic exchange sessions \u2013 breakout rooms<br><strong>Session 1<\/strong>&nbsp;Migration and humanitarian action<br><strong>Session 2<\/strong><em>&nbsp;<\/em>Financing for development: Bilateral ODA within MFA<br><strong>Session 3<\/strong>&nbsp;Innovative and needs-based development projects<br>15:20 \u2013 15:50 Presentation from the sessions<br>15:50 \u2013 16:00 Wrap up and next steps<\/p>\n\n\n\n<figure class=\"wp-block-embed is-type-wp-embed is-provider-terveilm wp-block-embed-terveilm\"><div class=\"wp-block-embed__wrapper\">\n<blockquote class=\"wp-embedded-content\" data-secret=\"TEf3sCxTLb\"><a href=\"https:\/\/www.terveilm.ee\/leht\/blogi\/exchange-forum-on-october-13th-development-cooperation-of-the-baltic-states\/\">Exchange Forum on October 13th: Development Cooperation of the Baltic States<\/a><\/blockquote><iframe loading=\"lazy\" class=\"wp-embedded-content\" sandbox=\"allow-scripts\" security=\"restricted\" style=\"position: absolute; visibility: hidden;\" title=\"&#8220;Exchange Forum on October 13th: Development Cooperation of the Baltic States&#8221; &#8212; Terveilm\" src=\"https:\/\/www.terveilm.ee\/leht\/blogi\/exchange-forum-on-october-13th-development-cooperation-of-the-baltic-states\/embed\/#?secret=BPXbFHrjT2#?secret=TEf3sCxTLb\" data-secret=\"TEf3sCxTLb\" width=\"500\" height=\"282\" frameborder=\"0\" marginwidth=\"0\" marginheight=\"0\" scrolling=\"no\"><\/iframe>\n<\/div><\/figure>\n\n\n\n<p>Delfis alustas uus saade &#8220;Rohep\u00f6\u00f6rane&#8221;! Keskkonnateemad on naljast kaugel. Aga seda probleemi annab parandada! Mart Valner ja Madis Vasser vaatavad otsa viimase aja olulisematele keskkonnauudistele ja v\u00fcrtsitavad neid teravate ja l\u00f5busate kommentaaridega \u2013 Mart arengukoost\u00f6\u00f6 ja \u00f5igluse spektri l\u00e4bi ning Madis energeetika ja kliima vaatepunktist. Rohepesijad, hoidke alt!<br><a rel=\"noreferrer noopener\" href=\"https:\/\/roheportaal.delfi.ee\/kategooria\/94673819\/rohepoorane-1\" target=\"_blank\">Kuula saateid Delfi taskuh\u00e4\u00e4lingust<\/a><\/p>\n\n\n\n<p>Arengukoost\u00f6\u00f6 \u00dcmarlaud ja Kestliku arengu koalitsioon viisid Euroopa kestliku n\u00e4dala raames l\u00e4bi teavitus\u00fcritusi, et kestliku arengu teemasid inimestele l\u00e4hemale tuua. Eetrisse l\u00e4ksid mitmed raadiosaated ning toimus ka <a rel=\"noreferrer noopener\" href=\"https:\/\/www.terveilm.ee\/leht\/blogi\/kes-aitab-toitu-vahem-raisata\/\" target=\"_blank\">h\u00e4\u00e4letus Rimi poodides<\/a>.&nbsp;<\/p>\n\n\n\n<figure class=\"wp-block-embed is-type-wp-embed is-provider-terveilm wp-block-embed-terveilm\"><div class=\"wp-block-embed__wrapper\">\n<blockquote class=\"wp-embedded-content\" data-secret=\"cb359CN9U5\"><a href=\"https:\/\/www.terveilm.ee\/leht\/blogi\/tana-algab-kestliku-arengu-nadal\/\">\u00dchine kestliku arengu n\u00e4dala teemadega!<\/a><\/blockquote><iframe loading=\"lazy\" class=\"wp-embedded-content\" sandbox=\"allow-scripts\" security=\"restricted\" style=\"position: absolute; visibility: hidden;\" title=\"&#8220;\u00dchine kestliku arengu n\u00e4dala teemadega!&#8221; &#8212; Terveilm\" src=\"https:\/\/www.terveilm.ee\/leht\/blogi\/tana-algab-kestliku-arengu-nadal\/embed\/#?secret=gJHxP3Ft1h#?secret=cb359CN9U5\" data-secret=\"cb359CN9U5\" width=\"500\" height=\"282\" frameborder=\"0\" marginwidth=\"0\" marginheight=\"0\" scrolling=\"no\"><\/iframe>\n<\/div><\/figure>\n\n\n\n<ul class=\"wp-block-list\"><li>AK\u00dc tiimiga \u00fchines Hanna Gerta Alamets, kes hakkab tegelema kesta.me platvormiga. Hanna Gerta \u00fctleb enda kohta nii: &#8220;Varem olen t\u00f6\u00f6tanud sotsiaalpoliitika, tudengite huvikaitse ja mitteformaalse hariduse valdkonnas. Eelmise aasta s\u00fcgisel juhendasin Tallinna \u00dclikoolis ELU projekti, mille k\u00e4igus uuriti Eesti inimeste teadlikkust kestlikust arengust ja nende arvamust seoses selleteemalise info esitlemise ja k\u00e4ttesaadavusega. Jaanuaris alustasin GTL Lab\/Proovikivi MT\u00dcs projekti assistendina, et aidata loodaval&nbsp;<a rel=\"noreferrer noopener\" href=\"http:\/\/kesta.me\/\" target=\"_blank\">kesta.me<\/a>&nbsp;platvormil kestliku arengu teemasid \u00fcksikisikuteni viia ning AK\u00dcs j\u00e4tkangi t\u00e4pselt sama teema kallal t\u00f6\u00f6tamist. Lisaks k\u00f5igele sellele elan ja \u00f5pin Belgias, kirjutan filosoofia erialal magistrit\u00f6\u00f6d. Mul on v\u00e4ga hea meel, et saan olla osa suurep\u00e4rasest AK\u00dc meeskonnast!&#8221;<\/li><li>Naised, rahu ja julgeolek<\/li><\/ul>\n\n\n\n<p>Oleme terve s\u00fcgise t\u00f6\u00f6tanud \u00fcheskoos Tallinna \u00dclikooli teaduritega naised, rahu ja julgeoleku uuringu kallal. Viisime just l\u00e4bi ka v\u00e4ga sisutiheda arutelu AK\u00dc liikmeskonnaga. Suur t\u00e4nu k\u00f5igile liitujatele! Juba oktoobris esitame VM-ile vahearuande ja viimistleme soovitusi j\u00e4rgmise tegevuskava perioodi jaoks.&nbsp;<\/p>\n\n\n\n<ul class=\"wp-block-list\"><li>Hoiame fookuses partnerlust<\/li><\/ul>\n\n\n\n<p>Ka nii oma kohapealsete kui rahvusvaheliste partneritega oleme sooje suhteid hoidnud. Septembris kohtus huvikaitseekspert&nbsp;Susanna Sloveenia platvormi SLOGA-ga, Agne Baltikumi platvormidega, oktoobris kohtuvad Agne ja Susanna Slovakkia platvormi Ambrelaga.&nbsp;<\/p>\n\n\n\n<ul class=\"wp-block-list\"><li>Konverentsidel k\u00e4isime ka<\/li><\/ul>\n\n\n\n<p>Septembris k\u00e4isid Agne ja Susanna Balti-Euroopa Liidu-Aafrika Liidu trioloogi kohtumisel, mida vedas eest Afriko. R\u00e4\u00e4kisime Aafrikast, arengust ja r\u00e4ndest. Susanna k\u00e4is Euroopa Parlamendi B\u00fcroos r\u00e4ndest r\u00e4\u00e4kimas, koos Mondo, EP asepresidendi Roberta Metsola ja kooli\u00f5pilastega. J\u00e4rgi saab vaadata siit:&nbsp;<a href=\"https:\/\/www.facebook.com\/EPIOEestis\/videos\/4581745691888215\/\" target=\"_blank\" rel=\"noreferrer noopener\">https:\/\/www.facebook.com\/EPIOEestis\/videos\/4581745691888215\/<\/a><br>Lisaks osaleme Viinis Fundamental Rights foorumil, mida saab ka veebis j\u00e4lgida:&nbsp;<a href=\"https:\/\/hybrid.fundamentalrightsforum.eu\/\" target=\"_blank\" rel=\"noreferrer noopener\">https:\/\/hybrid.fundamentalrightsforum.eu\/<\/a><a href=\"https:\/\/www.terveilm.ee\/leht\/blogi\/tana-algab-kestliku-arengu-nadal\/\" target=\"_blank\" rel=\"noreferrer noopener\"><\/a><\/p>\n\n\n\n<p><\/p>\n","protected":false},"excerpt":{"rendered":"<p>V\u00e4rskelt ilmunud&nbsp;AidWatch 2021&nbsp;raporti andmetel on Eesti endiselt Baltikumi k\u00f5ige suurem arenguabi andja, keskendudes seejuures eelk\u00f5ige kahepoolsele koost\u00f6\u00f6le ehk bilateraalsele abile&#8230;.<\/p>\n","protected":false},"author":26,"featured_media":13533,"comment_status":"open","ping_status":"open","sticky":false,"template":"","format":"standard","meta":{"_acf_changed":false,"footnotes":""},"categories":[3],"tags":[31],"class_list":["post-13685","post","type-post","status-publish","format-standard","has-post-thumbnail","hentry","category-blogi","tag-aku"],"acf":[],"_links":{"self":[{"href":"https:\/\/www.terveilm.ee\/leht\/wp-json\/wp\/v2\/posts\/13685","targetHints":{"allow":["GET"]}}],"collection":[{"href":"https:\/\/www.terveilm.ee\/leht\/wp-json\/wp\/v2\/posts"}],"about":[{"href":"https:\/\/www.terveilm.ee\/leht\/wp-json\/wp\/v2\/types\/post"}],"author":[{"embeddable":true,"href":"https:\/\/www.terveilm.ee\/leht\/wp-json\/wp\/v2\/users\/26"}],"replies":[{"embeddable":true,"href":"https:\/\/www.terveilm.ee\/leht\/wp-json\/wp\/v2\/comments?post=13685"}],"version-history":[{"count":3,"href":"https:\/\/www.terveilm.ee\/leht\/wp-json\/wp\/v2\/posts\/13685\/revisions"}],"predecessor-version":[{"id":13773,"href":"https:\/\/www.terveilm.ee\/leht\/wp-json\/wp\/v2\/posts\/13685\/revisions\/13773"}],"wp:featuredmedia":[{"embeddable":true,"href":"https:\/\/www.terveilm.ee\/leht\/wp-json\/wp\/v2\/media\/13533"}],"wp:attachment":[{"href":"https:\/\/www.terveilm.ee\/leht\/wp-json\/wp\/v2\/media?parent=13685"}],"wp:term":[{"taxonomy":"category","embeddable":true,"href":"https:\/\/www.terveilm.ee\/leht\/wp-json\/wp\/v2\/categories?post=13685"},{"taxonomy":"post_tag","embeddable":true,"href":"https:\/\/www.terveilm.ee\/leht\/wp-json\/wp\/v2\/tags?post=13685"}],"curies":[{"name":"wp","href":"https:\/\/api.w.org\/{rel}","templated":true}]}}