{"id":13693,"date":"2021-10-19T23:08:58","date_gmt":"2021-10-19T20:08:58","guid":{"rendered":"https:\/\/www.terveilm.ee\/leht\/?p=13693"},"modified":"2021-11-24T09:43:30","modified_gmt":"2021-11-24T07:43:30","slug":"koolitus-motestades-kestlikku-arengut-ettevotluses","status":"publish","type":"post","link":"https:\/\/www.terveilm.ee\/leht\/blogi\/koolitus-motestades-kestlikku-arengut-ettevotluses\/","title":{"rendered":"Koolitus &#8220;M\u00f5testades kestlikku arengut ettev\u00f5tluses&#8221;"},"content":{"rendered":"\n<p>Arengukoost\u00f6\u00f6 \u00dcmarlaud koost\u00f6\u00f6s Vastutustundliku Ettev\u00f5tluse Foorumi ja L\u00e4ti CSR v\u00f5rgustikuga kutsuvad ettev\u00f5tteid osalema koolitusel&nbsp;<strong>&#8220;M\u00f5testades kestlikku arengut ettev\u00f5tluses&#8221;.&nbsp;<\/strong><\/p>\n\n\n\n<p>Koolitavad kogenud eksperdid&nbsp;<strong>Krista Kampus<\/strong>&nbsp;(Rootsi m\u00f5ttekoda Global Utmaning, Tallinna Strateegiakeskus) ja&nbsp;<strong>Merili Vares<\/strong>&nbsp;(Vastutustundliku Ettev\u00f5tluse Foorum, PriceWaterhouseCoopers).<\/p>\n\n\n\n<p><br><strong>Millal? 11.11.2021 kell 9:30-12:30<\/strong><\/p>\n\n\n\n<p><strong>Kus?<\/strong>&nbsp;Zoom<\/p>\n\n\n\n<p><strong>Registreeri end aegsasti<\/strong>:&nbsp;<a rel=\"noreferrer noopener\" href=\"https:\/\/forms.gle\/PdKApL48ujA4Y6TVA\" target=\"_blank\">https:\/\/forms.gle\/PdKApL48ujA4Y6TVA<\/a>&nbsp;<\/p>\n\n\n\n<p>Koolitus on k\u00f5igile tasuta!<\/p>\n\n\n\n<p><br><strong>Uuri lisa koolituse sisu ja koolitajate kohta kutsest!<\/strong><\/p>\n\n\n<a href=\"https:\/\/www.terveilm.ee\/leht\/wp-content\/uploads\/2021\/10\/Mo\u0303testades-kestlikku-arengut-ettevo\u0303tluses-11.11.pdf\" class=\"pdfemb-viewer\" style=\"\" data-width=\"max\" data-height=\"max\" data-toolbar=\"bottom\" data-toolbar-fixed=\"off\">Mo\u0303testades-kestlikku-arengut-ettevo\u0303tluses-11.11<\/a>\n<p class=\"wp-block-pdfemb-pdf-embedder-viewer\"><\/p>\n","protected":false},"excerpt":{"rendered":"<p>Arengukoost\u00f6\u00f6 \u00dcmarlaud koost\u00f6\u00f6s Vastutustundliku Ettev\u00f5tluse Foorumi ja L\u00e4ti CSR v\u00f5rgustikuga kutsuvad ettev\u00f5tteid osalema koolitusel&nbsp;&#8220;M\u00f5testades kestlikku arengut ettev\u00f5tluses&#8221;.&nbsp; Koolitavad kogenud eksperdid&nbsp;Krista&#8230;<\/p>\n","protected":false},"author":26,"featured_media":13696,"comment_status":"open","ping_status":"open","sticky":false,"template":"","format":"standard","meta":{"_acf_changed":false,"footnotes":""},"categories":[3],"tags":[30,40,29],"class_list":["post-13693","post","type-post","status-publish","format-standard","has-post-thumbnail","hentry","category-blogi","tag-kestliku-arengu-koalitsioon-sdg","tag-sdg","tag-sundmused"],"acf":[],"_links":{"self":[{"href":"https:\/\/www.terveilm.ee\/leht\/wp-json\/wp\/v2\/posts\/13693","targetHints":{"allow":["GET"]}}],"collection":[{"href":"https:\/\/www.terveilm.ee\/leht\/wp-json\/wp\/v2\/posts"}],"about":[{"href":"https:\/\/www.terveilm.ee\/leht\/wp-json\/wp\/v2\/types\/post"}],"author":[{"embeddable":true,"href":"https:\/\/www.terveilm.ee\/leht\/wp-json\/wp\/v2\/users\/26"}],"replies":[{"embeddable":true,"href":"https:\/\/www.terveilm.ee\/leht\/wp-json\/wp\/v2\/comments?post=13693"}],"version-history":[{"count":4,"href":"https:\/\/www.terveilm.ee\/leht\/wp-json\/wp\/v2\/posts\/13693\/revisions"}],"predecessor-version":[{"id":13708,"href":"https:\/\/www.terveilm.ee\/leht\/wp-json\/wp\/v2\/posts\/13693\/revisions\/13708"}],"wp:featuredmedia":[{"embeddable":true,"href":"https:\/\/www.terveilm.ee\/leht\/wp-json\/wp\/v2\/media\/13696"}],"wp:attachment":[{"href":"https:\/\/www.terveilm.ee\/leht\/wp-json\/wp\/v2\/media?parent=13693"}],"wp:term":[{"taxonomy":"category","embeddable":true,"href":"https:\/\/www.terveilm.ee\/leht\/wp-json\/wp\/v2\/categories?post=13693"},{"taxonomy":"post_tag","embeddable":true,"href":"https:\/\/www.terveilm.ee\/leht\/wp-json\/wp\/v2\/tags?post=13693"}],"curies":[{"name":"wp","href":"https:\/\/api.w.org\/{rel}","templated":true}]}}