{"id":13721,"date":"2021-11-07T22:58:25","date_gmt":"2021-11-07T20:58:25","guid":{"rendered":"https:\/\/www.terveilm.ee\/leht\/?p=13721"},"modified":"2021-11-24T09:42:35","modified_gmt":"2021-11-24T07:42:35","slug":"kuula-saadet-kas-poliitikute-kliimalubadused-suudavad-inimkonna-paasta","status":"publish","type":"post","link":"https:\/\/www.terveilm.ee\/leht\/blogi\/kuula-saadet-kas-poliitikute-kliimalubadused-suudavad-inimkonna-paasta\/","title":{"rendered":"KUULA SAADET | Kas poliitikute kliimalubadused suudavad inimkonna p\u00e4\u00e4sta?"},"content":{"rendered":"\n<p>Millised on Glasgow\u2019s toimuvate kliimak\u00f5neluste senised v\u00f5idud ja potentsiaalsed kaotused? Vastuseid jagavad &#8220;Rohep\u00f6\u00f6rane&#8221; saatejuhid Mart Valner ja Madis Vasser.<\/p>\n\n\n\n<p><\/p>\n\n\n\n<p>Esimeseks konverentsi v\u00f5iduks peavad saatejuhid deklaratsiooni l\u00f5petada metsade raadamine. Samas juhtis Madis t\u00e4helepanu sellele, et 2014. aastal s\u00f5lmiti New Yorkis sarnane kokkulepe, mille taustal tegelikult metsa raiumine t\u00f5usis.&nbsp;\u201eSeet\u00f5ttu ma natukene kardan, mida see uus kokkulepe kaasa toob,\u201d s\u00f5nas ta.<\/p>\n\n\n\n<p>Madise s\u00f5nul on teine v\u00f5it lubadus hakata metaaniheidet v\u00e4hendama, aga samas on skeptiline, mida see lubadus t\u00e4psemalt t\u00e4hendab. Mart lisas, et positiivne on ka j\u00e4rjest enamate riikide esitatud kliimalubadused, sest see oli ka ju \u00fcks k\u00f5neluste eesm\u00e4rk.<\/p>\n\n\n\n<p>Negatiivse poole pealt \u00fctles Madis, et ta on kliimak\u00f5neluste suhtes kriitiline, kuna \u00f6eldakse, et 2030. aastal hakkame tubliks.&nbsp;\u201eAga IPCC teadlased on \u00f6elnud, et tubliks peab hakkama juba sel sajandil,\u201d \u00fctles ta. Mart t\u00f5i v\u00e4lja, et inimesed pole vist m\u00f5istnud, et kliimak\u00f5nelustel ei tegeleta abstraktsete probleemidega, vaid miljardite inimeste eludega.&nbsp;\u201eR\u00e4\u00e4gime tegelikult sellest, kas meil on 20 aasta p\u00e4rast 100 miljonit v\u00f5i miljard kliimapagulast.\u201d<\/p>\n\n\n\n<p>Kuula nende kliimak\u00f5neluste anal\u00fc\u00fcsi Delfi Taskust.<\/p>\n\n\n\n<p>Oma igap\u00e4evat\u00f6\u00f6s tegeleb Madis energeetika- ja kliimateemadega keskkonna\u00fchenduses Eesti Roheline Liikumine ja Mart tegutseb keskkonna- ja kliimavaldkonna huvikaitseeksperdina Arengukoost\u00f6\u00f6 \u00dcmarlauas.<\/p>\n\n\n\n<p><a href=\"https:\/\/roheportaal.delfi.ee\/artikkel\/95055819\/kuula-saadet-kas-poliitikute-kliimalubadused-suudavad-inimkonna-paasta\">https:\/\/roheportaal.delfi.ee\/artikkel\/95055819\/kuula-saadet-kas-poliitikute-kliimalubadused-suudavad-inimkonna-paasta<\/a><\/p>\n","protected":false},"excerpt":{"rendered":"<p>Millised on Glasgow\u2019s toimuvate kliimak\u00f5neluste senised v\u00f5idud ja potentsiaalsed kaotused? Vastuseid jagavad &#8220;Rohep\u00f6\u00f6rane&#8221; saatejuhid Mart Valner ja Madis Vasser. Esimeseks&#8230;<\/p>\n","protected":false},"author":26,"featured_media":0,"comment_status":"open","ping_status":"open","sticky":false,"template":"","format":"standard","meta":{"_acf_changed":false,"footnotes":""},"categories":[48],"tags":[31,25],"class_list":["post-13721","post","type-post","status-publish","format-standard","hentry","category-meediakajastused","tag-aku","tag-kliimamuutused"],"acf":[],"_links":{"self":[{"href":"https:\/\/www.terveilm.ee\/leht\/wp-json\/wp\/v2\/posts\/13721","targetHints":{"allow":["GET"]}}],"collection":[{"href":"https:\/\/www.terveilm.ee\/leht\/wp-json\/wp\/v2\/posts"}],"about":[{"href":"https:\/\/www.terveilm.ee\/leht\/wp-json\/wp\/v2\/types\/post"}],"author":[{"embeddable":true,"href":"https:\/\/www.terveilm.ee\/leht\/wp-json\/wp\/v2\/users\/26"}],"replies":[{"embeddable":true,"href":"https:\/\/www.terveilm.ee\/leht\/wp-json\/wp\/v2\/comments?post=13721"}],"version-history":[{"count":1,"href":"https:\/\/www.terveilm.ee\/leht\/wp-json\/wp\/v2\/posts\/13721\/revisions"}],"predecessor-version":[{"id":13722,"href":"https:\/\/www.terveilm.ee\/leht\/wp-json\/wp\/v2\/posts\/13721\/revisions\/13722"}],"wp:attachment":[{"href":"https:\/\/www.terveilm.ee\/leht\/wp-json\/wp\/v2\/media?parent=13721"}],"wp:term":[{"taxonomy":"category","embeddable":true,"href":"https:\/\/www.terveilm.ee\/leht\/wp-json\/wp\/v2\/categories?post=13721"},{"taxonomy":"post_tag","embeddable":true,"href":"https:\/\/www.terveilm.ee\/leht\/wp-json\/wp\/v2\/tags?post=13721"}],"curies":[{"name":"wp","href":"https:\/\/api.w.org\/{rel}","templated":true}]}}