{"id":13746,"date":"2021-11-20T11:56:00","date_gmt":"2021-11-20T09:56:00","guid":{"rendered":"https:\/\/www.terveilm.ee\/leht\/?p=13746"},"modified":"2021-11-24T09:41:06","modified_gmt":"2021-11-24T07:41:06","slug":"kuula-saadet-mis-saab-meie-metsadest-ja-maavaradest-erki-savisaare-juhtimisel","status":"publish","type":"post","link":"https:\/\/www.terveilm.ee\/leht\/blogi\/kuula-saadet-mis-saab-meie-metsadest-ja-maavaradest-erki-savisaare-juhtimisel\/","title":{"rendered":"KUULA SAADET | Mis saab meie metsadest ja maavaradest Erki Savisaare juhtimisel?"},"content":{"rendered":"\n<p>&#8220;Rohep\u00f6\u00f6rane&#8221; uues saates v\u00f5tsid Mart Valner ja Madis Vasser koos Roheportaali toimetaja Joanna Laastiga fookusesse keskkonnaministri vahetuse ja m\u00f6\u00f6dunud laup\u00e4eval l\u00f5ppenud \u00dcRO kliimak\u00f5nelused.<\/p>\n\n\n\n<p>Uuele ministrile Erki Savisaarele soovivad Rohep\u00f6\u00f6rase saatejuhid edu uues ametis ja loodavad, et eelnevalt eelk\u00e4ijale on Savisaar valmis kohtuma Eesti keskkonna\u00fchendustega.<\/p>\n\n\n\n<p>Madis Vasseri s\u00f5nul tekitab talle muret, et v\u00e4rske minister liigitab energeetikaga seotud probleemid majandusvaldkonda, kuigi energeetika on kasvuhoonegaaside emissioonide t\u00f5ttu sama palju keskkonna kui majandusk\u00fcsimus. Lisaks on Vasseri hinnangul problemaatiline, et Savisaar tekitab inimestes v\u00f5lts turvatunnet: ta saab v\u00e4ga h\u00e4sti aru, kui ebakindel on p\u00f5levkivisektor, aga toetab seda ikka.<\/p>\n\n\n\n<p>Teise teemana v\u00f5tsid saatejuhid ette hiljuti Glasgow&#8217;s l\u00f5ppenud \u00dcRO kliimak\u00f5nelused, kus Roheportaali toimetaja Joanna kohapeal k\u00e4is. Kui Madis on v\u00e4ga pessimistlik k\u00f5neluste m\u00f5istlikkuse osas, siis Mart k\u00fcsis vastu, et mis on alternatiiv.<\/p>\n\n\n\n<p>Kuula saadet Delfi Taskust.<\/p>\n\n\n\n<p>Oma igap\u00e4evat\u00f6\u00f6s tegeleb Madis energeetika- ja kliimateemadega keskkonna\u00fchenduses Eesti Roheline Liikumine ja Mart tegutseb keskkonna- ja kliimavaldkonna huvikaitseeksperdina Arengukoost\u00f6\u00f6 \u00dcmarlauas.<\/p>\n\n\n\n<p><em>Saade on salvestatud 18. novembril ehk p\u00e4ev enne seda, kui T\u00f5nis M\u00f6lder avalikustas enda tagasiastumise p\u00f5hjuse.<\/em><\/p>\n\n\n\n<p><\/p>\n\n\n\n<p>Kuula saadet: <a href=\"https:\/\/roheportaal.delfi.ee\/artikkel\/95174247\/kuula-saadet-mis-saab-meie-metsadest-ja-maavaradest-erki-savisaare-juhtimisel\" target=\"_blank\" rel=\"noreferrer noopener\">https:\/\/roheportaal.delfi.ee\/artikkel\/95174247\/kuula-saadet-mis-saab-meie-metsadest-ja-maavaradest-erki-savisaare-juhtimisel<\/a><\/p>\n","protected":false},"excerpt":{"rendered":"<p>&#8220;Rohep\u00f6\u00f6rane&#8221; uues saates v\u00f5tsid Mart Valner ja Madis Vasser koos Roheportaali toimetaja Joanna Laastiga fookusesse keskkonnaministri vahetuse ja m\u00f6\u00f6dunud laup\u00e4eval&#8230;<\/p>\n","protected":false},"author":26,"featured_media":0,"comment_status":"open","ping_status":"open","sticky":false,"template":"","format":"standard","meta":{"_acf_changed":false,"footnotes":""},"categories":[48],"tags":[31,25],"class_list":["post-13746","post","type-post","status-publish","format-standard","hentry","category-meediakajastused","tag-aku","tag-kliimamuutused"],"acf":[],"_links":{"self":[{"href":"https:\/\/www.terveilm.ee\/leht\/wp-json\/wp\/v2\/posts\/13746","targetHints":{"allow":["GET"]}}],"collection":[{"href":"https:\/\/www.terveilm.ee\/leht\/wp-json\/wp\/v2\/posts"}],"about":[{"href":"https:\/\/www.terveilm.ee\/leht\/wp-json\/wp\/v2\/types\/post"}],"author":[{"embeddable":true,"href":"https:\/\/www.terveilm.ee\/leht\/wp-json\/wp\/v2\/users\/26"}],"replies":[{"embeddable":true,"href":"https:\/\/www.terveilm.ee\/leht\/wp-json\/wp\/v2\/comments?post=13746"}],"version-history":[{"count":1,"href":"https:\/\/www.terveilm.ee\/leht\/wp-json\/wp\/v2\/posts\/13746\/revisions"}],"predecessor-version":[{"id":13747,"href":"https:\/\/www.terveilm.ee\/leht\/wp-json\/wp\/v2\/posts\/13746\/revisions\/13747"}],"wp:attachment":[{"href":"https:\/\/www.terveilm.ee\/leht\/wp-json\/wp\/v2\/media?parent=13746"}],"wp:term":[{"taxonomy":"category","embeddable":true,"href":"https:\/\/www.terveilm.ee\/leht\/wp-json\/wp\/v2\/categories?post=13746"},{"taxonomy":"post_tag","embeddable":true,"href":"https:\/\/www.terveilm.ee\/leht\/wp-json\/wp\/v2\/tags?post=13746"}],"curies":[{"name":"wp","href":"https:\/\/api.w.org\/{rel}","templated":true}]}}