{"id":13800,"date":"2021-12-08T12:45:38","date_gmt":"2021-12-08T10:45:38","guid":{"rendered":"https:\/\/www.terveilm.ee\/leht\/?p=13800"},"modified":"2022-01-11T10:14:18","modified_gmt":"2022-01-11T08:14:18","slug":"aku-ja-liikmete-tegevusi-joulukuul","status":"publish","type":"post","link":"https:\/\/www.terveilm.ee\/leht\/blogi\/aku-ja-liikmete-tegevusi-joulukuul\/","title":{"rendered":"AK\u00dc ja liikmete tegevusi j\u00f5ulukuul"},"content":{"rendered":"\n<p><strong>Seoses arengukoost\u00f6\u00f6 reformidega<\/strong> koostasime koos oma liikmetega kaks V\u00e4lisministeeriumi suunalist poliitikadokumenti: kommentaarid Vabariigi Valitsuse m\u00e4\u00e4ruse eeln\u00f5ule ning ettepanekud arengukoost\u00f6\u00f6 rakendamise regulatsiooni loomiseks, taotlusvoorude edasisteks disainideks ning maailmahariduse edendamiseks.&nbsp; Need teemad on AK\u00dc ja liikmeskonna&nbsp; partnerite jaoks piisavalt olulised, et n\u00e4ha nende fikseerimist kas ministeeriumi ja EstDevi vahelises koost\u00f6\u00f6leppes v\u00f5i m\u00f5nes muus dokumendis, mis hakkab reguleerima arengukoost\u00f6\u00f6 rakendamist uuel perioodil. Vastasel juhu j\u00e4\u00e4ks AK valdkond \u00fcldisemalt ning ekspertide v\u00f5imalused selles edaspidi kaasa l\u00fc\u00fca \u00e4\u00e4rmiselt h\u00e4guseks.&nbsp;<\/p>\n\n\n\n<p><strong>Hetkel on t\u00e4imas Concord Policy Forum<\/strong>, kus peetakse plaane Euroopa v\u00f5rgustiku uueks tegevusperioodiks k\u00f5ikides Concordi t\u00f6\u00f6suundades. Maailmahariduse suunal l\u00f6\u00f6b AK\u00dcst kaasa n\u00f5ukogu liige Mari-Helene, arengurahastuse, kestliku majandusarengu, soolise v\u00f5rd\u00f5iguslikkuse jm suunal tegevjuht Agne.<\/p>\n\n\n\n<p><strong>Eurodadi v\u00f5rgustikus<\/strong> toimus samuti poliitikafoorum, kus Agne osales arengu- ja kliimarahastuse ning laenuleevendus-meetmete vahelise s\u00fcnergia leidmise protsessis. Kuna k\u00f5ik on k\u00f5igega seotud, p\u00fc\u00fcab Eurodad leida h\u00e4id huvikaitse-s\u00f5numid nimetatud valdkondade samaaegseks m\u00f5jutamiseks.&nbsp;<\/p>\n\n\n\n<hr class=\"wp-block-separator\"\/>\n\n\n\n<p>KIK avas 7.12.21 <a href=\"https:\/\/kik.ee\/et\/toetatav-tegevus\/arenguriikides-kliimapoliitika-eesmarkide-saavutamine\">uue taotlusvooru<\/a>, mille <strong>sihtriikideks on muu hulgas<\/strong> Gruusia, Moldova, Ukraina, Keenia, Tansaania, Rwanda, Uganda ja Namiibia. Samuti on oodatud sihtriikidena Majandusliku Koost\u00f6\u00f6 ja Arengu Organisatsioonis (edaspidi OECD) <a href=\"https:\/\/www.oecd.org\/dac\/financing-sustainable-development\/development-finance-standards\/daclist.htm\">arenguabi saavad v\u00e4him arenenud saareriigid ja muud arenguabi saavad riigid<\/a>.<\/p>\n\n\n\n<p><strong>Taotlusvooru eesm\u00e4rk<\/strong> on aidata kaasa kliimamuutuste leevendamisele ja nendega kohanemisele arenguriikides. Toetuse andmisel l\u00e4htutakse sihtriikide vajadustest ja rahvusvahelistest kliimaalastest kokkulepetest ning teistest asjakohastest rahvusvahelistest kliimat k\u00e4sitletavatest strateegilistest dokumentidest ja kliima-uuringutest.<\/p>\n\n\n\n<p>Toetatakse Eestis v\u00f5i v\u00e4lisriigis v\u00e4ljat\u00f6\u00f6tatud ja Eestis lisandv\u00e4\u00e4rtuse saanud lahenduste, teadmiste, teenuste ja toodete viimine arenguriikidesse, mis aitavad kliimamuutusi leevendada ja\/v\u00f5i kliimamuutuste m\u00f5juga kohaneda. Lahendus peab olema konkreetne, l\u00e4htuma sihtriigi vajadustest ja vastama <a href=\"https:\/\/www.riigiteataja.ee\/akt\/113092019003?leiaKehtiv\">meetme m\u00e4\u00e4rusele<\/a>. Projektide oodatavate tulemuste seos kliimamuutustega peab olema m\u00e4\u00e4ratletav l\u00e4htudes <a href=\"https:\/\/www.oecd.org\/dac\/environment-development\/Revised%20climate%20marker%20handbook_FINAL.pdf\">OECD metoodikast (nn Rio markeritest)<\/a>.<\/p>\n\n\n\n<p>L\u00e4hemalt saab vaadata siit:&nbsp; <a href=\"https:\/\/kik.ee\/et\/toetatav-tegevus\/arenguriikides-kliimapoliitika-eesmarkide-saavutamine\">https:\/\/kik.ee\/et\/toetatav-tegevus\/arenguriikides-kliimapoliitika-eesmarkide-saavutamine<\/a><br><\/p>\n\n\n\n<hr class=\"wp-block-separator\"\/>\n\n\n\n<p>\u201cM\u00f5testades kestlikku arengut ettev\u00f5tluses\u201d<\/p>\n\n\n\n<p>Novembris korraldasime P\u00f5hjamaade Ministrite N\u00f5ukogu esinduse Eestis toel ettev\u00f5tetele suunatud kestliku arengu veebikoolitusi. Koolitused toimusid koost\u00f6\u00f6s L\u00e4ti CSR v\u00f5rgustiku, Vastutustundliku Ettev\u00f5tluse Foorumi (VEF) ja Eesti Ettev\u00f5tlike Naiste Assotsiatsiooniga ning osalejaid oli nii L\u00e4tist kui Eestist. Kestliku arengu eesm\u00e4rkidest, vastutustundlikust ettev\u00f5tlusest ja s\u00e4\u00e4stvast tootmisest\/tarbimisest k\u00f5nelesid kogenud eksperdid Merili Vares (VEF) ja Krista Kampus (Rootsi m\u00f5ttekoda Global Utmaning).&nbsp; Loe t\u00e4psemalt: <a href=\"https:\/\/www.terveilm.ee\/leht\/blogi\/koolitus-motestades-kestlikku-arengut-ettevotluses\/\" target=\"_blank\" rel=\"noreferrer noopener\">https:\/\/www.terveilm.ee\/leht\/blogi\/koolitus-motestades-kestlikku-arengut-ettevotluses\/<\/a><\/p>\n\n\n\n<hr class=\"wp-block-separator\"\/>\n\n\n\n<p>15. ja 17. novembril viisime l\u00e4bi arengukoost\u00f6\u00f6 baasteadmiste koolituse V\u00e4lisministeeriumi arengukoost\u00f6\u00f6 b\u00fcroo ja EstDevi personalile. Perioodil, mil valdkonnas on palju reforme toimumas, on arengukoost\u00f6\u00f6-alaste teadmiste \u00fchtlustamine oluline k\u00f5ikide osapoolte jaoks. Peagi ilmuvad koolitusmoodulid ka videovormis ning saavad olema k\u00e4ttesaadavad ka vaba\u00fchenduste jaoks.&nbsp;<\/p>\n\n\n\n<hr class=\"wp-block-separator\"\/>\n\n\n\n<p>Agne tegeleb jooksvalt uute projektitaotluste kirjutamisega, et tagada AK\u00dc finantsv\u00f5imekus ka 2022. aastal.<\/p>\n\n\n\n<hr class=\"wp-block-separator\"\/>\n\n\n\n<p>Eesti Pagulasabi allkirjastas raamlepingu Euroopa elanikkonnakaitse ja humanitaarabioperatsioonide peadirektoraadiga (EU Civil Protection &amp; Humanitarian Aid &#8211; ECHO), mis on maailma suurim humanitaarabi rahastaja. \u201cSee on meie jaoks tohutult oluline samm, mille nimel t\u00f6\u00f6tasime juba mitu aastat. ECHOga raamlepingu s\u00f5lmimine on humanitaarabi sektoris maailmataseme kvaliteedim\u00e4rk, mis kinnitab organisatsiooni v\u00f5imekust ja professionaalsust. Samuti on see tulevikus meile oluline rahastusallikas, et Eesti abi ja p\u00e4devus j\u00f5uaks maailma kriisikolletesse,\u201d s\u00f5nas Pagulasabi juhataja Eero Janson.<\/p>\n\n\n\n<hr class=\"wp-block-separator\"\/>\n\n\n\n<p>Eesti Pagulasabi sotsiaalne ettev\u00f5te Siin &amp; S\u00e4\u00e4l alustas taas l\u00f5unapakkumistega, fikseeritud men\u00fc\u00fc viib tellijaid \u00fche ampsuga \u00fcle maailma. Tellimine l\u00e4bi Wolti: <a href=\"https:\/\/wolt.com\/et\/est\/tallinn\/restaurant\/siin-ja-saal\">https:\/\/wolt.com\/et\/est\/tallinn\/restaurant\/siin-ja-saal<\/a><\/p>\n\n\n\n<hr class=\"wp-block-separator\"\/>\n\n\n\n<p>Pagulasabi Ukraina humanitaarabi projekti raames jagatakse hetkel talveks valmistumise toetusi rindel\u00e4hedastes asulates, lisaks saavad vanurid h\u00fcgieenitarvikuid koost\u00f6\u00f6s kohalike sotsiaalt\u00f6\u00f6tajatega Donetski ja Luhanski oblastites; Jordaania projekti k\u00e4igus on p\u00fcstitatud kaheksa h\u00fcdropoonilist kasvuhoonet, istutatud on maasikad ja salatid, hetkel valitakse v\u00e4lja sobivaid tootmisliine; Liibanoni Beiruti plahvatuse toetuseks on kohapealse partneriga koost\u00f6\u00f6s jagatud laiali m\u00f6\u00f6blit ning kodumasinaid, detsembri l\u00f5puks saavad remonditud ligi sada kodu.<\/p>\n\n\n\n<p>Pagulasabi alustas ettev\u00f5tlusprojekti ka Keenias, kus hetkel valitakse v\u00e4lja kasusaajaid. Tuleviku m\u00f5ttes toimus lisaks visiit Pakistani, et hakata toetama sealseid abivajajaid.<\/p>\n\n\n\n<hr class=\"wp-block-separator\"\/>\n\n\n\n<p>Kolmandat aastat j\u00e4rjest toob Eesti Pagulasabi sotsiaalne ettev\u00f5te Siin &amp; S\u00e4\u00e4l Eesti inimesteni virtuaalse j\u00f5ulubasaari, kus pagulased ja r\u00e4ndetaustaga inimesed m\u00fc\u00fcvad enda valmistatud k\u00e4sit\u00f6\u00f6d ning maiustusi. Veebip\u00f5hisel basaaril saab oste sooritada alates 3. detsembrist kuni 17. detsembrini. Loe lisaks siit: <a href=\"https:\/\/www.terveilm.ee\/leht\/blogi\/eesti-pagulasabi-sotsiaalse-ettevotte-jouluturg-toob-eestlasteni-ponevaid-maitseid-ja-kasitood-ule-kogu-maailma\/\" target=\"_blank\" rel=\"noreferrer noopener\">https:\/\/www.terveilm.ee\/leht\/blogi\/eesti-pagulasabi-sotsiaalse-ettevotte-jouluturg-toob-eestlasteni-ponevaid-maitseid-ja-kasitood-ule-kogu-maailma\/<\/a><\/p>\n\n\n\n<hr class=\"wp-block-separator\"\/>\n\n\n\n<p><strong>V\u00e4rske inim\u00f5iguste aruanne annab inim\u00f5iguste olukorrale karmi hinnangu<\/strong><\/p>\n\n\n\n<p>Rahvusvahelisel inim\u00f5iguste p\u00e4eval, <strong>10. detsembril<\/strong> avaldab Eesti Inim\u00f5iguste Keskus inim\u00f5iguste aruande, mis k\u00e4sitleb arenguid aastatel 2020\u20132021. Ekspertide hinnangul on Eestis inim\u00f5iguste olukord viimase kahe aastaga l\u00e4inud halvemaks. J\u00e4tkuvalt ootavad lahendust olulised inim\u00f5iguste murekohad nagu kooseluseaduse rakendusaktid, vaenuk\u00f5ne piiramine v\u00f5i sideandmete s\u00e4ilitamine.<\/p>\n\n\n\n<p>Aruandes anal\u00fc\u00fcsivad s\u00f5ltumatud eksperdid muu hulgas rahvusv\u00e4hemuste, pagulaste, varjupaigataotlejate ja puuetega inimeste olukorda, samuti n\u00e4iteks kogunemisvabaduse, \u00f5igusm\u00f5istmise ja s\u00f5navabaduse teemasid. Esmakordselt on tervikanal\u00fc\u00fcsis kajastatud sotsiaalsed inim\u00f5igused ja koroonapandeemia seljatamiseks rakendatud piirangud. Aruanne ilmub eesti, inglise ja vene keeles ning on t\u00e4ismahus k\u00e4ttesaadav keskuse veebilehel: <a href=\"http:\/\/www.xn--inimigused-5bb.ee\/\">www.inim\u00f5igused.ee<\/a>.<\/p>\n\n\n\n<hr class=\"wp-block-separator\"\/>\n\n\n\n<p>Aasta tagasi otsustas Feministeeriumi kogukonnaspetsialist Nele koos grupi m\u00f5ttekaaslastega, et on aeg minna aktivistidega loodusesse. Artiklist <a href=\"https:\/\/feministeerium.ee\/kuidas-hoida-aktivisti-tervist\/\" target=\"_blank\" rel=\"noreferrer noopener\">&#8220;Kuidas hoida aktivisti tervist?&#8221;<\/a> leiad, milliste arusaamisteni nad p\u00e4rast 60 kilomeetrit matkamist j\u00f5udsid ja milliseid enesehoiunippe soovitavad. <\/p>\n\n\n\n<hr class=\"wp-block-separator\"\/>\n","protected":false},"excerpt":{"rendered":"<p>Seoses arengukoost\u00f6\u00f6 reformidega koostasime koos oma liikmetega kaks V\u00e4lisministeeriumi suunalist poliitikadokumenti: kommentaarid Vabariigi Valitsuse m\u00e4\u00e4ruse eeln\u00f5ule ning ettepanekud arengukoost\u00f6\u00f6 rakendamise&#8230;<\/p>\n","protected":false},"author":26,"featured_media":8536,"comment_status":"open","ping_status":"open","sticky":false,"template":"","format":"standard","meta":{"_acf_changed":false,"footnotes":""},"categories":[3],"tags":[31,29],"class_list":["post-13800","post","type-post","status-publish","format-standard","has-post-thumbnail","hentry","category-blogi","tag-aku","tag-sundmused"],"acf":[],"_links":{"self":[{"href":"https:\/\/www.terveilm.ee\/leht\/wp-json\/wp\/v2\/posts\/13800","targetHints":{"allow":["GET"]}}],"collection":[{"href":"https:\/\/www.terveilm.ee\/leht\/wp-json\/wp\/v2\/posts"}],"about":[{"href":"https:\/\/www.terveilm.ee\/leht\/wp-json\/wp\/v2\/types\/post"}],"author":[{"embeddable":true,"href":"https:\/\/www.terveilm.ee\/leht\/wp-json\/wp\/v2\/users\/26"}],"replies":[{"embeddable":true,"href":"https:\/\/www.terveilm.ee\/leht\/wp-json\/wp\/v2\/comments?post=13800"}],"version-history":[{"count":2,"href":"https:\/\/www.terveilm.ee\/leht\/wp-json\/wp\/v2\/posts\/13800\/revisions"}],"predecessor-version":[{"id":13839,"href":"https:\/\/www.terveilm.ee\/leht\/wp-json\/wp\/v2\/posts\/13800\/revisions\/13839"}],"wp:featuredmedia":[{"embeddable":true,"href":"https:\/\/www.terveilm.ee\/leht\/wp-json\/wp\/v2\/media\/8536"}],"wp:attachment":[{"href":"https:\/\/www.terveilm.ee\/leht\/wp-json\/wp\/v2\/media?parent=13800"}],"wp:term":[{"taxonomy":"category","embeddable":true,"href":"https:\/\/www.terveilm.ee\/leht\/wp-json\/wp\/v2\/categories?post=13800"},{"taxonomy":"post_tag","embeddable":true,"href":"https:\/\/www.terveilm.ee\/leht\/wp-json\/wp\/v2\/tags?post=13800"}],"curies":[{"name":"wp","href":"https:\/\/api.w.org\/{rel}","templated":true}]}}