{"id":13841,"date":"2022-01-15T00:35:00","date_gmt":"2022-01-14T22:35:00","guid":{"rendered":"https:\/\/www.terveilm.ee\/leht\/?p=13841"},"modified":"2022-01-17T00:36:06","modified_gmt":"2022-01-16T22:36:06","slug":"kuula-saadet-kuidas-praegusest-energiakriisist-voitjana-valja-tulla","status":"publish","type":"post","link":"https:\/\/www.terveilm.ee\/leht\/blogi\/kuula-saadet-kuidas-praegusest-energiakriisist-voitjana-valja-tulla\/","title":{"rendered":"KUULA SAADET | Kuidas praegusest energiakriisist v\u00f5itjana v\u00e4lja tulla?"},"content":{"rendered":"\n<p>Praegune energiakriis ilmestab Euroopa s\u00f5ltuvust Vene gaasist ja annab t\u00f5uke innovatsiooniks, leidsid taskuh\u00e4\u00e4lingu k\u00fcmnendas episoodis saatejuhid Mart Valner ja Madis Vasser. Sel n\u00e4dalal v\u00f5tsid nad ette energiakriisi, selle tagamaad ja tulevikuperspektiivi.<\/p>\n\n\n\n<p>Innovatsiooni alla pidasid saatejuhid silma mitut aspekti, \u00fcks nendest oli taastuvenergia kauaoodatud areng. Madis Vasser t\u00f5i v\u00e4lja, et \u00fcks p\u00f5hjus, miks taastuvenergiat ei ole aastaid piisavalt arendatud, oligi madal hind. See omakorda t\u00e4hendas, et tuulikute ja paneelide tasuvusaeg oli nii pikk, et ei n\u00e4htud p\u00f5hjust sinna investeerida. N\u00fc\u00fcd on asjaolud muutunud.<\/p>\n\n\n\n<p><\/p>\n\n\n\n<p>Kuula saadet: <a href=\"https:\/\/roheportaal.delfi.ee\/artikkel\/95638271\/kuula-saadet-kuidas-praegusest-energiakriisist-voitjana-valja-tulla\" target=\"_blank\" rel=\"noreferrer noopener\">https:\/\/roheportaal.delfi.ee\/artikkel\/95638271\/kuula-saadet-kuidas-praegusest-energiakriisist-voitjana-valja-tulla<\/a><\/p>\n","protected":false},"excerpt":{"rendered":"<p>Praegune energiakriis ilmestab Euroopa s\u00f5ltuvust Vene gaasist ja annab t\u00f5uke innovatsiooniks, leidsid taskuh\u00e4\u00e4lingu k\u00fcmnendas episoodis saatejuhid Mart Valner ja Madis&#8230;<\/p>\n","protected":false},"author":26,"featured_media":0,"comment_status":"open","ping_status":"open","sticky":false,"template":"","format":"standard","meta":{"_acf_changed":false,"footnotes":""},"categories":[48],"tags":[31,25,60],"class_list":["post-13841","post","type-post","status-publish","format-standard","hentry","category-meediakajastused","tag-aku","tag-kliimamuutused","tag-rohepoore"],"acf":[],"_links":{"self":[{"href":"https:\/\/www.terveilm.ee\/leht\/wp-json\/wp\/v2\/posts\/13841","targetHints":{"allow":["GET"]}}],"collection":[{"href":"https:\/\/www.terveilm.ee\/leht\/wp-json\/wp\/v2\/posts"}],"about":[{"href":"https:\/\/www.terveilm.ee\/leht\/wp-json\/wp\/v2\/types\/post"}],"author":[{"embeddable":true,"href":"https:\/\/www.terveilm.ee\/leht\/wp-json\/wp\/v2\/users\/26"}],"replies":[{"embeddable":true,"href":"https:\/\/www.terveilm.ee\/leht\/wp-json\/wp\/v2\/comments?post=13841"}],"version-history":[{"count":1,"href":"https:\/\/www.terveilm.ee\/leht\/wp-json\/wp\/v2\/posts\/13841\/revisions"}],"predecessor-version":[{"id":13842,"href":"https:\/\/www.terveilm.ee\/leht\/wp-json\/wp\/v2\/posts\/13841\/revisions\/13842"}],"wp:attachment":[{"href":"https:\/\/www.terveilm.ee\/leht\/wp-json\/wp\/v2\/media?parent=13841"}],"wp:term":[{"taxonomy":"category","embeddable":true,"href":"https:\/\/www.terveilm.ee\/leht\/wp-json\/wp\/v2\/categories?post=13841"},{"taxonomy":"post_tag","embeddable":true,"href":"https:\/\/www.terveilm.ee\/leht\/wp-json\/wp\/v2\/tags?post=13841"}],"curies":[{"name":"wp","href":"https:\/\/api.w.org\/{rel}","templated":true}]}}