{"id":13843,"date":"2022-01-17T20:35:25","date_gmt":"2022-01-17T18:35:25","guid":{"rendered":"https:\/\/www.terveilm.ee\/leht\/?p=13843"},"modified":"2022-01-17T21:59:46","modified_gmt":"2022-01-17T19:59:46","slug":"aku-aastakokkuvote-ehk-mida-tegime-2021-aastal-ara","status":"publish","type":"post","link":"https:\/\/www.terveilm.ee\/leht\/blogi\/aku-aastakokkuvote-ehk-mida-tegime-2021-aastal-ara\/","title":{"rendered":"AK\u00dc AASTAKOKKUV\u00d5TE EHK MIDA TEGIME 2021. AASTAL \u00c4RA"},"content":{"rendered":"\n<p>M\u00f6\u00f6dunud aasta oli igas m\u00f5ttes \u00fchiskondlikult p\u00f5nev (loe: t\u00e4is v\u00e4ljakutseid), kuid AK\u00dc jaoks pakkus eelk\u00f5ige pinget ja t\u00f6\u00f6d Eesti arengukoost\u00f6\u00f6 reform, milles saime koos oma liikmetega aktiivselt kaasa r\u00e4\u00e4kida. Kuna saabusid uued Covid-19 lained, reisisime endiselt piiratumalt, aga see-eest m\u00f5testatult. Tipphetked j\u00e4id aga endiselt huvikaitset\u00f6\u00f6 valdkonda: omasime rolli V\u00e4lisministeeriumi poolt juhitavates arengukoost\u00f6\u00f6 reformides ja Riigikantselei poolt koordineeritud kestliku arengu eesm\u00e4rkide arendustegevustes. 2021. aastal p\u00f6\u00f6rasime senisest enam t\u00e4helepanu rahvusvahelistele v\u00f5rgustikele, mis oleks abiks Eesti riigi ja vabakonna n\u00e4gemuse ja ettepanekute viimisel senisest rohkemate EL-i tasandi otsustajateni.<\/p>\n\n\n\n<h4 class=\"wp-block-heading\">Huvikaitse riiklikul tasandil<\/h4>\n\n\n\n<p>Osalesime koos liikmetega arengukoost\u00f6\u00f6d puudutava <a href=\"https:\/\/www.riigiteataja.ee\/akt\/118122021002\"><strong>Vabariigi Valitsuse m\u00e4\u00e4ruse<\/strong><\/a> uuendamisel, andes aktiivselt sisendit tekstiloomesse nii kirjalikult l\u00e4bi soovituste dokumendi kui ka suuliselt ministeeriumi infotunnis. T\u00f6\u00f6 oli tulemuslik &#8211; suur osa AK\u00dc ja liikmete ettepanekutest leidis m\u00e4\u00e4ruses oma koha. Sama hea tulemusega huvikaitset\u00f6\u00f6 sai tehtud seoses V\u00e4lisministeeriumi ja uue <strong>Rashvusvahelise Koost\u00f6\u00f6 Keskuse <a href=\"https:\/\/www.estdev.ee\/\">EstDEV-i<\/a> <\/strong>vahelise koost\u00f6\u00f6lepinguga, milles kajastuvad v\u00e4ga mitmed vabakonna ekspertide seisukohad ja mis kindlustab vabakonna rolli arengukoost\u00f6\u00f6 edendaja ja l\u00e4biviijana ka n\u00fc\u00fcd ja tulevikus. Kuna AK\u00dc esindaja on ka EstDEVi n\u00f5ukogu liige, Aitasime viia l\u00e4bi keskuse loomist ning l\u00f5ime kaasa tegevjuhi v\u00e4rbamisel. Samuti osalesime aktiivselt keskuse tegevust ja eelarvet reguleerivates aruteludes.<\/p>\n\n\n\n<p>Koost\u00f6\u00f6s liikmete ning v\u00e4lisriikide ekspertidega edastasime V\u00e4lisministeeriumile <strong>poliitikasoovitused idapartnerlusriikide<\/strong> (<a href=\"https:\/\/docs.google.com\/document\/d\/1lHODSWWkmp748xf4ZV6sTZDRSopAw6f0m4lcOvSWSAk\/edit?usp=sharing\">Ukraina<\/a>, <a href=\"https:\/\/docs.google.com\/document\/d\/1VIxblq9d5snMwzxR4RrP7SQe1u_sJPtL-MvBlX98B50\/edit?usp=sharing\">Gruusia<\/a>, <a href=\"https:\/\/docs.google.com\/document\/d\/1lHgz4IUVsCemLN1R0fADn1kW3YQqXCteCyQppVqgMwQ\/edit?usp=sharing\">Moldova<\/a>) maastastrateegiate uuendamiseks ja taotlusvoorude disainiks, eesm\u00e4rgiga muuta arengukoost\u00f6\u00f6 prioriteet-valdkondades kliimas\u00f5bralikumaks. T\u00f6\u00f6 oli taaskord m\u00f5jus &#8211; soovitused j\u00f5udsid peaaegu originaalvormis Gruusia maastrateegia dokumenti ning riikide\u00fcleselt ka uue arengukoost\u00f6\u00f6d rakendava sihtasutuse EstDEV tegevuskavasse.<\/p>\n\n\n\n<p>T\u00e4nu kevadel l\u00e4bi viidud arengukoost\u00f6\u00f6 <strong>avaliku arvamuse uuringule<\/strong> koostasime uuringu <a href=\"https:\/\/www.terveilm.ee\/leht\/wp-content\/uploads\/2021\/07\/TERVEILM_uuringu_raport_mai_2021-1.pdf\">raporti<\/a> koos <strong>nelja poliitikasoovitustega<\/strong> arengukoost\u00f6\u00f6 edasiseks arendamiseks ja rahastamiseks.<\/p>\n\n\n\n<figure class=\"wp-block-image size-large\"><a href=\"https:\/\/www.terveilm.ee\/leht\/wp-content\/uploads\/2021\/07\/TERVEILM_uuringu_raport_mai_2021-1.pdf\"><img loading=\"lazy\" decoding=\"async\" width=\"1024\" height=\"962\" src=\"https:\/\/www.terveilm.ee\/leht\/wp-content\/uploads\/2022\/01\/Screenshot-2022-01-17-at-20.10.31-1024x962.png\" alt=\"\" class=\"wp-image-13846\" srcset=\"https:\/\/www.terveilm.ee\/leht\/wp-content\/uploads\/2022\/01\/Screenshot-2022-01-17-at-20.10.31-1024x962.png 1024w, https:\/\/www.terveilm.ee\/leht\/wp-content\/uploads\/2022\/01\/Screenshot-2022-01-17-at-20.10.31-300x282.png 300w, https:\/\/www.terveilm.ee\/leht\/wp-content\/uploads\/2022\/01\/Screenshot-2022-01-17-at-20.10.31-768x722.png 768w, https:\/\/www.terveilm.ee\/leht\/wp-content\/uploads\/2022\/01\/Screenshot-2022-01-17-at-20.10.31.png 1165w\" sizes=\"auto, (max-width: 1024px) 100vw, 1024px\" \/><\/a><\/figure>\n\n\n\n<p>V\u00e4lisministeerium tellis AK\u00dc-lt kahep\u00e4evase <strong>koolitusprogrammi arengurahastuse ja poliitikate sidususe teemadel<\/strong>,&nbsp; mille tulemuseks on erinevad temaatilised ja sihtr\u00fchmale (ametnikud, diplomaadid) jooksvalt k\u00e4ttesaadavad \u00f5ppemoodulid. Videod on eriti kasulikud ministeeriumitesse ja saatkondadesse suundunud uutele inimestele, kes saavad koolitusmoodulitest k\u00e4tte vajaliku ABC oma t\u00f6\u00f6sse sisseelamiseks. Koolitus on v\u00e4ga kasulik ka EstDEVi t\u00f6\u00f6tajatele.<\/p>\n\n\n\n<p>Teoreetilisema poole pealt j\u00e4tkasime poliitikate anal\u00fc\u00fcsi ja uuringutega. Osalesime eksperdina <strong>V\u00e4lisministeeriumi tellitud<\/strong> &#8220;<strong>Naised, rahu ja julgeolek&#8221; poliitikauuringus<\/strong> koos Tallinna \u00dclikooli teaduritega. Selle raames uurisime senise poliitikaga seotud kaasamisprotsesse ning kaardistasime relevantsed osapooled ja nende huvid.<\/p>\n\n\n\n<p>Lisaks pidasime mitmeid rohkem ja v\u00e4hem pingelisi arutelusid arengurahastuse, arengukoost\u00f6\u00f6 poliitikakujundamise ning k\u00e4imasolevate reformide osas mitmete osapooltega, nii formaalselt konverentside raames kui ka kahepoolselt v\u00e4iksemate laudade taga. Nii osalesime n\u00e4iteks r\u00e4ndeteemalisel <strong>paneelarutelul MEP-ide Urmas Paeti ja Marina Kaljurannaga<\/strong> ning <strong>Naised, rahu ja julgeoleku teemalises paneelarutelus<\/strong> \u00fcheskoos NATO \u00dchingu, Tallinna \u00dclikooli, Sotsiaalministeeriumi, Kaitseministeeriumi ja MT\u00dc Mondoga; osalesime V\u00e4lisministeeriumi arengukoost\u00f6\u00f6 <strong>hindamisindikaatorite disainimises <\/strong>ning pidasime palju pingelisi arutelusid V\u00e4lisministeeriumi ja EstDeviga Eesti arengukoost\u00f6\u00f6 tuleviku osas.&nbsp;<\/p>\n\n\n\n<p><strong>KOVide suunal<\/strong> l\u00f5ime teadlaste ja 15 keskkonna- ning ja kestliku arenguga tegeleva organisatsiooni koost\u00f6\u00f6s <strong>38 olulist <\/strong><a href=\"https:\/\/www.terveilm.ee\/rohenugimine\/\"><strong>\u201cRohen\u00fcgimise\u201d soovitust<\/strong><\/a> kohalikele omavalitsustele parema elukeskkonna tagamiseks. Rohetiigri ja Arengukoost\u00f6\u00f6 \u00dcmarlaua eestvedamisel kokku kogutud soovitused aitavad omavalitsustel t\u00e4ita \u00fcleilmseid kestliku arengu keskkonnaeesm\u00e4rke ja Eesti 2035 strateegilisi sihte.<\/p>\n\n\n\n<p><strong>S\u00e4\u00e4stva Arengu Komisjoni liikmena<\/strong> osalesime komisjoni strateegia protsessis eesm\u00e4rgiga parandada komisjoni t\u00f6\u00f6d ja m\u00f5ju \u00fchiskonnas ning Eesti kestliku arengu indikaatorite loomise ja kinnitamise protsessis.<\/p>\n\n\n\n<p> <\/p>\n\n\n\n<h4 class=\"wp-block-heading\">Huvikaitse Euroopa Liidu tasandil <\/h4>\n\n\n\n<p>Euroopa-\u00fclestes v\u00f5rgustikes Eurodad ja Concord j\u00e4tkus samuti v\u00e4ga palju t\u00f6\u00f6d. <strong>Eurodad v\u00f5rgustikus t\u00f6\u00f6tasime arengurahastuse, kliimarahastuse, PPP (public-private partnership) ja v\u00f5laleevenduse t\u00f6\u00f6r\u00fchmades<\/strong>, andes sisendit poliitikadokumentidesse ja raportitesse. Eurodadis osalesime aasta jooksul 16 Euroopa-\u00fclese poliitikadokumendi koostamisel ja huvikaitsetegevuses. Concrodis j\u00e4tkasime arengurahastuse (sh juhtgrupp), maailmahariduse (sh juhtgrupp) ja v\u00f5rd\u00f5iguslikkuse t\u00f6\u00f6r\u00fchmades, mille peamisteks v\u00e4ljunditeks olid Aidwatchi raporti protsess, maailmahariduse rahastuse soovituste koondamine ja edastamine Euroopa Komisjonile ning v\u00f5rd\u00f5iguslikkuse (sooline, majanduslik jne) koondraporti koostamisel osalemine.&nbsp;<\/p>\n\n\n\n<p>Iga-aastastest tegevustest osalesime taaskord <a href=\"https:\/\/www.terveilm.ee\/leht\/blogi\/eesti-arengukoostoo-keskendub-jatkuvalt-kahepoolsele-koostoole\/\"><strong>AidWatch<\/strong><\/a><strong> raporti <\/strong>koostamisel ning <a href=\"https:\/\/www.terveilm.ee\/leht\/wp-content\/uploads\/2021\/10\/Estonia.pdf\">Eesti andmestiku<\/a> (country page) kokku kogumisel, mida oleme kasutanud huvikaitses nii riiklikul kui rahvusvahelisel tasandil ning mis on iga-aastaselt \u00fcks olulisemaid sisendidokumente kogu Euroopa Liidu arengukoost\u00f6\u00f6 vabakonna jaoks.&nbsp;<\/p>\n\n\n\n<figure class=\"wp-block-image size-large\"><a href=\"https:\/\/www.terveilm.ee\/leht\/wp-content\/uploads\/2021\/10\/Estonia.pdf\"><img loading=\"lazy\" decoding=\"async\" width=\"976\" height=\"1024\" src=\"https:\/\/www.terveilm.ee\/leht\/wp-content\/uploads\/2022\/01\/Screenshot-2022-01-17-at-20.06.16-976x1024.png\" alt=\"\" class=\"wp-image-13844\" srcset=\"https:\/\/www.terveilm.ee\/leht\/wp-content\/uploads\/2022\/01\/Screenshot-2022-01-17-at-20.06.16-976x1024.png 976w, https:\/\/www.terveilm.ee\/leht\/wp-content\/uploads\/2022\/01\/Screenshot-2022-01-17-at-20.06.16-286x300.png 286w, https:\/\/www.terveilm.ee\/leht\/wp-content\/uploads\/2022\/01\/Screenshot-2022-01-17-at-20.06.16-768x805.png 768w, https:\/\/www.terveilm.ee\/leht\/wp-content\/uploads\/2022\/01\/Screenshot-2022-01-17-at-20.06.16.png 1171w\" sizes=\"auto, (max-width: 976px) 100vw, 976px\" \/><\/a><\/figure>\n\n\n\n<p>Avalikematest tegevustest osalesime <strong>Balti-Aafrika kolmepoolse kohtumise aruteludes<\/strong> ning r\u00e4ndeteemalises paneelarutelus Euroopa elamuskeskuses koos <strong>MEP-i ja Euroopa Parlamendi asepresidendi Roberta Metsolaga<\/strong>.&nbsp;<\/p>\n\n\n\n<p>Lisaks m\u00f5tlesime koos Norra partneriga SLUG kaasa <strong>Rahvusvahelise Valuutafondi ja Maailmapangale<\/strong> suunatud huvikaitsetegevustes, disainisime koos globaalsete partneritega PPP kampaaniaid ning kohtusime mitmete Euroopa platvormidega, plaanimaks \u00fchiseid regionaalseid huvikaitsetegevusi 2022. aastaks.&nbsp;<\/p>\n\n\n\n<p>Koost\u00f6\u00f6s <strong>L\u00e4ti ja Leedu arengukoost\u00f6\u00f6 katusorganisatsioonidega<\/strong> v\u00f5rdlesime valdkonna olukorda kolmes riigis ning otsisime \u00fchiseid murekohti ning lahendusv\u00f5imalusi. <\/p>\n\n\n\n<p>Koroonalainete vahepeal \u00f5nnestus teha ka v\u00e4lisreise. Bratislavas kohtusime oma Slovakkia s\u00f5sarorganisatsiooniga <a href=\"https:\/\/ambrela.org\/about-us\/\">Ambrela<\/a>, et kaardistada \u00fchiseid tegevusi ja rahastusv\u00f5imalusi. Ljubljanas kohtusime maailmahariduse ja arengukoost\u00f6\u00f6 katusorganisatsiooniga <a href=\"https:\/\/sloga-platform.org\/about-sloga\/\">Sloga<\/a>, et kuulda ja jagada uudiseid arengukoost\u00f6\u00f6 reformide, poliitilise olukorra jm p\u00e4evakohase kohta. Viinis osalesime <a href=\"https:\/\/fundamentalrightsforum.eu\/\">fundamentaalsete inim\u00f5iguste foorumil<\/a>,\u00a0 et arutleda inim\u00f5iguste s\u00e4ilimise \u00fcle koroona-, migratsiooni- ja kahaneva kodanikuruumi ajastul.\u00a0<\/p>\n\n\n\n<h4 class=\"wp-block-heading\">Teavitus- ja meediat\u00f6\u00f6<\/h4>\n\n\n\n<p>Viisime l\u00e4bi mitu kampaaniat: <strong>S\u00f5brap\u00e4eva kampaania<\/strong> eesm\u00e4rgiks oli promoda kestlikke eluviise,&nbsp; arengukoost\u00f6\u00f6 <a href=\"https:\/\/www.facebook.com\/terveilm\/photos\/a.435979455271\/10159011386535272\/\"><strong>arvamusk\u00fcsitluse kampaania<\/strong><\/a> eesm\u00e4rgiks oli toonitada pea poolte eestlaste soovi arengurahastust suurendada. <\/p>\n\n\n\n<p>T\u00f5mbasime t\u00e4helepanu maailmamere seotusele l\u00e4bi L\u00e4\u00e4nemere tervise, pannes koos V\u00e4lisministeeriumi ja Eesti Loodusmuuseumiga Tallinna \u00fcles kolm <strong>f\u00fc\u00fcsilist installatsiooni<\/strong>, mis andsid edasi infot nii meie L\u00e4\u00e4nemere kui maailmamere ja nende omavahelise seotuse kohta. <\/p>\n\n\n\n<figure class=\"wp-block-image size-large\"><a href=\"https:\/\/www.terveilm.ee\/leht\/wp-content\/uploads\/2021\/08\/Laanemere-installatsioon-scaled.jpg\"><img loading=\"lazy\" decoding=\"async\" width=\"1024\" height=\"768\" src=\"https:\/\/www.terveilm.ee\/leht\/wp-content\/uploads\/2021\/08\/Laanemere-installatsioon-1024x768.jpg\" alt=\"\" class=\"wp-image-13478\" srcset=\"https:\/\/www.terveilm.ee\/leht\/wp-content\/uploads\/2021\/08\/Laanemere-installatsioon-1024x768.jpg 1024w, https:\/\/www.terveilm.ee\/leht\/wp-content\/uploads\/2021\/08\/Laanemere-installatsioon-300x225.jpg 300w, https:\/\/www.terveilm.ee\/leht\/wp-content\/uploads\/2021\/08\/Laanemere-installatsioon-768x576.jpg 768w, https:\/\/www.terveilm.ee\/leht\/wp-content\/uploads\/2021\/08\/Laanemere-installatsioon-1536x1152.jpg 1536w, https:\/\/www.terveilm.ee\/leht\/wp-content\/uploads\/2021\/08\/Laanemere-installatsioon-2048x1536.jpg 2048w\" sizes=\"auto, (max-width: 1024px) 100vw, 1024px\" \/><\/a><\/figure>\n\n\n\n<p>Aasta l\u00f5pus viisime l\u00e4bi digipr\u00fcgile keskenduva <strong>kestliku arengu <a href=\"https:\/\/www.facebook.com\/terveilm\/photos\/a.435979455271\/10159375676625272\/\">j\u00f5ulukampaania<\/a><\/strong>.<\/p>\n\n\n\n<p>Alustasime uue saatesarjaga <a href=\"https:\/\/roheportaal.delfi.ee\/kategooria\/94673819\/rohepoorane\">Rohep\u00f6\u00f6rane <\/a>Eesti P\u00e4evalehe Roheportaalis. \u00dcle 7000 kuulamise episoodi kohta koguv taskuh\u00e4\u00e4ling on eetris umbes iga kahe n\u00e4dala tagant ning puudutab olulisemaid keskkonnateemasid meie \u00fcmber just t\u00e4na.&nbsp;<\/p>\n\n\n\n<figure class=\"wp-block-image size-large\"><a href=\"https:\/\/roheportaal.delfi.ee\/kategooria\/94673819\/rohepoorane\"><img loading=\"lazy\" decoding=\"async\" width=\"1024\" height=\"607\" src=\"https:\/\/www.terveilm.ee\/leht\/wp-content\/uploads\/2022\/01\/98ab6610-1c4a-11ec-a00b-c7c8ad3168f5-1024x607.jpeg\" alt=\"\" class=\"wp-image-13854\" srcset=\"https:\/\/www.terveilm.ee\/leht\/wp-content\/uploads\/2022\/01\/98ab6610-1c4a-11ec-a00b-c7c8ad3168f5-1024x607.jpeg 1024w, https:\/\/www.terveilm.ee\/leht\/wp-content\/uploads\/2022\/01\/98ab6610-1c4a-11ec-a00b-c7c8ad3168f5-300x178.jpeg 300w, https:\/\/www.terveilm.ee\/leht\/wp-content\/uploads\/2022\/01\/98ab6610-1c4a-11ec-a00b-c7c8ad3168f5-768x455.jpeg 768w, https:\/\/www.terveilm.ee\/leht\/wp-content\/uploads\/2022\/01\/98ab6610-1c4a-11ec-a00b-c7c8ad3168f5.jpeg 1200w\" sizes=\"auto, (max-width: 1024px) 100vw, 1024px\" \/><\/a><figcaption>Foto: Delfi<\/figcaption><\/figure>\n\n\n\n<p>Olulise suurs\u00fcndmusena korraldasime avaliku kliima\u00f5igluse ja -rahastuse vebinari, kus m\u00f5tteid ja n\u00f5uandeid jagavsid <strong>Euroopa Komisjoni voliniku Frans Timmermansi kabineti liige Aleksandra Tomczak<\/strong>, kelle vastutusalas on roheleppe poliitikad, sh \u00f5iglase \u00fclemineku regioonid ning Barcelona autonoomse \u00dclikooli Keskkonnateaduse ja Tehnoloogia Instituudi teadur, EJ Atlas teadusprojekti liige Mariana Walter.<\/p>\n\n\n\n<p><strong>Viisime l\u00e4bi ka avalikke v\u00f5i organisatsiooni-siseseid koolitusi<\/strong>. Tallinna \u00dclikooli Rohen\u00e4dala raames koolitasime TL\u00dc tudengeid <strong>kestliku arengu eesm\u00e4rkide teemal<\/strong>, sarnase koolituse tegime ka Vaba\u00fchenduste Liidu tulevikujuhtide koolitusprogrammis osalejatele. <strong>Toyota Eesti <\/strong>meeskonda koolitasime SDGde 1, 8, 16 ja 17 valdkondades. J\u00e4tkasime kaaskoolitajana koost\u00f6\u00f6d International Democracy Institute`ga, r\u00e4\u00e4kides osalejatele oma kogemustest teavitustegevusest ja kampaaniate l\u00e4biviimises.&nbsp;<\/p>\n\n\n\n<h4 class=\"wp-block-heading\">Koalitsioon kestliku arengu heaks<\/h4>\n\n\n\n<p>2021. aastal tegeles koalitsiooni liikmetest koosnev t\u00f6\u00f6r\u00fchm koos v\u00e4liste partneritega kestliku arengu <strong>info- ja kaasamisplatvormi kesta.me arendamisega<\/strong>. Tegeleti platvormi sisuloomega, mille raames kaasati eri sihtgruppe ja viidi l\u00e4bi fookusgrupi intervjuusid ettev\u00f5tjate, ministeeriumite esindajate, vabakonnaga, haridust\u00f6\u00f6tajatega jt. J\u00f5udsime aasta l\u00f5puks valmis arenduse esimese etapiga (informatiivne osa platvormist) ning j\u00e4tkame uuel aastal kaasamise funktsiooni arendamist. <\/p>\n\n\n\n<p>Lisaks viisime Arvamusfestivalil Maa alal l\u00e4bi platvormi eesm\u00e4rke toetava paneelarutelu <strong>\u201cKoos, kestlikult!\u201d<\/strong> ning avaliku arvamusk\u00fcsitluse AK\u00dc h\u00e4\u00e4letusmasinaga. <\/p>\n\n\n\n<figure class=\"wp-block-image size-large\"><a href=\"https:\/\/www.terveilm.ee\/leht\/wp-content\/uploads\/2022\/01\/IMG_20210814_121612-scaled.jpg\"><img loading=\"lazy\" decoding=\"async\" width=\"1024\" height=\"768\" src=\"https:\/\/www.terveilm.ee\/leht\/wp-content\/uploads\/2022\/01\/IMG_20210814_121612-1024x768.jpg\" alt=\"\" class=\"wp-image-13848\" srcset=\"https:\/\/www.terveilm.ee\/leht\/wp-content\/uploads\/2022\/01\/IMG_20210814_121612-1024x768.jpg 1024w, https:\/\/www.terveilm.ee\/leht\/wp-content\/uploads\/2022\/01\/IMG_20210814_121612-300x225.jpg 300w, https:\/\/www.terveilm.ee\/leht\/wp-content\/uploads\/2022\/01\/IMG_20210814_121612-768x576.jpg 768w, https:\/\/www.terveilm.ee\/leht\/wp-content\/uploads\/2022\/01\/IMG_20210814_121612-1536x1152.jpg 1536w, https:\/\/www.terveilm.ee\/leht\/wp-content\/uploads\/2022\/01\/IMG_20210814_121612-2048x1536.jpg 2048w\" sizes=\"auto, (max-width: 1024px) 100vw, 1024px\" \/><\/a><\/figure>\n\n\n\n<p>Aasta jooksul koolitasime nii koalitsiooni liikmeid kui laiemat avalikkust mitmel korral. Aasta alguses toimus 3-p\u00e4evane Bridge 47 projekti koolitus <strong>\u201cEesm\u00e4rgip\u00e4rane partnerlus: uute sektorite kaasamine maailmakodaniku hariduse toel\u201d.<\/strong> M\u00e4rtsis viis Milttoni ekspert l\u00e4bi v\u00e4liskommunikatsiooni koolituse <strong>\u201cS\u00f5nade ja tegude koosk\u00f5la kestliku arengu kommunikatsioonis\u201d<\/strong>. Tallinna \u00dclikooli Rohelise Kuu \u00fcrituste programmi raames aprillis koolitasime k\u00f5iki huvilisi kestliku arengu eesm\u00e4rkide alal. Aasta l\u00f5pus toimusid koost\u00f6\u00f6s Rootsi m\u00f5ttekoja Global Utmaning eksperdi ja VEF-i eksperdiga kaks ettev\u00f5tlussektorile suunatud koolitust <strong>\u201cM\u00f5testades kestlikku arengut ettev\u00f5tluses\u201d<\/strong> osalejatele Eestist ja L\u00e4tist ning Eesti Ettev\u00f5tlike Naiste Assotsiatsiooni v\u00f5rgustikule.&nbsp;<\/p>\n\n\n\n<p>Lisaks viisime Euroopa kestliku arengu n\u00e4dala raames septembrikuus l\u00e4bi mitmeid teavitustegevusi. \u00dclemiste ja S\u00f5pruse Rimi poodides ning sotsiaalmeedias korraldasime avaliku h\u00e4\u00e4letuskampaania toiduraiskamise teemal. <\/p>\n\n\n\n<figure class=\"wp-block-image size-large\"><a href=\"https:\/\/www.terveilm.ee\/leht\/wp-content\/uploads\/2022\/01\/Rimi-ha\u0308a\u0308letus.jpg\"><img loading=\"lazy\" decoding=\"async\" width=\"1024\" height=\"1024\" src=\"https:\/\/www.terveilm.ee\/leht\/wp-content\/uploads\/2022\/01\/Rimi-ha\u0308a\u0308letus-1024x1024.jpg\" alt=\"\" class=\"wp-image-13850\" srcset=\"https:\/\/www.terveilm.ee\/leht\/wp-content\/uploads\/2022\/01\/Rimi-ha\u0308a\u0308letus-1024x1024.jpg 1024w, https:\/\/www.terveilm.ee\/leht\/wp-content\/uploads\/2022\/01\/Rimi-ha\u0308a\u0308letus-300x300.jpg 300w, https:\/\/www.terveilm.ee\/leht\/wp-content\/uploads\/2022\/01\/Rimi-ha\u0308a\u0308letus-150x150.jpg 150w, https:\/\/www.terveilm.ee\/leht\/wp-content\/uploads\/2022\/01\/Rimi-ha\u0308a\u0308letus-768x768.jpg 768w, https:\/\/www.terveilm.ee\/leht\/wp-content\/uploads\/2022\/01\/Rimi-ha\u0308a\u0308letus-1536x1536.jpg 1536w, https:\/\/www.terveilm.ee\/leht\/wp-content\/uploads\/2022\/01\/Rimi-ha\u0308a\u0308letus-500x500.jpg 500w, https:\/\/www.terveilm.ee\/leht\/wp-content\/uploads\/2022\/01\/Rimi-ha\u0308a\u0308letus-120x120.jpg 120w, https:\/\/www.terveilm.ee\/leht\/wp-content\/uploads\/2022\/01\/Rimi-ha\u0308a\u0308letus.jpg 1920w\" sizes=\"auto, (max-width: 1024px) 100vw, 1024px\" \/><\/a><\/figure>\n\n\n\n<p>R\u00e4\u00e4kisime kestlikust arengust ka raadiotes. Viisime l\u00e4bi kolmeosalise <strong>raadiosaadete sarja \u201cKestlik p\u00e4evakaja\u201d<\/strong> Ida raadios, kus olid teemadeks vastutustundlik ettev\u00f5tlus, maailmaharidus ning s\u00e4\u00e4stev tootmine ja tarbimine. Saadetes arutlesid eksperdid MT\u00dc-st Mondo, Tallinna \u00dclikoolist, Teliast, Vastutustundliku Ettev\u00f5tluse Foorumist, Stella Soomlais Studiost ja Rimi Eestist. Kuku raadio saates Ilmaparandaja arutlesime ekspertidega Milttonist, Riigikantseleist ja Cleantech Estoniast teemal \u201cKes vastutab kestlikuma homse eest?\u201d <\/p>\n\n\n\n<figure class=\"wp-block-image size-large\"><a href=\"https:\/\/www.terveilm.ee\/leht\/wp-content\/uploads\/2022\/01\/FotoJet-1.jpg\"><img loading=\"lazy\" decoding=\"async\" width=\"1024\" height=\"1024\" src=\"https:\/\/www.terveilm.ee\/leht\/wp-content\/uploads\/2022\/01\/FotoJet-1-1024x1024.jpg\" alt=\"\" class=\"wp-image-13852\" srcset=\"https:\/\/www.terveilm.ee\/leht\/wp-content\/uploads\/2022\/01\/FotoJet-1-1024x1024.jpg 1024w, https:\/\/www.terveilm.ee\/leht\/wp-content\/uploads\/2022\/01\/FotoJet-1-300x300.jpg 300w, https:\/\/www.terveilm.ee\/leht\/wp-content\/uploads\/2022\/01\/FotoJet-1-150x150.jpg 150w, https:\/\/www.terveilm.ee\/leht\/wp-content\/uploads\/2022\/01\/FotoJet-1-768x768.jpg 768w, https:\/\/www.terveilm.ee\/leht\/wp-content\/uploads\/2022\/01\/FotoJet-1-500x500.jpg 500w, https:\/\/www.terveilm.ee\/leht\/wp-content\/uploads\/2022\/01\/FotoJet-1-120x120.jpg 120w, https:\/\/www.terveilm.ee\/leht\/wp-content\/uploads\/2022\/01\/FotoJet-1.jpg 1200w\" sizes=\"auto, (max-width: 1024px) 100vw, 1024px\" \/><\/a><\/figure>\n\n\n\n<p><\/p>\n","protected":false},"excerpt":{"rendered":"<p>M\u00f6\u00f6dunud aasta oli igas m\u00f5ttes \u00fchiskondlikult p\u00f5nev (loe: t\u00e4is v\u00e4ljakutseid), kuid AK\u00dc jaoks pakkus eelk\u00f5ige pinget ja t\u00f6\u00f6d Eesti arengukoost\u00f6\u00f6&#8230;<\/p>\n","protected":false},"author":32,"featured_media":13675,"comment_status":"open","ping_status":"open","sticky":false,"template":"","format":"standard","meta":{"_acf_changed":false,"footnotes":""},"categories":[3],"tags":[],"class_list":["post-13843","post","type-post","status-publish","format-standard","has-post-thumbnail","hentry","category-blogi"],"acf":[],"_links":{"self":[{"href":"https:\/\/www.terveilm.ee\/leht\/wp-json\/wp\/v2\/posts\/13843","targetHints":{"allow":["GET"]}}],"collection":[{"href":"https:\/\/www.terveilm.ee\/leht\/wp-json\/wp\/v2\/posts"}],"about":[{"href":"https:\/\/www.terveilm.ee\/leht\/wp-json\/wp\/v2\/types\/post"}],"author":[{"embeddable":true,"href":"https:\/\/www.terveilm.ee\/leht\/wp-json\/wp\/v2\/users\/32"}],"replies":[{"embeddable":true,"href":"https:\/\/www.terveilm.ee\/leht\/wp-json\/wp\/v2\/comments?post=13843"}],"version-history":[{"count":5,"href":"https:\/\/www.terveilm.ee\/leht\/wp-json\/wp\/v2\/posts\/13843\/revisions"}],"predecessor-version":[{"id":13874,"href":"https:\/\/www.terveilm.ee\/leht\/wp-json\/wp\/v2\/posts\/13843\/revisions\/13874"}],"wp:featuredmedia":[{"embeddable":true,"href":"https:\/\/www.terveilm.ee\/leht\/wp-json\/wp\/v2\/media\/13675"}],"wp:attachment":[{"href":"https:\/\/www.terveilm.ee\/leht\/wp-json\/wp\/v2\/media?parent=13843"}],"wp:term":[{"taxonomy":"category","embeddable":true,"href":"https:\/\/www.terveilm.ee\/leht\/wp-json\/wp\/v2\/categories?post=13843"},{"taxonomy":"post_tag","embeddable":true,"href":"https:\/\/www.terveilm.ee\/leht\/wp-json\/wp\/v2\/tags?post=13843"}],"curies":[{"name":"wp","href":"https:\/\/api.w.org\/{rel}","templated":true}]}}