{"id":13929,"date":"2022-02-16T22:05:51","date_gmt":"2022-02-16T20:05:51","guid":{"rendered":"https:\/\/www.terveilm.ee\/leht\/?p=13929"},"modified":"2022-03-01T22:19:51","modified_gmt":"2022-03-01T20:19:51","slug":"mondo-noortekonkursi-tood-peegeldavad-muret-tuleviku-parast","status":"publish","type":"post","link":"https:\/\/www.terveilm.ee\/leht\/blogi\/mondo-noortekonkursi-tood-peegeldavad-muret-tuleviku-parast\/","title":{"rendered":"<strong>Mondo noortekonkursi t\u00f6\u00f6d peegeldavad muret tuleviku p\u00e4rast<\/strong>"},"content":{"rendered":"\n<p>Mondo Maailmakool korraldas kliimamuutuste- ja r\u00e4ndeteemalise noortekonkursi, mille eesm\u00e4rgiks oli innustada Eesti noori v\u00e4ljendama oma m\u00f5tteid ja tundeid globaalsetel teemadel. Konkurss osutus populaarseks, kokku esitati 52 t\u00f6\u00f6d 106 noore poolt \u00fcle Eesti &#8211; Narvast Saaremaani ja V\u00f5nnust Viimsini. Nii noortekonkursi kui maailmap\u00e4evade konkursi v\u00f5itjad kuulutati v\u00e4lja eilsel pidulikul \u00fcritusel Tallinnas, Erinevate Tubade Klubis.&nbsp;<\/p>\n\n\n\n<p>Noortekonkursil oli kolm v\u00f5idut\u00f6\u00f6d. Praktilise t\u00f6\u00f6 kategoorias tunnistati v\u00f5itjaks Anna Celine Krausi (Gustav Adolfi G\u00fcmnaasium) ja&nbsp;<a href=\"https:\/\/www.flickr.com\/photos\/mondopildipank\/51883816494\/in\/album-72177720296697392\/\" target=\"_blank\" rel=\"noreferrer noopener\">Roosmari Pihlaku<\/a>&nbsp;(Mustam\u00e4e G\u00fcmnaasium)&nbsp;<a href=\"https:\/\/open.spotify.com\/show\/71UjHyEORrJiAsoqtmirQK?si=ZaiMt8RrSS-KCARGKFp6-Q\" target=\"_blank\" rel=\"noreferrer noopener\">#WiseAndShine<\/a>&nbsp;nimeline podcast. Loovt\u00f6\u00f6 kategoorias tulid v\u00f5itjateks&nbsp;<a href=\"https:\/\/www.flickr.com\/photos\/mondopildipank\/51884145965\/in\/album-72177720296697392\/\" target=\"_blank\" rel=\"noreferrer noopener\">Karis Kivi ja PilleliisLeemet&nbsp;<\/a>(Saaremaa G\u00fcmnaasium) videoga&nbsp;<a href=\"https:\/\/www.youtube.com\/watch?v=9GdI6N_IbjI&amp;list=PLUxVs4_vHL3PvjgpFNOZVeGVaydR-grAh&amp;index=2\" target=\"_blank\" rel=\"noreferrer noopener\">&#8220;Mida me teeme?&#8221;<\/a>&nbsp;ning&nbsp;<a href=\"https:\/\/www.flickr.com\/photos\/mondopildipank\/51883496836\/in\/album-72177720296697392\/\" target=\"_blank\" rel=\"noreferrer noopener\">Grete Kaio ja Anete Nool<\/a>&nbsp;(Kristjan Jaak Petersoni G\u00fcmnaasium) samuti&nbsp;<a href=\"https:\/\/www.youtube.com\/watch?v=DA3jbQj-mDs&amp;list=PLUxVs4_vHL3PvjgpFNOZVeGVaydR-grAh\" target=\"_blank\" rel=\"noreferrer noopener\">videoga<\/a>. Viimased p\u00e4lvisid ka Matsalu Loodusfilmide Festivali eriauhinna &#8211; video linastuse festivalil.<\/p>\n\n\n\n<p>\u017d\u00fcrii \u00e4ram\u00e4rkimist leidis viis t\u00f6\u00f6d: Diana Kelleri (Viimsi Kool)&nbsp;<a href=\"https:\/\/www.flickr.com\/photos\/mondopildipank\/51883254488\/in\/album-72177720296697392\/\" target=\"_blank\" rel=\"noreferrer noopener\">digimaal<\/a>, Sofia Simone Lammase ja Robert Petrovi (Hugo Treffneri G\u00fcmnaasium) video&nbsp;<a href=\"https:\/\/www.youtube.com\/watch?v=XRFywEBg1Bw&amp;list=PLUxVs4_vHL3PvjgpFNOZVeGVaydR-grAh&amp;index=5\" target=\"_blank\" rel=\"noreferrer noopener\">&#8220;Ts\u00fckkel&#8221;<\/a>, Paula N\u00f5mme ja Elise-Maria Trei (Saaremaa G\u00fcmnaasium) video&nbsp;<a href=\"https:\/\/www.youtube.com\/watch?v=wvS2O-ncFFQ\" target=\"_blank\" rel=\"noreferrer noopener\">\u201cClimate Change Isn&#8217;t real\u201d,<\/a>&nbsp;Robin Leki (Tallinna 32. Keskkool) n\u00e4itus ja video&nbsp;<a href=\"https:\/\/robinlek.com\/kliima\/\" target=\"_blank\" rel=\"noreferrer noopener\">&#8220;1,5 C\u00b0 soojem&#8230; v\u00f5i?&#8221;<\/a>&nbsp;ning Kennert Viirmaa (P\u00e4rnu \u00dchisg\u00fcmnaasium) projekt ja veebin\u00e4itus \u201c<a href=\"https:\/\/www.artsteps.com\/embed\/61a370b0333ac394030ab641\/560\/315\" target=\"_blank\" rel=\"noreferrer noopener\">J\u00e4\u00e4tmete v\u00e4hendamine linnaruumis<\/a>\u201d.&nbsp;<\/p>\n\n\n\n<p>Fridays for Future Eesti organisatsiooni eriauhinna p\u00e4lvisid Julia Land, Maria Mishatova&nbsp; ja Marem Uzhakhova (Tallinna Kesklinna Vene G\u00fcmnaasium)&nbsp;venekeelse informatiivse&nbsp;<a href=\"https:\/\/www.youtube.com\/watch?v=atUjZ3asBXI\" target=\"_blank\" rel=\"noreferrer noopener\">video<\/a>&nbsp;ja<a href=\"https:\/\/sites.google.com\/tkvg.ee\/mondo-noortekonkursi-2022-tkvg?authuser=2\" target=\"_blank\" rel=\"noreferrer noopener\">&nbsp;veebilehe<\/a>&nbsp;eest.&nbsp;<\/p>\n\n\n\n<p>\u017d\u00fcriisse kuulusid maailmahariduse ekspert Mari J\u00f5giste Mondost, re\u017eiss\u00f6\u00f6r Anu Aun, Susanna Veevo organisatsioonist PACE, kliimaaktivist Sandra Kartau Fridays For Future Eesti organisatsioonist ning dokumentalist Heli Tetlov Matsalu Loodusfilmide Festivali korraldusmeeskonnast.&nbsp;<\/p>\n\n\n\n<p>Mondo maailmaharidussuuna juhi Diana Tamme s\u00f5nul olid v\u00f5idut\u00f6\u00f6d tugeva emotsionaalse laenguga. \u201cNoorte mure globaalsete teemade, eriti kliimamuutuste ning keskkonnaprobleemide p\u00e4rast, on nendes t\u00f6\u00f6des selgesti tajutav. Oli endasse vaatavaid t\u00f6id, mis arutlesid iga\u00fche vastutuse \u00fcle keskkonnakriisis, aga ka selliseid, mis v\u00f5tsid eesm\u00e4rgiks jagada infot, motiveerida, kutsuda tegudele. On selge, et noored v\u00f5tavad kliimakriisi v\u00e4ga t\u00f5siselt, ootame sama teravat tegutsemist ka otsustajatelt!\u201d \u00fctles ta.&nbsp;<\/p>\n\n\n\n<p>\u017danritest osutus k\u00f5ige populaarsemaks video, aga t\u00f6id esitati ka koomiksi, maali, kollaa\u017ei, puut\u00f6\u00f6, esitluse, v\u00e4itluse, animatsiooni, m\u00f5minar\u00e4pi, l\u00fchifilmi ja laulu vormis.&nbsp;Paremikuga konkursil osalenud t\u00f6\u00f6dest saab&nbsp;<a href=\"https:\/\/bit.ly\/3GSaqu7\" target=\"_blank\" rel=\"noreferrer noopener\">tutvuda virtuaaln\u00e4itusel siin.<\/a><\/p>\n\n\n\n<p>Noortekonkursi kolme v\u00f5idut\u00f6\u00f6 autoritele on auhinnaks osalemine 2022. aastal Austrias toimuvas noorte kliimalaagris v\u00f5i rahvusvahelisel dokumentaalfilmifestivalil One World Prahas.&nbsp;<\/p>\n\n\n\n<p>Eile kuulutati v\u00e4lja ka Mondo maailmap\u00e4evade konkursi parimad. Maailmap\u00e4evad on s\u00fcndmused, kus m\u00f5ne \u00fcleilmse teemaga tegeleb kogu kool, lasteaed, huvikool v\u00f5i noortekeskus. T\u00e4navuse konkursi teemad olid kliimamuutused ja r\u00e4nne.<\/p>\n\n\n\n<p>Peaauhinna v\u00f5itis V\u00e4rska G\u00fcmnaasiumi projekt \u201cAvasta Aafrikat\u201d. N\u00e4dala jooksul toimus koolis mitmek\u00fclgne programm, mille raames \u00f5piti tundma Aafrika kirjandust, kunsti, kliima- ja r\u00e4ndeprobleeme, araabia keelt, ajalugu ja palju muud.<\/p>\n\n\n\n<p>Maailmap\u00e4evade eriauhinnad p\u00e4lvisid Tallinna Inglise Kolled\u017e, Kohtla-J\u00e4rve Maleva P\u00f5hikool ja Tamsalu G\u00fcmnaasium.<\/p>\n\n\n\n<p><em>Konkursid viidi ellu MT\u00dc Mondo eestvedamisel ning Euroopa Komisjoni, Haridus- ja Teadusministeeriumi, Kultuuriministeeriumi, SA Kodaniku\u00fchiskonna Sihtkapital ja Eesti V\u00e4lisministeeriumi kaasrahastusega arengukoost\u00f6\u00f6 ja humanitaarabi vahenditest.<\/em><\/p>\n","protected":false},"excerpt":{"rendered":"<p>Mondo Maailmakool korraldas kliimamuutuste- ja r\u00e4ndeteemalise noortekonkursi, mille eesm\u00e4rgiks oli innustada Eesti noori v\u00e4ljendama oma m\u00f5tteid ja tundeid globaalsetel teemadel&#8230;.<\/p>\n","protected":false},"author":26,"featured_media":0,"comment_status":"open","ping_status":"open","sticky":false,"template":"","format":"standard","meta":{"_acf_changed":false,"footnotes":""},"categories":[7],"tags":[25,29],"class_list":["post-13929","post","type-post","status-publish","format-standard","hentry","category-uudised","tag-kliimamuutused","tag-sundmused"],"acf":[],"_links":{"self":[{"href":"https:\/\/www.terveilm.ee\/leht\/wp-json\/wp\/v2\/posts\/13929","targetHints":{"allow":["GET"]}}],"collection":[{"href":"https:\/\/www.terveilm.ee\/leht\/wp-json\/wp\/v2\/posts"}],"about":[{"href":"https:\/\/www.terveilm.ee\/leht\/wp-json\/wp\/v2\/types\/post"}],"author":[{"embeddable":true,"href":"https:\/\/www.terveilm.ee\/leht\/wp-json\/wp\/v2\/users\/26"}],"replies":[{"embeddable":true,"href":"https:\/\/www.terveilm.ee\/leht\/wp-json\/wp\/v2\/comments?post=13929"}],"version-history":[{"count":1,"href":"https:\/\/www.terveilm.ee\/leht\/wp-json\/wp\/v2\/posts\/13929\/revisions"}],"predecessor-version":[{"id":13930,"href":"https:\/\/www.terveilm.ee\/leht\/wp-json\/wp\/v2\/posts\/13929\/revisions\/13930"}],"wp:attachment":[{"href":"https:\/\/www.terveilm.ee\/leht\/wp-json\/wp\/v2\/media?parent=13929"}],"wp:term":[{"taxonomy":"category","embeddable":true,"href":"https:\/\/www.terveilm.ee\/leht\/wp-json\/wp\/v2\/categories?post=13929"},{"taxonomy":"post_tag","embeddable":true,"href":"https:\/\/www.terveilm.ee\/leht\/wp-json\/wp\/v2\/tags?post=13929"}],"curies":[{"name":"wp","href":"https:\/\/api.w.org\/{rel}","templated":true}]}}