{"id":13932,"date":"2022-02-21T13:58:56","date_gmt":"2022-02-21T11:58:56","guid":{"rendered":"https:\/\/www.terveilm.ee\/leht\/?p=13932"},"modified":"2022-08-02T13:17:08","modified_gmt":"2022-08-02T10:17:08","slug":"agne-kuimet-aafrika-ja-euroopa-ebavordne-partnerlus","status":"publish","type":"post","link":"https:\/\/www.terveilm.ee\/leht\/blogi\/agne-kuimet-aafrika-ja-euroopa-ebavordne-partnerlus\/","title":{"rendered":"Agne Kuimet: Aafrika ja Euroopa ebav\u00f5rdne partnerlus"},"content":{"rendered":"\n<p><strong>M\u00f5ned p\u00e4evad tagasi, 17.\u201318. veebruaril toimunud Euroopa Liidu ja Aafrika Liidu tippkohtumisel<\/strong><em>&nbsp;<\/em><strong>(EU-AU Summit)<\/strong><em>&nbsp;<\/em><strong>kinnitati taas kord, et p\u00fc\u00fctakse olla \u00fcle kolonialiseerivast minevikust ning senisest postkolonisatsioonimaigulisest arengukoost\u00f6\u00f6st. Siiski on endiselt suurim v\u00e4ljakutse s\u00fcsteemne ebav\u00f5rdsus kahe poole vahel, kirjutab&nbsp;Arengukoost\u00f6\u00f6 \u00dcmarlaua juhataja Agne Kuimet.<\/strong><\/p>\n\n\n\n<p><\/p>\n\n\n\n<p>Loe edasi: <a href=\"https:\/\/arvamus.postimees.ee\/7457776\/agne-kuimet-aafrika-ja-euroopa-ebavordne-partnerlus\" target=\"_blank\" rel=\"noreferrer noopener\">https:\/\/arvamus.postimees.ee\/7457776\/agne-kuimet-aafrika-ja-euroopa-ebavordne-partnerlus<\/a><\/p>\n","protected":false},"excerpt":{"rendered":"<p>M\u00f5ned p\u00e4evad tagasi, 17.\u201318. veebruaril toimunud Euroopa Liidu ja Aafrika Liidu tippkohtumisel&nbsp;(EU-AU Summit)&nbsp;kinnitati taas kord, et p\u00fc\u00fctakse olla \u00fcle kolonialiseerivast&#8230;<\/p>\n","protected":false},"author":26,"featured_media":0,"comment_status":"open","ping_status":"open","sticky":false,"template":"","format":"standard","meta":{"_acf_changed":false,"footnotes":""},"categories":[48],"tags":[31,35,57,23,50,28],"class_list":["post-13932","post","type-post","status-publish","format-standard","hentry","category-meediakajastused","tag-aku","tag-arengukoostoo","tag-humanitaarabi","tag-inimoigused","tag-maailmaharidus","tag-poliitikate-sidusus"],"acf":[],"_links":{"self":[{"href":"https:\/\/www.terveilm.ee\/leht\/wp-json\/wp\/v2\/posts\/13932","targetHints":{"allow":["GET"]}}],"collection":[{"href":"https:\/\/www.terveilm.ee\/leht\/wp-json\/wp\/v2\/posts"}],"about":[{"href":"https:\/\/www.terveilm.ee\/leht\/wp-json\/wp\/v2\/types\/post"}],"author":[{"embeddable":true,"href":"https:\/\/www.terveilm.ee\/leht\/wp-json\/wp\/v2\/users\/26"}],"replies":[{"embeddable":true,"href":"https:\/\/www.terveilm.ee\/leht\/wp-json\/wp\/v2\/comments?post=13932"}],"version-history":[{"count":3,"href":"https:\/\/www.terveilm.ee\/leht\/wp-json\/wp\/v2\/posts\/13932\/revisions"}],"predecessor-version":[{"id":14209,"href":"https:\/\/www.terveilm.ee\/leht\/wp-json\/wp\/v2\/posts\/13932\/revisions\/14209"}],"wp:attachment":[{"href":"https:\/\/www.terveilm.ee\/leht\/wp-json\/wp\/v2\/media?parent=13932"}],"wp:term":[{"taxonomy":"category","embeddable":true,"href":"https:\/\/www.terveilm.ee\/leht\/wp-json\/wp\/v2\/categories?post=13932"},{"taxonomy":"post_tag","embeddable":true,"href":"https:\/\/www.terveilm.ee\/leht\/wp-json\/wp\/v2\/tags?post=13932"}],"curies":[{"name":"wp","href":"https:\/\/api.w.org\/{rel}","templated":true}]}}