{"id":13951,"date":"2022-03-01T09:59:39","date_gmt":"2022-03-01T07:59:39","guid":{"rendered":"https:\/\/www.terveilm.ee\/leht\/?p=13951"},"modified":"2022-03-01T09:59:39","modified_gmt":"2022-03-01T07:59:39","slug":"algas-arvamusfestivali-ideekorje","status":"publish","type":"post","link":"https:\/\/www.terveilm.ee\/leht\/blogi\/algas-arvamusfestivali-ideekorje\/","title":{"rendered":"Algas Arvamusfestivali ideekorje"},"content":{"rendered":"\n<p><strong>2022. aasta Arvamusfestivali ideekorje toimub 1.-13.03.2022<\/strong><\/p>\n\n\n\n<p>Idee v\u00f5ib Arvamusfestivali programmi esitada iga\u00fcks. Kui Sinu arvates vajab m\u00f5ni teema t\u00f5statamist, k\u00fcsimus p\u00f5hjalikumat arutelu, vaatenurk v\u00f5i uus teadmine tutvustamist, siis m\u00f5tle see l\u00e4bi ja alusta siit.<\/p>\n\n\n\n<p>Selleks, et oleksid idee esitamiseks paremini valmis, m\u00f5tle enne ankeedi avamist j\u00e4rgmistele k\u00fcsimustele:<\/p>\n\n\n\n<ul class=\"wp-block-list\"><li>Mis on Sinu esitatava arutelu pealkiri?<\/li><li>Mida soovid aruteluga saavutada, mis on selle arutelu eesm\u00e4rk?<\/li><li>Miks peaks Sinu teema k\u00fclastajaid k\u00f5netama?<\/li><\/ul>\n\n\n\n<p>Aruteluidee esitajale paneme s\u00fcdamele, et loeksid enne idee esitamist l\u00e4bi&nbsp;<a href=\"https:\/\/arvamusfestival.ee\/ideekorje\/#ideekorje-korduma-kippuvad-kusimused\">korduma kippuvate k\u00fcsimuste<\/a>&nbsp;sektsiooni selle lehe l\u00f5pus, et v\u00e4ltida hilisemas faasis \u00fcllatusi. Ka vilunumad ideede esitajad peaksid selle osa l\u00e4bi lugema, sest ideekorje on v\u00f5rreldes eelmiste aastatega veidi muutunud.<\/p>\n\n\n\n<p>Oma arutelu planeerides tasub arvesse v\u00f5tta ka Arvamusfestivali k\u00fclastajatelt saadud tagasisidet. Arvamusfestivali k\u00fclastajad ootavad aruteludesse rohkem erinevate arvamustega osalejaid, et tekiks s\u00fcgavam ja p\u00f5nevam diskussioon. Kuigi p\u00e4evakajalised teemad on endiselt olulised, on k\u00fclastajate sooviks \u00fcha enam kuulata ja arutada ka tuleviku \u00fcle. Olenemata eestlaste tagasihoidlikusest, ootavad k\u00fclastajad ka suuremat kaasamist aruteludesse ning uusi viise, kuidas s\u00f5na sekka \u00f6elda.<\/p>\n\n\n\n<p>Idee esitamisega saab alustada 1. m\u00e4rtsil.&nbsp;<a rel=\"noreferrer noopener\" href=\"https:\/\/forms.gle\/zAwQMxqPF2RCBj1n9\" target=\"_blank\">Alusta esitamisega siit!<\/a>&nbsp;(NB! Ankeet avaneb uues aknas). T\u00e4htaeg idee esitamiseks on 13. m\u00e4rts.<\/p>\n\n\n\n<p>Laekunud ideid hindab Arvamusfestivali meeskond, kes komplekteerib valitud ideedest temaatilised arutelualad. Ideede esitajatega v\u00f5etakse \u00fchendust hiljemalt aprilli alguses.<\/p>\n\n\n\n<p>Soovime lennukaid ideid, rohkelt tarkust ja edu ideekorjes osalemisel!<\/p>\n\n\n\n<p>K\u00fcsimuste korral v\u00f5ta julgelt \u00fchendust<\/p>\n\n\n\n<p>Kaspar Tammist<br>Arvamusfestivali eestvedaja ja programmitiimi juht<br><a href=\"mailto:kaspar.tammist@arvamusfestival.ee\">kaspar.tammist@arvamusfestival.ee<\/a><\/p>\n","protected":false},"excerpt":{"rendered":"<p>2022. aasta Arvamusfestivali ideekorje toimub 1.-13.03.2022 Idee v\u00f5ib Arvamusfestivali programmi esitada iga\u00fcks. Kui Sinu arvates vajab m\u00f5ni teema t\u00f5statamist, k\u00fcsimus&#8230;<\/p>\n","protected":false},"author":26,"featured_media":0,"comment_status":"open","ping_status":"open","sticky":false,"template":"","format":"standard","meta":{"_acf_changed":false,"footnotes":""},"categories":[7],"tags":[29],"class_list":["post-13951","post","type-post","status-publish","format-standard","hentry","category-uudised","tag-sundmused"],"acf":[],"_links":{"self":[{"href":"https:\/\/www.terveilm.ee\/leht\/wp-json\/wp\/v2\/posts\/13951","targetHints":{"allow":["GET"]}}],"collection":[{"href":"https:\/\/www.terveilm.ee\/leht\/wp-json\/wp\/v2\/posts"}],"about":[{"href":"https:\/\/www.terveilm.ee\/leht\/wp-json\/wp\/v2\/types\/post"}],"author":[{"embeddable":true,"href":"https:\/\/www.terveilm.ee\/leht\/wp-json\/wp\/v2\/users\/26"}],"replies":[{"embeddable":true,"href":"https:\/\/www.terveilm.ee\/leht\/wp-json\/wp\/v2\/comments?post=13951"}],"version-history":[{"count":1,"href":"https:\/\/www.terveilm.ee\/leht\/wp-json\/wp\/v2\/posts\/13951\/revisions"}],"predecessor-version":[{"id":13952,"href":"https:\/\/www.terveilm.ee\/leht\/wp-json\/wp\/v2\/posts\/13951\/revisions\/13952"}],"wp:attachment":[{"href":"https:\/\/www.terveilm.ee\/leht\/wp-json\/wp\/v2\/media?parent=13951"}],"wp:term":[{"taxonomy":"category","embeddable":true,"href":"https:\/\/www.terveilm.ee\/leht\/wp-json\/wp\/v2\/categories?post=13951"},{"taxonomy":"post_tag","embeddable":true,"href":"https:\/\/www.terveilm.ee\/leht\/wp-json\/wp\/v2\/tags?post=13951"}],"curies":[{"name":"wp","href":"https:\/\/api.w.org\/{rel}","templated":true}]}}