{"id":14011,"date":"2022-04-05T10:46:30","date_gmt":"2022-04-05T07:46:30","guid":{"rendered":"https:\/\/www.terveilm.ee\/leht\/?p=14011"},"modified":"2022-04-05T10:46:31","modified_gmt":"2022-04-05T07:46:31","slug":"randeteemaliste-reisistipendiumite-konkurss-ajakirjanikele","status":"publish","type":"post","link":"https:\/\/www.terveilm.ee\/leht\/blogi\/randeteemaliste-reisistipendiumite-konkurss-ajakirjanikele\/","title":{"rendered":"<strong>R\u00e4ndeteemaliste reisistipendiumite konkurss ajakirjanikele<\/strong>"},"content":{"rendered":"\n<p><a href=\"https:\/\/mondo.org.ee\/\" target=\"_blank\" rel=\"noreferrer noopener\">Mondo&nbsp;<\/a>kuulutab v\u00e4lja r\u00e4ndeteemaliste reisistipendiumite konkursi, mille eesm\u00e4rk on v\u00f5imaldada noorel ajakirjanikul v\u00f5i ajakirjanike tiimil viia&nbsp;<strong>l\u00e4bi uurimus r\u00e4nde ja\/v\u00f5i integratsiooni teemadel m\u00f5nes olulises r\u00e4nde siht- v\u00f5i l\u00e4hteriigis.<\/strong>&nbsp;Stipendiumivooru suurus on&nbsp;<strong>12 500 eurot<\/strong>&nbsp;ja v\u00e4lja antakse&nbsp;<strong>viis&nbsp;stipendiumi.<\/strong><\/p>\n\n\n\n<p>Stipendium on m\u00f5eldud ajakirjaniku reisikulude katmiseks riiki, kus olles v\u00f5i kust naastes avaldab ajakirjanik v\u00e4hemalt&nbsp;<strong>kaks erinevat meediasisu,&nbsp;<\/strong>mis kajastavad&nbsp;r\u00e4nde- ja integratsiooni teemalisi kogemusi selles riigis.<\/p>\n\n\n\n<p>Uurimuses v\u00f5ib k\u00e4sitleda erinevaid r\u00e4ndega seotud aspekte tuues esile ka positiivseid n\u00e4iteid ja lahendusi.&nbsp;Ajakirjanduslikest formaatidest on eelistatud&nbsp;<a href=\"https:\/\/en.wikipedia.org\/wiki\/Solutions_journalism\" target=\"_blank\" rel=\"noreferrer noopener\">\u201esolution journalism\u201c.<\/a>&nbsp;Stipendiumile kandideerimise t\u00e4htaeg on&nbsp;<strong>29. aprill 2022.&nbsp;<\/strong>Meediasisu peab valmima<strong>&nbsp;5 kuu jooksul&nbsp;<\/strong>p\u00e4rast stipendiumi eraldamist.<\/p>\n\n\n\n<p>Stipendiumile kandideerimiseks vajalikud dokumendid:<\/p>\n\n\n\n<p>\u2013&nbsp;&nbsp;&nbsp;ajakirjaniku\/ke CV-d<\/p>\n\n\n\n<p>\u2013&nbsp;&nbsp;&nbsp;motivatsioonikiri koos l\u00fchikontseptsiooniga teemak\u00e4sitlusest ja formaadist (max 1 A4)<\/p>\n\n\n\n<p>\u2013&nbsp;&nbsp; esialgne plaan meediasisu avaldamise kuup\u00e4evade ja kanalite\/v\u00e4ljaannetega ning taotletava summa suurusega.<\/p>\n\n\n\n<p>N\u00f5uded kandidaadile:<\/p>\n\n\n\n<p>\u2013&nbsp; kandideerija peab olema&nbsp;<strong>kuni 35-aastane praktiseeriv ajakirjanik<\/strong>&nbsp;(ajakirjanike tiimi puhul peab sellele tingimusele vastama v\u00e4hemalt \u00fcks tiimi liige)<\/p>\n\n\n\n<p>\u2013&nbsp;&nbsp;kandideerija peab tagama toodetud meediasisu ilmumise riikliku tasandi meediav\u00e4ljaandes.<\/p>\n\n\n\n<p>Info konkursi kohta on leitav ka Mondo kodulehel. Huvitatutel palume saata vajalikud dokumendid 29. aprilliks aadressil&nbsp;<a href=\"mailto:ave%40mondo%2Eorg%2Eee\" target=\"_blank\" rel=\"noreferrer noopener\">ave@mondo.org.ee<\/a>.<\/p>\n\n\n\n<p>Stipendiumi kasutamise kord kinnitatakse stipendiumi saaja ja MT\u00dc Mondo vahelise vastava lepinguga. Stipendiumisumma on maksuvaba. Konkursi korraldajatel on \u00f5igus vajadusel konkursi korda muuta v\u00f5i sobivate kandidaatide olemasolu puudumisel stipendiumi v\u00e4ljaandmisest loobuda.<\/p>\n\n\n\n<p>Stipendiumid antakse v\u00e4lja projekti&nbsp;<a href=\"https:\/\/mondo.org.ee\/projektid\/jagatud-teekonnad\/\" target=\"_blank\" rel=\"noreferrer noopener\"><em>\u201eJagatud teekonnad: faktid ja lood r\u00e4ndest 21. sajandil\u201d<\/em>&nbsp;<\/a>raames, mida kaasrahastavad&nbsp;Euroopa Komisjon ja Eesti V\u00e4lisministeerium arengu- ja humanitaarabi vahenditest.&nbsp;Projekti peamine eesm\u00e4rk on toetada avatumat, kaasavamat ja teadlikumat suhtumist r\u00e4ndesse ja r\u00e4ndajatesse.<\/p>\n","protected":false},"excerpt":{"rendered":"<p>Mondo&nbsp;kuulutab v\u00e4lja r\u00e4ndeteemaliste reisistipendiumite konkursi, mille eesm\u00e4rk on v\u00f5imaldada noorel ajakirjanikul v\u00f5i ajakirjanike tiimil viia&nbsp;l\u00e4bi uurimus r\u00e4nde ja\/v\u00f5i integratsiooni teemadel&#8230;<\/p>\n","protected":false},"author":26,"featured_media":0,"comment_status":"open","ping_status":"open","sticky":false,"template":"","format":"standard","meta":{"_acf_changed":false,"footnotes":""},"categories":[7],"tags":[35],"class_list":["post-14011","post","type-post","status-publish","format-standard","hentry","category-uudised","tag-arengukoostoo"],"acf":[],"_links":{"self":[{"href":"https:\/\/www.terveilm.ee\/leht\/wp-json\/wp\/v2\/posts\/14011","targetHints":{"allow":["GET"]}}],"collection":[{"href":"https:\/\/www.terveilm.ee\/leht\/wp-json\/wp\/v2\/posts"}],"about":[{"href":"https:\/\/www.terveilm.ee\/leht\/wp-json\/wp\/v2\/types\/post"}],"author":[{"embeddable":true,"href":"https:\/\/www.terveilm.ee\/leht\/wp-json\/wp\/v2\/users\/26"}],"replies":[{"embeddable":true,"href":"https:\/\/www.terveilm.ee\/leht\/wp-json\/wp\/v2\/comments?post=14011"}],"version-history":[{"count":1,"href":"https:\/\/www.terveilm.ee\/leht\/wp-json\/wp\/v2\/posts\/14011\/revisions"}],"predecessor-version":[{"id":14012,"href":"https:\/\/www.terveilm.ee\/leht\/wp-json\/wp\/v2\/posts\/14011\/revisions\/14012"}],"wp:attachment":[{"href":"https:\/\/www.terveilm.ee\/leht\/wp-json\/wp\/v2\/media?parent=14011"}],"wp:term":[{"taxonomy":"category","embeddable":true,"href":"https:\/\/www.terveilm.ee\/leht\/wp-json\/wp\/v2\/categories?post=14011"},{"taxonomy":"post_tag","embeddable":true,"href":"https:\/\/www.terveilm.ee\/leht\/wp-json\/wp\/v2\/tags?post=14011"}],"curies":[{"name":"wp","href":"https:\/\/api.w.org\/{rel}","templated":true}]}}