{"id":14091,"date":"2022-05-03T10:20:19","date_gmt":"2022-05-03T07:20:19","guid":{"rendered":"https:\/\/www.terveilm.ee\/leht\/?p=14091"},"modified":"2022-05-03T10:20:19","modified_gmt":"2022-05-03T07:20:19","slug":"koos-on-kergem-i-eestlaste-toetus-riikliku-arengukoostoo-rahastamisele-tostmisele-on-oluliselt-tousnud","status":"publish","type":"post","link":"https:\/\/www.terveilm.ee\/leht\/blogi\/koos-on-kergem-i-eestlaste-toetus-riikliku-arengukoostoo-rahastamisele-tostmisele-on-oluliselt-tousnud\/","title":{"rendered":"KOOS ON KERGEM I Eestlaste toetus riikliku arengukoost\u00f6\u00f6 rahastamisele t\u00f5stmisele on oluliselt t\u00f5usnud"},"content":{"rendered":"\n<p>Arengukoost\u00f6\u00f6 \u00dcmarlaud korraldas 2022. aasta kevadel Eesti elanike hulgas arvamusk\u00fcsitluse arengukoost\u00f6\u00f6d puudutavate hoiakute ja teadmiste kohta.<\/p>\n\n\n\n<p>Arengukoost\u00f6\u00f6 ehk n\u00f6 arenguriikide toetamine nii rahaliselt kui oskusteabe kaudu on nii Eesti kui Euroopa jaoks \u00fcha enam arenev koost\u00f6\u00f6valdkond, mille eesm\u00e4rgiks on suurendada v\u00f5rdsust ja stabiilsust v\u00e4hema sissetuleku ning madalama inimarenguga riikides. Eestis on nii majanduslikust kui ka \u00fchiskondlikust vaatenurgast toetus arengukoost\u00f6\u00f6le stabiilselt kasvanud, selgub Arengukoost\u00f6\u00f6 \u00dcmarlaua tellitud ja Norstati poolt l\u00e4bi viidud k\u00fcsitlusest.<\/p>\n\n\n\n<p>Arengukoost\u00f6\u00f6 \u00dcmarlaua juhataja Susanna Veevo leiab, et k\u00e4esolev aasta saab olema arengukoost\u00f6\u00f6le ja rahvusvahelisele partnerlusele oluline proovikivi. \u201eSeistes silmitsi \u00fchtaegu mitmete \u00fcle-euroopaliste ja globaalsete kriisidega, on efektiivne koost\u00f6\u00f6 haavatavate piirkondadega varasemast veelgi kriitilisema t\u00e4htsusega.&nbsp; Tervishoiu- ja julgeolekukriisid on \u00fchest k\u00fcljest teravalt suurendanud vajadust humanitaarabi sekkumise j\u00e4rele, kuid samal ajal pannud proovile ka aastak\u00fcmnete pikkuse ajalooga arengukoost\u00f6\u00f6 tulemused. \u00dcks on selge ka keset kriise \u2013 efektiivne ning vajadusp\u00f5hine rahvusvaheline koost\u00f6\u00f6 on endiselt v\u00f5tmeks, kuidas maailmas stabiilsust taastada ning j\u00e4tkusuutlikuma arengu suunas liikuda. Seet\u00f5ttu on ise\u00e4ranis huvitav n\u00e4ha, kuidas kriisid m\u00f5jutavad ka Eesti elanike suhtumist arengukoost\u00f6\u00f6sse,\u201c \u00fctleb Veevo.<\/p>\n\n\n\n<p><strong>Toetus arengukoost\u00f6\u00f6 rahastuse t\u00f5stmisele<\/strong><\/p>\n\n\n\n<p>K\u00fcsitlusele vastanutest 38% arvas, et rahastus peaks j\u00e4\u00e4ma samasse suurusj\u00e4rku ning 37% toetas arengukoost\u00f6\u00f6 rahastuse suurenemist. 3% k\u00fcsitletutest leidis, et rahastust peaks v\u00e4hendama, ning 4% arvates ei peaks Eesti arengukoost\u00f6\u00f6d \u00fcldse rahastama.<\/p>\n\n\n\n<p>Varasemate aastatega v\u00f5rreldes on toimunud olulised muutused arengukoost\u00f6\u00f6 rahastust puudutavate hoiakute osas. Kui k\u00e4esoleval aastal oli rahastuse v\u00e4hendamise v\u00f5i sootuks eemaldamise poolt kombineeritult 7% vastanutest, siis 2021. aastal arvas nii lausa 21% ning aasta varem 22% k\u00fcsitletutest. K\u00f5ige drastilisem muutus on vastajate hulgas, kes ei osanud k\u00fcsimusele vastata. Eelnevatel aastatel oli see n\u00e4itaja vastavalt 31% ja 57%, samas kui k\u00e4esoleval aastal j\u00e4i vastuse v\u00f5lgu ainult 20% vastajatest.<\/p>\n\n\n\n<p>Eesti arengukoost\u00f6\u00f6 rahastuse m\u00e4\u00e4r ehk ODA on viimastel aastatel olnud stabiilselt ligikaudu<a href=\"https:\/\/aidwatch.concordeurope.org\/2021-report\/\" target=\"_blank\" rel=\"noreferrer noopener\">&nbsp;<\/a><a href=\"https:\/\/aidwatch.concordeurope.org\/2021-report\/\" target=\"_blank\" rel=\"noreferrer noopener\">0.16% RKT-st<\/a>. V\u00f5ttes arvesse nii Eesti elanike suurt toetust arengukoost\u00f6\u00f6 rahastusele kui ka Eesti v\u00f5etud rahvusvahelist eesm\u00e4rki suurendada arengurahastust 2030. aastaks 0.33% RKT-st, on oluline t\u00f5sta arengukoost\u00f6\u00f6 rahastust olulisel m\u00e4\u00e4ral juba praegu ning j\u00e4tkata selle iga-aastast suurendamist.<\/p>\n\n\n\n<p>\u201eHea meel on t\u00f5deda et suurem osa Eesti elanikest toetab arengukoost\u00f6\u00f6 rahastamise suurendamist v\u00f5i selle hoidmist senisel tasemel. Tegevusvaldkondandest on suurim toetus rahu ja stabiilsuse tagamisel. Meie eesm\u00e4rk on aidata senisest rohkem kaasa globaalse julgeoleku tagamisele ja kestlikule arengule, sh suurendada Eesti arengukoost\u00f6\u00f6 ja humanitaarabi m\u00f5ju ja t\u00f5husust. Eelmise aasta suvel loodi Eesti Rahvusvaheline Arengukoost\u00f6\u00f6 Keskus eesm\u00e4rgiga t\u00f5hustada Eesti l\u00f5imimisprojektide rakendamist, kasvatada Eesti&nbsp;v\u00f5imekust rahvusvahelistes projektides osalemiseks ning koondada arengukoost\u00f6\u00f6 kommunikatsiooni,\u201c \u00fctles v\u00e4lisministeeriumi asekantsler Andres&nbsp;Rundu.<\/p>\n\n\n\n<p>K\u00fcsitlusest tuleb v\u00e4lja, et Eesti elanike teadlikkus arengukoost\u00f6\u00f6st ja selle tegevussuundadest on j\u00e4\u00e4nud ligikaudu samale tasemele, kui see oli 2021. aastal l\u00e4bi viidud uuringu andmetel. Seejuures hindavad v\u00e4hem kui 50% vastajatest oma teadmisi arengukoost\u00f6\u00f6st piisavalt heaks. Suurendamaks j\u00e4tkuvalt Eesti elanike teadlikkust arengukoost\u00f6\u00f6st ning Eesti rollist globaalse ja kestliku arengu edendamises, on teavitustegevuste ning maailmahariduse j\u00e4tkuv rahastamine kriitilise t\u00e4htsusega.<\/p>\n\n\n\n<p>Loe ka: <a href=\"https:\/\/heategu.goodnews.ee\/koos-on-kergem-i-eestlaste-toetus-riikliku-arengukoostoo-rahastamisele-tostmisele-on-oluliselt-tousnud\/\" target=\"_blank\" rel=\"noreferrer noopener\">https:\/\/heategu.goodnews.ee\/koos-on-kergem-i-eestlaste-toetus-riikliku-arengukoostoo-rahastamisele-tostmisele-on-oluliselt-tousnud\/<\/a><\/p>\n","protected":false},"excerpt":{"rendered":"<p>Arengukoost\u00f6\u00f6 \u00dcmarlaud korraldas 2022. aasta kevadel Eesti elanike hulgas arvamusk\u00fcsitluse arengukoost\u00f6\u00f6d puudutavate hoiakute ja teadmiste kohta. Arengukoost\u00f6\u00f6 ehk n\u00f6 arenguriikide&#8230;<\/p>\n","protected":false},"author":26,"featured_media":0,"comment_status":"open","ping_status":"open","sticky":false,"template":"","format":"standard","meta":{"_acf_changed":false,"footnotes":""},"categories":[48],"tags":[],"class_list":["post-14091","post","type-post","status-publish","format-standard","hentry","category-meediakajastused"],"acf":[],"_links":{"self":[{"href":"https:\/\/www.terveilm.ee\/leht\/wp-json\/wp\/v2\/posts\/14091","targetHints":{"allow":["GET"]}}],"collection":[{"href":"https:\/\/www.terveilm.ee\/leht\/wp-json\/wp\/v2\/posts"}],"about":[{"href":"https:\/\/www.terveilm.ee\/leht\/wp-json\/wp\/v2\/types\/post"}],"author":[{"embeddable":true,"href":"https:\/\/www.terveilm.ee\/leht\/wp-json\/wp\/v2\/users\/26"}],"replies":[{"embeddable":true,"href":"https:\/\/www.terveilm.ee\/leht\/wp-json\/wp\/v2\/comments?post=14091"}],"version-history":[{"count":1,"href":"https:\/\/www.terveilm.ee\/leht\/wp-json\/wp\/v2\/posts\/14091\/revisions"}],"predecessor-version":[{"id":14092,"href":"https:\/\/www.terveilm.ee\/leht\/wp-json\/wp\/v2\/posts\/14091\/revisions\/14092"}],"wp:attachment":[{"href":"https:\/\/www.terveilm.ee\/leht\/wp-json\/wp\/v2\/media?parent=14091"}],"wp:term":[{"taxonomy":"category","embeddable":true,"href":"https:\/\/www.terveilm.ee\/leht\/wp-json\/wp\/v2\/categories?post=14091"},{"taxonomy":"post_tag","embeddable":true,"href":"https:\/\/www.terveilm.ee\/leht\/wp-json\/wp\/v2\/tags?post=14091"}],"curies":[{"name":"wp","href":"https:\/\/api.w.org\/{rel}","templated":true}]}}