{"id":14154,"date":"2022-05-28T20:24:00","date_gmt":"2022-05-28T17:24:00","guid":{"rendered":"https:\/\/www.terveilm.ee\/leht\/?p=14154"},"modified":"2022-08-02T13:24:23","modified_gmt":"2022-08-02T10:24:23","slug":"madis-vasser-kui-keegi-vaidab-et-elektri-hind-laheb-tulevikus-odavamaks-siis-ta-valetab","status":"publish","type":"post","link":"https:\/\/www.terveilm.ee\/leht\/blogi\/madis-vasser-kui-keegi-vaidab-et-elektri-hind-laheb-tulevikus-odavamaks-siis-ta-valetab\/","title":{"rendered":"Madis Vasser: kui keegi v\u00e4idab, et elektri hind l\u00e4heb tulevikus odavamaks, siis ta valetab"},"content":{"rendered":"\n<p>Nii odavaks, kui elekter oli m\u00f6\u00f6dunud suvel, ei muutu see enam kunagi, r\u00e4\u00e4kis Madis Vasser saates \u201cRohep\u00f6\u00f6rane\u201d.<\/p>\n\n\n\n<p>J\u00e4rjekordses episoodis v\u00f5tsid saatejuhid Madis Vasser ja Mart Valner ette kaks suuremat teemat: energeetika tulevik ja Eesti Energia \u00f5litehasega seonduv.<\/p>\n\n\n\n<p>Riigil on hiljuti valminud uuring, kuidas Eesti saaks liikuda 2050. aastaks s\u00fcsinikuneutraalse energiatootmiseni. \u201e\u00dcks v\u00f5tmetulemus sealt oli, et \u00fcksk\u00f5ik mis stsenaariumi valime, elektrihinnad l\u00e4hevad kallimaks. Kui keegi v\u00e4idab, et elektri hind l\u00e4heb tulevikus odavamaks, siis ta valetab,\u201d r\u00e4\u00e4kis Madis Vasser. Mart Valner t\u00e4iendas, et siin peeti silmas odavat hinda, mis viimati oli eelmisel suvel, mis oli keskmiselt 30\u20ac MWh eest.<\/p>\n\n\n\n<p>Teine oluline tulemus oli, et k\u00f5igist kaheksast anal\u00fc\u00fcsitud stsenaariumist sai esikoha taastuvenergia ja salvestuslahenduste kombineerimine, t\u00f5i Vasser v\u00e4lja. Valner lisas, et selle eeldus on salvestustehnoloogiate edasi arendamine ja odavamaks muutumine.<\/p>\n\n\n\n<p>Vasseri s\u00f5nul oli k\u00f5ige mittesobivam stsenaariumi s\u00fcsinikup\u00fc\u00fcdmine, mis alguses oleks odavm, hiljem kallis ja l\u00f5puks j\u00e4taks meid energiakriisi. Selle stsenaariumi juures oli kirjas lihtsalt, et \u201cdoes not make sense,\u201d kirjeldas Valner.<\/p>\n\n\n\n<p><a href=\"https:\/\/roheportaal.delfi.ee\/artikkel\/120011610\/madis-vasser-kui-keegi-vaidab-et-elektri-hind-laheb-tulevikus-odavamaks-siis-ta-valetab\" target=\"_blank\" rel=\"noreferrer noopener\">Miks \u00fctlesid saatejuhid, et Eesti Energia t\u00f6\u00f6tab v\u00e4ljaspool seadusi ja millist saatust ennustavad nad keskkonnaminister Erki Savisaarele, kuula l\u00e4hemalt saatest<\/a>.<\/p>\n\n\n\n<p><\/p>\n","protected":false},"excerpt":{"rendered":"<p>Nii odavaks, kui elekter oli m\u00f6\u00f6dunud suvel, ei muutu see enam kunagi, r\u00e4\u00e4kis Madis Vasser saates \u201cRohep\u00f6\u00f6rane\u201d. J\u00e4rjekordses episoodis v\u00f5tsid&#8230;<\/p>\n","protected":false},"author":26,"featured_media":0,"comment_status":"open","ping_status":"open","sticky":false,"template":"","format":"standard","meta":{"_acf_changed":false,"footnotes":""},"categories":[48],"tags":[25,60],"class_list":["post-14154","post","type-post","status-publish","format-standard","hentry","category-meediakajastused","tag-kliimamuutused","tag-rohepoore"],"acf":[],"_links":{"self":[{"href":"https:\/\/www.terveilm.ee\/leht\/wp-json\/wp\/v2\/posts\/14154","targetHints":{"allow":["GET"]}}],"collection":[{"href":"https:\/\/www.terveilm.ee\/leht\/wp-json\/wp\/v2\/posts"}],"about":[{"href":"https:\/\/www.terveilm.ee\/leht\/wp-json\/wp\/v2\/types\/post"}],"author":[{"embeddable":true,"href":"https:\/\/www.terveilm.ee\/leht\/wp-json\/wp\/v2\/users\/26"}],"replies":[{"embeddable":true,"href":"https:\/\/www.terveilm.ee\/leht\/wp-json\/wp\/v2\/comments?post=14154"}],"version-history":[{"count":2,"href":"https:\/\/www.terveilm.ee\/leht\/wp-json\/wp\/v2\/posts\/14154\/revisions"}],"predecessor-version":[{"id":14212,"href":"https:\/\/www.terveilm.ee\/leht\/wp-json\/wp\/v2\/posts\/14154\/revisions\/14212"}],"wp:attachment":[{"href":"https:\/\/www.terveilm.ee\/leht\/wp-json\/wp\/v2\/media?parent=14154"}],"wp:term":[{"taxonomy":"category","embeddable":true,"href":"https:\/\/www.terveilm.ee\/leht\/wp-json\/wp\/v2\/categories?post=14154"},{"taxonomy":"post_tag","embeddable":true,"href":"https:\/\/www.terveilm.ee\/leht\/wp-json\/wp\/v2\/tags?post=14154"}],"curies":[{"name":"wp","href":"https:\/\/api.w.org\/{rel}","templated":true}]}}