{"id":14201,"date":"2022-08-01T22:56:45","date_gmt":"2022-08-01T19:56:45","guid":{"rendered":"https:\/\/www.terveilm.ee\/leht\/?p=14201"},"modified":"2022-08-01T22:57:45","modified_gmt":"2022-08-01T19:57:45","slug":"aku-liikmed-arvamusfestivalil","status":"publish","type":"post","link":"https:\/\/www.terveilm.ee\/leht\/blogi\/aku-liikmed-arvamusfestivalil\/","title":{"rendered":"AK\u00dc liikmed Arvamusfestivalil"},"content":{"rendered":"\n<p>Ka Arengukoost\u00f6\u00f6 \u00dcmarlaud ja meie liikmed on sel suvel Arvamusfestivalil esindatud.\u00a0<\/p>\n\n\n\n<p>Vaba\u00fchenduste Liidu eestvedamisel osaleme laup\u00e4eval, 13.08 kl 12:00 arutelus &#8220;Kes on strateegiline partner riigile?&#8221;. Arutelu keskendub strateegilisele partnerlusele kui avaliku ja kolmanda sektori koost\u00f6\u00f6vormile ning selle efektiivsusele. <\/p>\n\n\n\n<p>Arutelus osalevad Varje Ojala (Lastekaitse Liidu juht), Susanna Veevo (Arengukoost\u00f6\u00f6 \u00dcmarlaud), Kristi Vinter-Nemvalts (Haridus- ja Teadusministeeriumi kantsler). Arutelu juhib Sigrid Solnik. Arutelu toimub alal 14.\u00a0<\/p>\n\n\n\n<hr class=\"wp-block-separator has-alpha-channel-opacity\"\/>\n\n\n\n<p>Samuti laup\u00e4eval, 13.08 kl 14:00 toimub arutelu &#8220;Naised s\u00f5jas: ohvrid, s\u00f5durid, rahuehitajad?&#8221; alal nr 15. Arutelu l\u00e4htub Naised, rahu ja julgeoleku poliitikast ning selle rakendamisest Eestis, p\u00f5hinedes suuresti 2021. aastal Tallinna \u00dclikooli ja AK\u00dc poolt l\u00e4bi viidud uuringul. <\/p>\n\n\n\n<p>Arutelus osalevad Birgit Poopuu (teadur Tallinna \u00dclikoolis), Susanna Veevo (tegevjuht Arengukoost\u00f6\u00f6 \u00dcmarlauas), Helen Kaljul\u00e4te (n\u00f5unik Eesti alalises esinduses \u00dcRO juures), Oksana Potapova (Ukraina feminist ja aktivist) ja seda juhib Hille Hanso (ajakirjanik, anal\u00fc\u00fctik).\u00a0<\/p>\n\n\n\n<hr class=\"wp-block-separator has-alpha-channel-opacity\"\/>\n\n\n\n<p><a href=\"https:\/\/humanrights.ee\/\">Inim\u00f5iguste keskus<\/a> kutsub k\u00f5iki inim\u00f5iguste huvilisi 12. augustil kell 18.00<a href=\"https:\/\/arvamusfestival.ee\/\"> Arvamusfestival<\/a>i alale \u201cK\u00f5ik on kaasas!\u201d.<\/p>\n\n\n\n<p>Korraldame 10. s\u00fcnnip\u00e4eva t\u00e4histaval Arvamusfestivalil p\u00e4evakajalise arutelu pealkirjaga \u201cInim\u00f5igused kui piits ja pr\u00e4\u00e4nik\u201d. Arutleme, milline on inim\u00f5iguste olukord Eestis ja k\u00fcsime, kas inim\u00f5igused on meil piisavalt kaitstud. Lisaks jagame kuulajatega edulugusid inim\u00f5iguste eest seismisel.&nbsp;<\/p>\n\n\n\n<p>Viimastel aastatel on poliitikas toimuv, aga ka pandeemia ja s\u00f5da Ukrainas, olnud inim\u00f5igustele oluline lakmuspaber. Vaatamata turbulentsetele aegadele on inim\u00f5iguste valdkonnas siiski omajagu pika ajalooga konventsioone ja reegleid, mis peaks justkui tagama \u00fchised baasv\u00e4\u00e4rtused.<\/p>\n\n\n\n<p>Samas oleme pidevalt inim\u00f5iguste rikkumiste tunnistajateks ning n\u00e4eme, et erinevatel inimestel, huvigruppidel ja v\u00e4hemuste esindajatel on tihti \u00fcsna erinevad arusaamad, mis teemad kuuluvad \u00fcldse inim\u00f5iguste valdkonda ning kelle \u00f5igused v\u00e4\u00e4rivad kaitset. Inim\u00f5iguste austamine ja laiendamine toob enamasti kaasa rahumeelse kooseksisteerimise, kuid nende tagamist on v\u00f5imalik vaadelda ka piirangute perspektiivist, kasutades ehk isegi piitsa metafoori.<\/p>\n\n\n\n<p>Eraldi v\u00f5tame fookusesse viisid ja v\u00f5imalused, kuidas enda ja teiste \u00f5iguste eest seista. Jagame kogemusi meediat\u00f6\u00f6st, kohtusse p\u00f6\u00f6rdumisest nii Eesti kui Euroopa tasandil ja erinevatest huvikaitseviisidest.<\/p>\n\n\n\n<p>Arutelul osalevad Kertu Birgit Anton (kliima- ja keskkonnaaktivist), Steven Hristo Evestus (endine prokur\u00f6r, jurist), Meris Velling (vandeadvokaat) ja Krister Paris (ajakirjanik). Modereerib keskuse ekspert Kelly Grossthal.<\/p>\n\n\n\n<p>Link keskuse kodulehel olevale \u00fcrituse tutvustusele:<a href=\"https:\/\/humanrights.ee\/uritused\/arutelu-inimoigused-kui-piits-ja-praanik-arvamusfestivali-alal-koik-on-kaasas\/\"> https:\/\/humanrights.ee\/uritused\/arutelu-inimoigused-kui-piits-ja-praanik-arvamusfestivali-alal-koik-on-kaasas\/<\/a><\/p>\n\n\n\n<p>Lisaks palun m\u00e4rgi ennast meie<a href=\"https:\/\/www.facebook.com\/events\/742212510151873\/?acontext=%7B%22event_action_history%22%3A[%7B%22surface%22%3A%22page%22%7D]%7D\"> Facebooki evendil<\/a> tulijaks ning saada kutse ka s\u00f5brale!\u00a0<\/p>\n\n\n\n<hr class=\"wp-block-separator has-alpha-channel-opacity\"\/>\n\n\n\n<p><strong>Mondo v\u00f5tab Arvamusfestivalil fookusesse Ukraina pikema vaate<\/strong><\/p>\n\n\n\n<p>Arvamusfestivali Mondo vestlusringis &#8220;<a href=\"https:\/\/fb.me\/e\/3xTEWFmdD\">Vaade Ukrainast: mis saab edasi?<\/a>&#8221; r\u00e4\u00e4gime Ukrainas toimuvast \u2013 \u00fchiskondlikust traumast, humanitaarabi v\u00e4ljakutsetest ning eesseisvast \u00fclesehitust\u00f6\u00f6st. Vestluses osalevad Eestis visiidil olevad Mondo pikaaegse partneri Vostok SOSi humanitaarabit\u00f6\u00f6tajad Yulia Krasilnykova ja Oksana Kuiantseva, Eesti suursaadik Ukrainas Kaimo Kuusk ja Mondo Ukraina suuna juht Veronika Svi\u0161t\u0161. Vestlust juhib Jevgeni Ossinovski.&nbsp;<\/p>\n\n\n\n<p>Arutelu toimub 12. augustil kell 18:00 Paide Vallim\u00e4e Keskv\u00e4ljaku alal vene keeles, s\u00fcnkroont\u00f5lkega eesti keelde.<\/p>\n\n\n\n<hr class=\"wp-block-separator has-alpha-channel-opacity\"\/>\n\n\n\n<p><\/p>\n","protected":false},"excerpt":{"rendered":"<p>Ka Arengukoost\u00f6\u00f6 \u00dcmarlaud ja meie liikmed on sel suvel Arvamusfestivalil esindatud.\u00a0 Vaba\u00fchenduste Liidu eestvedamisel osaleme laup\u00e4eval, 13.08 kl 12:00 arutelus&#8230;<\/p>\n","protected":false},"author":26,"featured_media":14202,"comment_status":"open","ping_status":"open","sticky":false,"template":"","format":"standard","meta":{"_acf_changed":false,"footnotes":""},"categories":[3,7],"tags":[31,35,29],"class_list":["post-14201","post","type-post","status-publish","format-standard","has-post-thumbnail","hentry","category-blogi","category-uudised","tag-aku","tag-arengukoostoo","tag-sundmused"],"acf":[],"_links":{"self":[{"href":"https:\/\/www.terveilm.ee\/leht\/wp-json\/wp\/v2\/posts\/14201","targetHints":{"allow":["GET"]}}],"collection":[{"href":"https:\/\/www.terveilm.ee\/leht\/wp-json\/wp\/v2\/posts"}],"about":[{"href":"https:\/\/www.terveilm.ee\/leht\/wp-json\/wp\/v2\/types\/post"}],"author":[{"embeddable":true,"href":"https:\/\/www.terveilm.ee\/leht\/wp-json\/wp\/v2\/users\/26"}],"replies":[{"embeddable":true,"href":"https:\/\/www.terveilm.ee\/leht\/wp-json\/wp\/v2\/comments?post=14201"}],"version-history":[{"count":1,"href":"https:\/\/www.terveilm.ee\/leht\/wp-json\/wp\/v2\/posts\/14201\/revisions"}],"predecessor-version":[{"id":14204,"href":"https:\/\/www.terveilm.ee\/leht\/wp-json\/wp\/v2\/posts\/14201\/revisions\/14204"}],"wp:featuredmedia":[{"embeddable":true,"href":"https:\/\/www.terveilm.ee\/leht\/wp-json\/wp\/v2\/media\/14202"}],"wp:attachment":[{"href":"https:\/\/www.terveilm.ee\/leht\/wp-json\/wp\/v2\/media?parent=14201"}],"wp:term":[{"taxonomy":"category","embeddable":true,"href":"https:\/\/www.terveilm.ee\/leht\/wp-json\/wp\/v2\/categories?post=14201"},{"taxonomy":"post_tag","embeddable":true,"href":"https:\/\/www.terveilm.ee\/leht\/wp-json\/wp\/v2\/tags?post=14201"}],"curies":[{"name":"wp","href":"https:\/\/api.w.org\/{rel}","templated":true}]}}