{"id":14229,"date":"2022-08-11T12:03:38","date_gmt":"2022-08-11T09:03:38","guid":{"rendered":"https:\/\/www.terveilm.ee\/leht\/?p=14229"},"modified":"2022-08-11T12:16:17","modified_gmt":"2022-08-11T09:16:17","slug":"kliimakriis-on-sotsiaalne-kriis-cop27-peab-tooma-tulemusi%ef%bf%bc","status":"publish","type":"post","link":"https:\/\/www.terveilm.ee\/leht\/blogi\/kliimakriis-on-sotsiaalne-kriis-cop27-peab-tooma-tulemusi%ef%bf%bc\/","title":{"rendered":"Kliimakriis on sotsiaalne kriis: COP27 peab tooma tulemusi!\ufffc"},"content":{"rendered":"\n<p><a href=\"https:\/\/www.change.org\/p\/kliimakriis-on-sotsiaalne-kriis-cop27-peab-tooma-tulemusi\" target=\"_blank\" rel=\"noreferrer noopener\">Arengukoost\u00f6\u00f6 \u00dcmarlaud kutsub k\u00f5iki allkirjastama petitsiooni Change.org keskkonnas.<\/a><\/p>\n\n\n\n<p>Meie ees on \u00fched muutlikumad ajad t\u00e4nap\u00e4eval. K\u00f5ik \u00fctleb meile, et praegusel kursil j\u00e4tkamine on pikaajaline oht inimkonnale ja keskkonnale.&nbsp;<\/p>\n\n\n\n<p>Et tagada tulevik k\u00f5igile, on praegu aeg s\u00fcsteemseks muutuseks ja kliima\u00f5igluseks.<\/p>\n\n\n\n<figure class=\"wp-block-embed is-type-video is-provider-youtube wp-block-embed-youtube wp-embed-aspect-16-9 wp-has-aspect-ratio\"><div class=\"wp-block-embed__wrapper\">\n<iframe loading=\"lazy\" title=\"#ClimateOfChange: a campaign for global climate justice\" width=\"500\" height=\"281\" src=\"https:\/\/www.youtube.com\/embed\/Dd2RtbZU-YU?feature=oembed\" frameborder=\"0\" allow=\"accelerometer; autoplay; clipboard-write; encrypted-media; gyroscope; picture-in-picture; web-share\" referrerpolicy=\"strict-origin-when-cross-origin\" allowfullscreen><\/iframe>\n<\/div><\/figure>\n\n\n\n<p>Kliimakonverents COP27 toimub Egiptuses 2022. aasta novembris ja seal osalevad k\u00f5ikide riikide liidrid, et v\u00f5idelda kliimakriisiga ja rajada tee globaalsele \u00f5iglusele. Me peame oma h\u00e4\u00e4led kuuldavaks tegema!&nbsp;<\/p>\n\n\n\n<p>Kliimamuutused panevad iga aasta umbes 20 miljonit inimest oma kodudest lahkuma. Meie praegune majanduss\u00fcsteem, mis p\u00f5hineb tugevalt fossiilk\u00fctustel ja kaevandustel, on selle keskkonna kokkuvarisemise keskmes ning p\u00f5hjustab praeguseid ning tulevasi konflikte. Me ei saa eraldada majandust ja kliimat &#8211; need teemad on seotud ja nendega tuleb tegeleda korraga.&nbsp;<\/p>\n\n\n\n<p>Poliitikategijad peavad need punktid \u00fchendama ja aitama liikuda \u00f5iglase ning j\u00e4tkusuutliku tuleviku poole. Liikuma heaolu ja rahu suunas. COP 27 l\u00e4henedes n\u00f5uame me Euroopa Komisjoni president Ursula von der Leyeni k\u00e4est, et:<\/p>\n\n\n\n<ol class=\"wp-block-list\"><li><strong>Globaalne soojenemine tuleb hoida alla 1.5\u00b0C<\/strong>&nbsp;saavutades Euroopa Liidu kliimaneutraalsuse eesm\u00e4rgid 2040.a., kiirendades \u00fcleminekut rohelise energia suunas ja fossiilk\u00fctuste rahastamise l\u00f5petamist;<\/li><li>Muutust&nbsp;<strong>sotsiaalse ja \u00f6koloogilise heaolu suunas<\/strong>, riikide m\u00f5\u00f5tmist, mitte ainult SKP j\u00e4rgi ning kogukondade ja looduse vajaduste t\u00f5stmist korporatsioonidest ette;<\/li><li><strong>Kliimap\u00f5genike kaitsmist l\u00e4bi inim\u00f5igustep\u00f5hise migratsioonipoliitika<\/strong>&nbsp;ning k\u00f5ige haavatavamate kogukondade toetamise finantsilise ja tehnoloogilise abiga;<\/li><li><strong>Noorte osalemise t\u00f5stmist<\/strong>, et integreerida alt-\u00fcles vaateid ja n\u00e4gemust poliitilistesse otsustesse ja noortekogude loomist Euroopa Liidus ja liikmesriikides.<\/li><\/ol>\n\n\n\n<p><br>Selles omavahel \u00fchenduses olevas maailmas on meil j\u00f5ud, et olla osa muutusest. Sinu allkiri on asendamatu tegemaks kliima\u00f5iglust COP27 oluliseks osaks. N\u00e4itame tulevikku, mida me tahame oma planeedile ja inimestele &#8211; \u00f5itsvat tulevikku k\u00f5igile.&nbsp;<strong>K\u00f5ik see algab sinu allkirjast! #ClimateOfChange<\/strong><\/p>\n","protected":false},"excerpt":{"rendered":"<p>Arengukoost\u00f6\u00f6 \u00dcmarlaud kutsub k\u00f5iki allkirjastama petitsiooni Change.org keskkonnas. Meie ees on \u00fched muutlikumad ajad t\u00e4nap\u00e4eval. K\u00f5ik \u00fctleb meile, et praegusel&#8230;<\/p>\n","protected":false},"author":26,"featured_media":14230,"comment_status":"open","ping_status":"open","sticky":false,"template":"","format":"standard","meta":{"_acf_changed":false,"footnotes":""},"categories":[3,7],"tags":[31,25,29],"class_list":["post-14229","post","type-post","status-publish","format-standard","has-post-thumbnail","hentry","category-blogi","category-uudised","tag-aku","tag-kliimamuutused","tag-sundmused"],"acf":[],"_links":{"self":[{"href":"https:\/\/www.terveilm.ee\/leht\/wp-json\/wp\/v2\/posts\/14229","targetHints":{"allow":["GET"]}}],"collection":[{"href":"https:\/\/www.terveilm.ee\/leht\/wp-json\/wp\/v2\/posts"}],"about":[{"href":"https:\/\/www.terveilm.ee\/leht\/wp-json\/wp\/v2\/types\/post"}],"author":[{"embeddable":true,"href":"https:\/\/www.terveilm.ee\/leht\/wp-json\/wp\/v2\/users\/26"}],"replies":[{"embeddable":true,"href":"https:\/\/www.terveilm.ee\/leht\/wp-json\/wp\/v2\/comments?post=14229"}],"version-history":[{"count":2,"href":"https:\/\/www.terveilm.ee\/leht\/wp-json\/wp\/v2\/posts\/14229\/revisions"}],"predecessor-version":[{"id":14235,"href":"https:\/\/www.terveilm.ee\/leht\/wp-json\/wp\/v2\/posts\/14229\/revisions\/14235"}],"wp:featuredmedia":[{"embeddable":true,"href":"https:\/\/www.terveilm.ee\/leht\/wp-json\/wp\/v2\/media\/14230"}],"wp:attachment":[{"href":"https:\/\/www.terveilm.ee\/leht\/wp-json\/wp\/v2\/media?parent=14229"}],"wp:term":[{"taxonomy":"category","embeddable":true,"href":"https:\/\/www.terveilm.ee\/leht\/wp-json\/wp\/v2\/categories?post=14229"},{"taxonomy":"post_tag","embeddable":true,"href":"https:\/\/www.terveilm.ee\/leht\/wp-json\/wp\/v2\/tags?post=14229"}],"curies":[{"name":"wp","href":"https:\/\/api.w.org\/{rel}","templated":true}]}}