{"id":14276,"date":"2022-08-17T12:48:00","date_gmt":"2022-08-17T09:48:00","guid":{"rendered":"https:\/\/www.terveilm.ee\/leht\/?p=14276"},"modified":"2022-10-05T11:05:08","modified_gmt":"2022-10-05T08:05:08","slug":"madis-vasser-elektriturureform-peataks-taastuvenergiale-ulemineku-ja-naelutaks-meid-kalli-polevkivi-ruppe","status":"publish","type":"post","link":"https:\/\/www.terveilm.ee\/leht\/blogi\/madis-vasser-elektriturureform-peataks-taastuvenergiale-ulemineku-ja-naelutaks-meid-kalli-polevkivi-ruppe\/","title":{"rendered":"Madis Vasser: elektriturureform peataks taastuvenergiale \u00fclemineku ja naelutaks meid kalli p\u00f5levkivi r\u00fcppe"},"content":{"rendered":"\n<p>Kui elektrireform l\u00e4bi viia, ei ehitata enam tuuleparke, arvas taskuh\u00e4\u00e4lingu \u201eRohep\u00f6\u00f6rane\u201c saatejuht Madis Vasser viimases episoodis.<\/p>\n\n\n\n<p>Elektriturureformiga pannakse riigiettev\u00f5ttele Eesti Energiale kohustus m\u00fc\u00fca alates selle aasta oktoobrist elektrit Eesti kodutarbijatele ja k\u00f5igile elektri edasim\u00fc\u00fcjatele ka universaalteenusena, r\u00e4\u00e4kis hiljuti&nbsp;<a href=\"https:\/\/arileht.delfi.ee\/artikkel\/120048582\/intervjuu-lekkis-elektriturureformi-dokument-minister-meil-on-vaga-vaga-kiire\" target=\"_blank\" rel=\"noreferrer noopener\">\u00c4rilehele<\/a>&nbsp;ettev\u00f5tlus- ja infotehnoloogiaminister Kristjan J\u00e4rvan.<\/p>\n\n\n\n<p>Madis Vasseri hinnangul on elektriturureform praeguse info kohaselt ettepanek, et k\u00f5ik inimesed l\u00e4heksid tagasi p\u00f5levkivielektri peale. Ta ennustab, et reformi l\u00e4bi viies kasutame ka k\u00fcmne aasta p\u00e4rast endiselt p\u00f5levkivielektrit.<\/p>\n\n\n\n<p>Miks nii? P\u00f5hjus on Vasseri arvates selles, et k\u00f5igist teistest allikatest energia tootmine tehakse niiv\u00f5rd keeruliseks ja surutakse turult v\u00e4lja. \u201eTuulikuid ei ole enam m\u00f5tet ehitada, sest riik pakub inimestele v\u00e4ga odavalt midagi muud,\u201c r\u00e4\u00e4kis ta.<\/p>\n\n\n\n<p>Kuula saatest, mida soovitavad saatejuhid Madis Vasser ja Mart Valner reformi asemel riigil teha.<\/p>\n\n\n\n<p>Kuula saadet: <a href=\"https:\/\/roheportaal.delfi.ee\/artikkel\/120052426\/madis-vasser-elektriturureform-peataks-taastuvenergiale-ulemineku-ja-naelutaks-meid-kalli-polevkivi-ruppe\" target=\"_blank\" rel=\"noreferrer noopener\">https:\/\/roheportaal.delfi.ee\/artikkel\/120052426\/madis-vasser-elektriturureform-peataks-taastuvenergiale-ulemineku-ja-naelutaks-meid-kalli-polevkivi-ruppe<\/a><\/p>\n","protected":false},"excerpt":{"rendered":"<p>Kui elektrireform l\u00e4bi viia, ei ehitata enam tuuleparke, arvas taskuh\u00e4\u00e4lingu \u201eRohep\u00f6\u00f6rane\u201c saatejuht Madis Vasser viimases episoodis. Elektriturureformiga pannakse riigiettev\u00f5ttele Eesti&#8230;<\/p>\n","protected":false},"author":26,"featured_media":0,"comment_status":"open","ping_status":"open","sticky":false,"template":"","format":"standard","meta":{"_acf_changed":false,"footnotes":""},"categories":[48],"tags":[60],"class_list":["post-14276","post","type-post","status-publish","format-standard","hentry","category-meediakajastused","tag-rohepoore"],"acf":[],"_links":{"self":[{"href":"https:\/\/www.terveilm.ee\/leht\/wp-json\/wp\/v2\/posts\/14276","targetHints":{"allow":["GET"]}}],"collection":[{"href":"https:\/\/www.terveilm.ee\/leht\/wp-json\/wp\/v2\/posts"}],"about":[{"href":"https:\/\/www.terveilm.ee\/leht\/wp-json\/wp\/v2\/types\/post"}],"author":[{"embeddable":true,"href":"https:\/\/www.terveilm.ee\/leht\/wp-json\/wp\/v2\/users\/26"}],"replies":[{"embeddable":true,"href":"https:\/\/www.terveilm.ee\/leht\/wp-json\/wp\/v2\/comments?post=14276"}],"version-history":[{"count":1,"href":"https:\/\/www.terveilm.ee\/leht\/wp-json\/wp\/v2\/posts\/14276\/revisions"}],"predecessor-version":[{"id":14277,"href":"https:\/\/www.terveilm.ee\/leht\/wp-json\/wp\/v2\/posts\/14276\/revisions\/14277"}],"wp:attachment":[{"href":"https:\/\/www.terveilm.ee\/leht\/wp-json\/wp\/v2\/media?parent=14276"}],"wp:term":[{"taxonomy":"category","embeddable":true,"href":"https:\/\/www.terveilm.ee\/leht\/wp-json\/wp\/v2\/categories?post=14276"},{"taxonomy":"post_tag","embeddable":true,"href":"https:\/\/www.terveilm.ee\/leht\/wp-json\/wp\/v2\/tags?post=14276"}],"curies":[{"name":"wp","href":"https:\/\/api.w.org\/{rel}","templated":true}]}}