{"id":14420,"date":"2022-11-24T16:08:31","date_gmt":"2022-11-24T14:08:31","guid":{"rendered":"https:\/\/www.terveilm.ee\/leht\/?p=14420"},"modified":"2022-11-24T16:08:51","modified_gmt":"2022-11-24T14:08:51","slug":"elf-kutsub-metsaomanikke-loodusele-kingitust-tegema%ef%bf%bc","status":"publish","type":"post","link":"https:\/\/www.terveilm.ee\/leht\/blogi\/elf-kutsub-metsaomanikke-loodusele-kingitust-tegema%ef%bf%bc\/","title":{"rendered":"ELF kutsub metsaomanikke loodusele kingitust tegema"},"content":{"rendered":"\n<p>Eestimaa Looduse Fond (ELF) k\u00e4ivitas sel n\u00e4dalal algatuse \u201eMets tahab vanaks elada\u201d, millega kutsutakse \u00fcles metsaomanikke j\u00e4tma osa metsa majandamata kingitusena loodusele ja elurikkusele.<br><strong><br><\/strong>Metsa v\u00f5ib majandada mitmeti. Igas majandusmetsas v\u00f5iks aga olla piirkondi, mis saavad areneda omasoodu &#8211; mida \u201cmajandab\u201d loodus ise ilma inimese sekkumiseta. Vanad, looduslikud metsad on t\u00f5elised elurikkuse oaasid ning pakuvad pelgupaika haruldastele liikidele, kes mujal ellu ei j\u00e4\u00e4. Paraku on hakanud meie loodus ja metsad intensiivse majandamise t\u00f5ttu hoogsalt vaesemaks j\u00e4\u00e4ma. Mida suurem on vanade metsade v\u00f5rgustik meie maastikus, seda paremini k\u00e4ib looduse, sealhulgas inimese k\u00e4si.<br><br>Metsaomanikud saavad vanade metsade elustiku p\u00fcsimisele kaasa aidata, hoides teadlikult m\u00f5ni metsaosa majandamata. Looduss\u00f5braliku metsanduse kodulehel leiab soovitusi, kuidas valida metsaosad, mida puutumatuna hoida. Loe <a href=\"http:\/\/www.metsaomanikule.ee\/kink-loodusele\" target=\"_blank\" rel=\"noreferrer noopener\">www.metsaomanikule.ee\/kink-loodusele<\/a><br><br>Eestis leidub juba praegu palju metsaomanikke, kes majandavad oma metsa looduss\u00f5bralikult ning on otsustanud j\u00e4tta osa v\u00f5i terve oma metsa loodusele ehk seda mitte majandada. ELF palus kuuel metsaomanikul jagada oma metsa lugu. <strong>Videolugusid n\u00e4eb siin: <a href=\"http:\/\/www.elfond.ee\/margatudmetsas\/videolood\" target=\"_blank\" rel=\"noreferrer noopener\">www.elfond.ee\/margatudmetsas\/videolood<\/a><\/strong><\/p>\n\n\n\n<p><strong><br><\/strong>Vanale metsale p\u00fchendatud algatuses on oodatud kaasa l\u00f6\u00f6ma ka p\u00f5hikooli klassid. Selleks on valminud temaatilised animatsioonid, metsaviktoriin ning osaleda saab<strong> <\/strong><strong>kollaa\u017eiv\u00f5istlusel \u201cVana mets on nagu muinasjutt\u201d. <\/strong>Osalejate seast valitakse v\u00e4lja kaks klassi, kes saavad minna tuleval kevadel koos metsaeksperdiga vanasse metsa \u00f5ppereisile. Rohkem infot: <a href=\"http:\/\/www.elfond.ee\/margatudmetsas\/koolidele\" target=\"_blank\" rel=\"noreferrer noopener\">www.elfond.ee\/margatudmetsas\/koolidele<\/a><br><\/p>\n\n\n\n<p><strong>Rohkem infot:<\/strong><a href=\"http:\/\/www.elfond.ee\/margatudmetsas\" target=\"_blank\" rel=\"noreferrer noopener\">www.elfond.ee\/margatudmetsas<\/a><\/p>\n","protected":false},"excerpt":{"rendered":"<p>Eestimaa Looduse Fond (ELF) k\u00e4ivitas sel n\u00e4dalal algatuse \u201eMets tahab vanaks elada\u201d, millega kutsutakse \u00fcles metsaomanikke j\u00e4tma osa metsa majandamata&#8230;<\/p>\n","protected":false},"author":26,"featured_media":0,"comment_status":"open","ping_status":"open","sticky":false,"template":"","format":"standard","meta":{"_acf_changed":false,"footnotes":""},"categories":[7],"tags":[26],"class_list":["post-14420","post","type-post","status-publish","format-standard","hentry","category-uudised","tag-loodushoid"],"acf":[],"_links":{"self":[{"href":"https:\/\/www.terveilm.ee\/leht\/wp-json\/wp\/v2\/posts\/14420","targetHints":{"allow":["GET"]}}],"collection":[{"href":"https:\/\/www.terveilm.ee\/leht\/wp-json\/wp\/v2\/posts"}],"about":[{"href":"https:\/\/www.terveilm.ee\/leht\/wp-json\/wp\/v2\/types\/post"}],"author":[{"embeddable":true,"href":"https:\/\/www.terveilm.ee\/leht\/wp-json\/wp\/v2\/users\/26"}],"replies":[{"embeddable":true,"href":"https:\/\/www.terveilm.ee\/leht\/wp-json\/wp\/v2\/comments?post=14420"}],"version-history":[{"count":2,"href":"https:\/\/www.terveilm.ee\/leht\/wp-json\/wp\/v2\/posts\/14420\/revisions"}],"predecessor-version":[{"id":14424,"href":"https:\/\/www.terveilm.ee\/leht\/wp-json\/wp\/v2\/posts\/14420\/revisions\/14424"}],"wp:attachment":[{"href":"https:\/\/www.terveilm.ee\/leht\/wp-json\/wp\/v2\/media?parent=14420"}],"wp:term":[{"taxonomy":"category","embeddable":true,"href":"https:\/\/www.terveilm.ee\/leht\/wp-json\/wp\/v2\/categories?post=14420"},{"taxonomy":"post_tag","embeddable":true,"href":"https:\/\/www.terveilm.ee\/leht\/wp-json\/wp\/v2\/tags?post=14420"}],"curies":[{"name":"wp","href":"https:\/\/api.w.org\/{rel}","templated":true}]}}