{"id":14434,"date":"2022-11-26T23:28:00","date_gmt":"2022-11-26T21:28:00","guid":{"rendered":"https:\/\/www.terveilm.ee\/leht\/?p=14434"},"modified":"2023-02-14T23:16:00","modified_gmt":"2023-02-14T21:16:00","slug":"rohepoorane-jalgpalli-mmi-tekitatud-kahju-huvitamiseks-peaks-katar-dzungli-ehitama","status":"publish","type":"post","link":"https:\/\/www.terveilm.ee\/leht\/blogi\/rohepoorane-jalgpalli-mmi-tekitatud-kahju-huvitamiseks-peaks-katar-dzungli-ehitama\/","title":{"rendered":"Rohep\u00f6\u00f6rane: jalgpalli MMi tekitatud kahju h\u00fcvitamiseks peaks Katar d\u017eungli ehitama"},"content":{"rendered":"\n<p>\u201eRohep\u00f6\u00f6rane\u201c taskuh\u00e4\u00e4lingu viimases episoodis v\u00f5tsid saatejuhid fookusesse suurs\u00fcndmused L\u00e4his-Idas: l\u00f5ppenud kliimak\u00f5nelused ja k\u00e4imasoleva jalgpalli MM.<\/p>\n\n\n\n<p>Sel n\u00e4dalal kirjutas Eesti P\u00e4evaleht, et Kataris toimuv jalgpalli MM haiseb laastava keskkonnam\u00f5ju j\u00e4rele. \u201eRohep\u00f6\u00f6rane\u201c saatejuhid Mart Valner ja Madis Vasser arutasid samuti suur\u00fcrituse jalaj\u00e4lje \u00fcle, juhtisid t\u00e4helepanu asjaolule, et s\u00f5ltumatute hindajate arvates on MMi emissioonide hulk tunduvalt suurem kui FIFA ise on v\u00e4lja toonud. Vasser hinnangul peab Katar d\u017eungli istutama, et tekitatud emissioonid oleks v\u00f5imalik kompenseerida.<\/p>\n\n\n\n<p>Saatejuhid arutasid ka hiljuti Egiptuses l\u00f5ppenud \u00dcRO 27. kliimak\u00f5neluste tulemuste \u00fcle ja pidid nentima, et Eesti keskkonna\u00fchendused enam \u00dcRO kliimak\u00f5nelusi v\u00e4ga agaralt ei j\u00e4lgi. Valner selgitas, et p\u00e4rast \u00fcrituse l\u00f5ppu otsiti tikutulega taga keskkonnaeksperti, kes \u00fcrituse tulemusi kommenteeriks. Vasseri s\u00f5nul ei olnud tema ka valmis kommenteerima, sest loobus k\u00f5neluste j\u00e4lgimisest peale eelmisel aastal Glasgow\u2019s toimunud konverentsi, sest v\u00e4idetavalt oli too viimane v\u00f5imalus katastroof \u00e4ra hoida, aga \u00fcritus kukkus l\u00e4bi.<\/p>\n\n\n\n<p><a href=\"https:\/\/roheportaal.delfi.ee\/artikkel\/120104952\/madis-vasser-jalgpalli-mmi-tekitatud-kahju-huvitamiseks-peaks-katar-dzungli-ehitama\" target=\"_blank\" rel=\"noreferrer noopener\">Miks on saatejuhid m\u00f5lema L\u00e4his-Ida s\u00fcndmuse osas \u00e4\u00e4rmiselt kriitilised, kuula saatest.<\/a><\/p>\n","protected":false},"excerpt":{"rendered":"<p>\u201eRohep\u00f6\u00f6rane\u201c taskuh\u00e4\u00e4lingu viimases episoodis v\u00f5tsid saatejuhid fookusesse suurs\u00fcndmused L\u00e4his-Idas: l\u00f5ppenud kliimak\u00f5nelused ja k\u00e4imasoleva jalgpalli MM. Sel n\u00e4dalal kirjutas Eesti P\u00e4evaleht,&#8230;<\/p>\n","protected":false},"author":26,"featured_media":0,"comment_status":"open","ping_status":"open","sticky":false,"template":"","format":"standard","meta":{"_acf_changed":false,"footnotes":""},"categories":[48],"tags":[60],"class_list":["post-14434","post","type-post","status-publish","format-standard","hentry","category-meediakajastused","tag-rohepoore"],"acf":[],"_links":{"self":[{"href":"https:\/\/www.terveilm.ee\/leht\/wp-json\/wp\/v2\/posts\/14434","targetHints":{"allow":["GET"]}}],"collection":[{"href":"https:\/\/www.terveilm.ee\/leht\/wp-json\/wp\/v2\/posts"}],"about":[{"href":"https:\/\/www.terveilm.ee\/leht\/wp-json\/wp\/v2\/types\/post"}],"author":[{"embeddable":true,"href":"https:\/\/www.terveilm.ee\/leht\/wp-json\/wp\/v2\/users\/26"}],"replies":[{"embeddable":true,"href":"https:\/\/www.terveilm.ee\/leht\/wp-json\/wp\/v2\/comments?post=14434"}],"version-history":[{"count":2,"href":"https:\/\/www.terveilm.ee\/leht\/wp-json\/wp\/v2\/posts\/14434\/revisions"}],"predecessor-version":[{"id":14654,"href":"https:\/\/www.terveilm.ee\/leht\/wp-json\/wp\/v2\/posts\/14434\/revisions\/14654"}],"wp:attachment":[{"href":"https:\/\/www.terveilm.ee\/leht\/wp-json\/wp\/v2\/media?parent=14434"}],"wp:term":[{"taxonomy":"category","embeddable":true,"href":"https:\/\/www.terveilm.ee\/leht\/wp-json\/wp\/v2\/categories?post=14434"},{"taxonomy":"post_tag","embeddable":true,"href":"https:\/\/www.terveilm.ee\/leht\/wp-json\/wp\/v2\/tags?post=14434"}],"curies":[{"name":"wp","href":"https:\/\/api.w.org\/{rel}","templated":true}]}}