{"id":14509,"date":"2023-01-07T23:13:00","date_gmt":"2023-01-07T21:13:00","guid":{"rendered":"https:\/\/www.terveilm.ee\/leht\/?p=14509"},"modified":"2023-01-08T23:14:59","modified_gmt":"2023-01-08T21:14:59","slug":"madis-kallas-vaiksem-raiemaht-tookohti-ei-rooviks-liigne-raiumine-aga-kull","status":"publish","type":"post","link":"https:\/\/www.terveilm.ee\/leht\/blogi\/madis-kallas-vaiksem-raiemaht-tookohti-ei-rooviks-liigne-raiumine-aga-kull\/","title":{"rendered":"Madis Kallas: v\u00e4iksem raiemaht t\u00f6\u00f6kohti ei r\u00f6\u00f6viks, liigne raiumine aga k\u00fcll\u00a0"},"content":{"rendered":"\n<p>Keskkonnaminister Madis Kallas vastas v\u00e4rskes \u201eRohep\u00f6\u00f6rane\u201c taskuh\u00e4\u00e4lingu episoodis k\u00f5ikidele painavatele k\u00fcsimustele, mis puudutavad Eesti metsa tulevikku.<\/p>\n\n\n\n<p>\u201eRohep\u00f6\u00f6rane\u201c saatejuhid Madis Vasser ja Mart Valner uurisid alustuseks keskkonnaminister Madis Kallase k\u00e4est, mis seis on pikalt vindunud&nbsp;<a href=\"https:\/\/www.delfi.ee\/teema\/73657299\" rel=\"noreferrer noopener\" target=\"_blank\">metsanduse arengukavaga<\/a>. Kallas r\u00e4\u00e4kis, et ministeeriumi poolt on see v\u00e4lja saadetud ning j\u00e4rgmisel n\u00e4dalal toimuvad kohtumised Isamaa ja Reformierakonna fraktsiooniga.<\/p>\n\n\n\n<p>\u201eKui saavutame \u00fcksteise m\u00f5istmise, et selle arengukavade saame edasi minna, on arengukava j\u00e4rgmisel n\u00e4dalal valitsuse laual ja liigub sealt edasi riigikokku. Ma kahtlustan, et arengukava v\u00f5ib j\u00e4\u00e4da selle riigikogu mandaadiga vastu v\u00f5tmata,\u201c selgitas Kallas.<\/p>\n\n\n\n<p>Raiemahu paika panemisel l\u00e4htus ministeerium uuringutest, sest nagu Kallas v\u00e4lja t\u00f5i, mets enda eest r\u00e4\u00e4kida ei saa. Ta selgitas, et t\u00f6\u00f6stusele ei ole v\u00f5imalik rohkem j\u00e4releandmisi teha, vaid tuleb liikuda just\u00a0<a rel=\"noreferrer noopener\" href=\"https:\/\/www.delfi.ee\/teema\/75091179\" target=\"_blank\">elurikkuse<\/a>\u00a0poole. Lisaks ajas Kallase s\u00f5nul t\u00f6\u00f6stust \u00e4revaks asjaolu, et arengukava kolm uut eesm\u00e4rki \u00fctlevad, et kava peab tagama elurikkuse, metsa \u00f6kos\u00fcsteemi ja kliimaeesm\u00e4rkide t\u00e4itmine.<\/p>\n\n\n\n<p>Miks ei t\u00e4henda raiemahu v\u00e4henemine ministri s\u00f5nul t\u00f6\u00f6kohtade kadumist, kuula saatest.<\/p>\n\n\n\n<p><em>Oma igap\u00e4evat\u00f6\u00f6s tegeleb Madis Vasser energeetika- ja kliimateemadega keskkonna\u00fchenduses Eesti Roheline Liikumine ja Mart Valner tegutseb keskkonna- ja kliimavaldkonna huvikaitseeksperdina Arengukoost\u00f6\u00f6 \u00dcmarlauas.<\/em><\/p>\n\n\n\n<p><a href=\"https:\/\/roheportaal.delfi.ee\/artikkel\/120124310\/madis-kallas-vaiksem-raiemaht-tookohti-ei-rooviks-liigne-raiumine-aga-kull\" target=\"_blank\" rel=\"noreferrer noopener\">Kuula saadet Delfi taskust<\/a><\/p>\n","protected":false},"excerpt":{"rendered":"<p>Keskkonnaminister Madis Kallas vastas v\u00e4rskes \u201eRohep\u00f6\u00f6rane\u201c taskuh\u00e4\u00e4lingu episoodis k\u00f5ikidele painavatele k\u00fcsimustele, mis puudutavad Eesti metsa tulevikku. \u201eRohep\u00f6\u00f6rane\u201c saatejuhid Madis Vasser&#8230;<\/p>\n","protected":false},"author":26,"featured_media":0,"comment_status":"open","ping_status":"open","sticky":false,"template":"","format":"standard","meta":{"_acf_changed":false,"footnotes":""},"categories":[48],"tags":[60],"class_list":["post-14509","post","type-post","status-publish","format-standard","hentry","category-meediakajastused","tag-rohepoore"],"acf":[],"_links":{"self":[{"href":"https:\/\/www.terveilm.ee\/leht\/wp-json\/wp\/v2\/posts\/14509","targetHints":{"allow":["GET"]}}],"collection":[{"href":"https:\/\/www.terveilm.ee\/leht\/wp-json\/wp\/v2\/posts"}],"about":[{"href":"https:\/\/www.terveilm.ee\/leht\/wp-json\/wp\/v2\/types\/post"}],"author":[{"embeddable":true,"href":"https:\/\/www.terveilm.ee\/leht\/wp-json\/wp\/v2\/users\/26"}],"replies":[{"embeddable":true,"href":"https:\/\/www.terveilm.ee\/leht\/wp-json\/wp\/v2\/comments?post=14509"}],"version-history":[{"count":1,"href":"https:\/\/www.terveilm.ee\/leht\/wp-json\/wp\/v2\/posts\/14509\/revisions"}],"predecessor-version":[{"id":14510,"href":"https:\/\/www.terveilm.ee\/leht\/wp-json\/wp\/v2\/posts\/14509\/revisions\/14510"}],"wp:attachment":[{"href":"https:\/\/www.terveilm.ee\/leht\/wp-json\/wp\/v2\/media?parent=14509"}],"wp:term":[{"taxonomy":"category","embeddable":true,"href":"https:\/\/www.terveilm.ee\/leht\/wp-json\/wp\/v2\/categories?post=14509"},{"taxonomy":"post_tag","embeddable":true,"href":"https:\/\/www.terveilm.ee\/leht\/wp-json\/wp\/v2\/tags?post=14509"}],"curies":[{"name":"wp","href":"https:\/\/api.w.org\/{rel}","templated":true}]}}